{"id":694507,"date":"2026-01-28T07:53:12","date_gmt":"2026-01-28T07:53:12","guid":{"rendered":"https:\/\/www.europesays.com\/fr\/694507\/"},"modified":"2026-01-28T07:53:12","modified_gmt":"2026-01-28T07:53:12","slug":"et-pendant-ce-temps-la-pauline-roussin-bouchard-se-prepare-darrache-pied","status":"publish","type":"post","link":"https:\/\/www.europesays.com\/fr\/694507\/","title":{"rendered":"Et pendant ce temps-l\u00e0\u2026 Pauline Roussin-Bouchard se pr\u00e9pare d\u2019arrache-pied"},"content":{"rendered":"<p>\t\t\t\t\t\t<img width=\"770\" height=\"556\" src=\"https:\/\/www.europesays.com\/fr\/wp-content\/uploads\/2026\/01\/prb-marathon-770x556.jpg\" class=\"img-responsive wp-post-image\" alt=\"Pauline Roussin-Bouchard marathon\" decoding=\"async\" fetchpriority=\"high\"  \/>\t\t\t\t\t<\/p>\n<p>\t\t\t\t\t\t Partager cet article <\/p>\n<p class=\"screen-reader-text juiz_sps_maybe_hidden_text\">Partager la publication \u00ab\u00a0Et pendant ce temps-l\u00e0\u2026 Pauline Roussin-Bouchard se pr\u00e9pare d\u2019arrache-pied\u00a0\u00bb<\/p>\n<p><strong>Pauline Roussin-Bouchard n\u2019est pas pr\u00e9sente au tournoi d\u2019ouverture du LPGA Tour cette semaine, mais elle pr\u00e9pare le d\u00e9but de saison \u00e0 sa fa\u00e7on, et notamment en courant son premier marathon\u00a0!<br \/>&#13;<br \/>\n\u00a0<\/strong><\/p>\n<p><strong>Pauline Roussin-Bouchard<\/strong> n\u2019est pas au <strong>Hilton Grand Vacations Tournament of Champions<\/strong>, qui r\u00e9unit les laur\u00e9ates des deux derni\u00e8res saisons cette semaine. Mais cela ne veut pas dire qu\u2019elle ne pr\u00e9pare pas la saison \u00e0 venir, bien au contraire\u00a0!<\/p>\n<p>Elle en a dit un peu plus sur son programme dimanche sur Instagram, \u00e0 l\u2019issue de son premier marathon disput\u00e9 dans la ville de Celebration en Floride.<\/p>\n<blockquote data-service=\"instagram\" data-category=\"marketing\" data-placeholder-image=\"https:\/\/www.golfplanete.com\/wp-content\/plugins\/complianz-gdpr-premium\/assets\/images\/placeholders\/instagram-minimal.jpg\" class=\"cmplz-placeholder-element instagram-media\" style=\"background: #FFF; border: 0; border-radius: 3px; box-shadow: 0 0 1px 0 rgba(0,0,0,0.5),0 1px 10px 0 rgba(0,0,0,0.15); margin: 1px; max-width: 540px; min-width: 326px; padding: 0; width: calc(100% - 2px);\" data-instgrm-captioned=\"\" data-instgrm-permalink=\"https:\/\/www.instagram.com\/p\/DT8T_ULEdkO\/?utm_source=ig_embed&amp;utm_campaign=loading\" data-instgrm-version=\"14\"><p>&#13;<br \/>\n&#13;\n<\/p><\/blockquote>\n<p>&#13;<br \/>\n\u00a0\u00a0<\/p>\n<p>Un programme charg\u00e9<\/p>\n<p>\u00ab\u00a0Marathon n\u00b01 boucl\u00e9 en 3 h 52 min 30 s, \u00e9crit-elle. Merci Jeffrey Cunningham (pr\u00e9parateur, Ndlr) pour la pr\u00e9paration et pour avoir rendu \u00e7a aussi sympa ! Merci Paul Keyser pour le super stage d\u2019entra\u00eenement et pour avoir \u00e9t\u00e9 l\u00e0 pour m\u2019encourager, troquant ton r\u00f4le de caddie contre celui de supporter de marathon.\u00a0\u00bb<\/p>\n<p>Et de d\u00e9tailler le nombre d\u2019heures pass\u00e9es \u00e0 s\u2019entra\u00eener (20), le nombre de trous (29) et la distance courue (30 kilom\u00e8tres) entre le mardi et le samedi depuis son arriv\u00e9e en Floride, o\u00f9 elle a retrouv\u00e9 son caddie, <strong>Patricia Meunier-Lebouc<\/strong>, <strong>David Leadbetter<\/strong> et <strong>Brad Faxon<\/strong>.<\/p>\n<blockquote><p>&#13;<br \/>\nM\u00eame si je suis \u00e0 60 % physiquement je serai \u00e0 160 % mentalement donc performante sur le parcours&#13;<\/p>\n<p>Pauline Roussin-Bouchard<\/p>\n<p>&#13;\n<\/p><\/blockquote>\n<p>Elle a d\u00e9j\u00e0 pr\u00e9vu un autre marathon cette ann\u00e9e, et de poursuivre ses autres activit\u00e9s physiques. L\u2019an pass\u00e9, <a href=\"https:\/\/www.golfplanete.com\/actualites\/pauline-roussin-bouchard-dans-une-nouvelle-dynamique\/\" target=\"_blank\" rel=\"noopener\">elle nous avait expliqu\u00e9<\/a> ne pas faire de sport pour le golf.<\/p>\n<p>\u00ab\u00a0Je suis focus sur des sports qui nourrissent mon envie de performer dans ma vie de tous les jours et dans mon golf. C\u2019est pour \u00e7a que je me suis mise au Hyrox et \u00e0 la course \u00e0 pied, o\u00f9 j\u2019ai aussi des objectifs. Cela fait plus de dix ans que je fais du MMA, de la boxe tha\u00ef, un mixte d\u2019arts martiaux, racontait-elle. Quand je vais en tournoi, je sais de mieux en mieux ce dont j\u2019ai besoin, ce que je peux faire ou pas. Je ne suis pas fig\u00e9e dans un syst\u00e8me. \u00c7a veut dire que des fois, dans un tournoi, il va y avoir trois courses par semaine et quatre sessions en salle de sport. \u00c7a donne l\u2019impression d\u2019\u00eatre un petit peu charg\u00e9 mais en fait, m\u00eame si je suis \u00e0 60 % physiquement je serai \u00e0 160 % mentalement donc performante sur le parcours.\u00a0\u00bb<\/p>\n<p>\t\t\t<script async src=\"\/\/www.instagram.com\/embed.js\"><\/script><\/p>\n","protected":false},"excerpt":{"rendered":"Partager cet article Partager la publication \u00ab\u00a0Et pendant ce temps-l\u00e0\u2026 Pauline Roussin-Bouchard se pr\u00e9pare d\u2019arrache-pied\u00a0\u00bb Pauline Roussin-Bouchard n\u2019est&hellip;\n","protected":false},"author":2,"featured_media":694508,"comment_status":"","ping_status":"","sticky":false,"template":"","format":"standard","meta":{"footnotes":""},"categories":[1418],"tags":[1011,27,1472,60],"class_list":{"0":"post-694507","1":"post","2":"type-post","3":"status-publish","4":"format-standard","5":"has-post-thumbnail","7":"category-golf","8":"tag-fr","9":"tag-france","10":"tag-golf","11":"tag-sports"},"share_on_mastodon":{"url":"https:\/\/pubeurope.com\/@fr\/115971647349239361","error":""},"_links":{"self":[{"href":"https:\/\/www.europesays.com\/fr\/wp-json\/wp\/v2\/posts\/694507","targetHints":{"allow":["GET"]}}],"collection":[{"href":"https:\/\/www.europesays.com\/fr\/wp-json\/wp\/v2\/posts"}],"about":[{"href":"https:\/\/www.europesays.com\/fr\/wp-json\/wp\/v2\/types\/post"}],"author":[{"embeddable":true,"href":"https:\/\/www.europesays.com\/fr\/wp-json\/wp\/v2\/users\/2"}],"replies":[{"embeddable":true,"href":"https:\/\/www.europesays.com\/fr\/wp-json\/wp\/v2\/comments?post=694507"}],"version-history":[{"count":0,"href":"https:\/\/www.europesays.com\/fr\/wp-json\/wp\/v2\/posts\/694507\/revisions"}],"wp:featuredmedia":[{"embeddable":true,"href":"https:\/\/www.europesays.com\/fr\/wp-json\/wp\/v2\/media\/694508"}],"wp:attachment":[{"href":"https:\/\/www.europesays.com\/fr\/wp-json\/wp\/v2\/media?parent=694507"}],"wp:term":[{"taxonomy":"category","embeddable":true,"href":"https:\/\/www.europesays.com\/fr\/wp-json\/wp\/v2\/categories?post=694507"},{"taxonomy":"post_tag","embeddable":true,"href":"https:\/\/www.europesays.com\/fr\/wp-json\/wp\/v2\/tags?post=694507"}],"curies":[{"name":"wp","href":"https:\/\/api.w.org\/{rel}","templated":true}]}}