{"id":694509,"date":"2026-01-28T07:55:19","date_gmt":"2026-01-28T07:55:19","guid":{"rendered":"https:\/\/www.europesays.com\/fr\/694509\/"},"modified":"2026-01-28T07:55:19","modified_gmt":"2026-01-28T07:55:19","slug":"elle-etait-ma-confidente-mon-amie-mon-reconfort-le-capitaine-de-langleterre-frappe-par-un-drame-juste-avant-le-tournoi-des-6-nations","status":"publish","type":"post","link":"https:\/\/www.europesays.com\/fr\/694509\/","title":{"rendered":"\u00ab\u00a0Elle \u00e9tait ma confidente, mon amie, mon r\u00e9confort\u00a0\u00bb\u00a0: le capitaine de l\u2019Angleterre frapp\u00e9 par un drame juste avant le Tournoi des 6 Nations"},"content":{"rendered":"<p>\n                                                                    l&rsquo;essentiel<br \/>\n                                                                Maro Itoje, fort de 97 s\u00e9lections avec l\u2019\u00e9quipe de rugby d\u2019Angleterre, est touch\u00e9 par une trag\u00e9die personnelle, alors que la c\u00e9l\u00e8bre comp\u00e9tition entre nations europ\u00e9ennes est sur le point de d\u00e9buter. Le joueur star d\u00e9plore le d\u00e9c\u00e8s de sa m\u00e8re, une personne capitale qui aura beaucoup marqu\u00e9 son parcours d\u2019homme et de sportif.\n                            <\/p>\n<p>\u00ab\u00a0Je t\u2019aime maman.\u00a0\u00bb Submerg\u00e9 par l\u2019\u00e9motion, Maro Itoje a annonc\u00e9 la nouvelle, sur le r\u00e9seau social Instagram. Le capitaine de l\u2019\u00e9quipe de rugby d\u2019Angleterre, fort \u00e0 31 ans de 97 s\u00e9lections, d\u00e9plore le d\u00e9c\u00e8s de Florence, sa maman, dont il \u00e9tait tr\u00e8s proche.<\/p>\n<p>\u00ab\u00a0Pour de nombreuses raisons, 2025 a \u00e9t\u00e9 l\u2019une des meilleures ann\u00e9es de ma vie, marqu\u00e9e par des \u00e9tapes et des accomplissements tant personnels que professionnels\u00a0\u00bb \u00e9crit Maro Itoje. \u00ab\u00a0Malgr\u00e9 cela, ce fut aussi l\u2019ann\u00e9e la plus difficile de mon existence car ma m\u00e8re est malheureusement d\u00e9c\u00e9d\u00e9e en d\u00e9cembre\u00a02025. Ce fut, de loin, la perte la plus immense et la plus douloureuse que j\u2019aie jamais connue.\u00a0\u00bb<\/p>\n<blockquote data-instgrm-captioned=\"\" data-instgrm-permalink=\"https:\/\/www.instagram.com\/p\/DT2O31GCJBk\/?utm_source=ig_embed&amp;utm_campaign=loading\" data-instgrm-version=\"14\" style=\" background:#FFF; border:0; border-radius:3px; box-shadow:0 0 1px 0 rgba(0,0,0,0.5),0 1px 10px 0 rgba(0,0,0,0.15); margin: 1px; max-width:540px; min-width:326px; padding:0; width:99.375%; width:-webkit-calc(100% - 2px); width:calc(100% - 2px);\" data-class=\"instagram-media\"\/>\n<p>Ainsi, le joueur a r\u00e9cemment manqu\u00e9 une rencontre de championnat d\u2019Angleterre avec son club des Saracens. Il n\u2019\u00e9tait pas non plus pr\u00e9sent lundi 26\u00a0janvier \u00e0 \u00c9dimbourg, pour la c\u00e9r\u00e9monie de lancement du <a href=\"https:\/\/www.ladepeche.fr\/sports\/resultats-sportifs\/rugby\/6-nations\/resultats\" target=\"_blank\" rel=\"noopener\">Tournoi des 6 Nations 2026 <\/a>(5\u00a0f\u00e9vrier-14\u00a0mars). Il a en effet d\u00fb se rendre au Nigeria pour les obs\u00e8ques de Florence.<\/p>\n<p>\u00ab\u00a0Elle \u00e9tait ma confidente, ma partenaire de partage, mon amie, ma conseill\u00e8re, mon professeur et mon r\u00e9confort. Il n\u2019y a aucun aspect de ma vie qu\u2019elle n\u2019ait marqu\u00e9 de son empreinte positive\u00a0!\u00a0\u00bb poursuit Maro Itoje.<\/p>\n<p class=\"std-elt__inline\">\n        <strong>\u00c0 lire aussi :<\/strong><br \/>\n        <a href=\"https:\/\/www.ladepeche.fr\/2025\/05\/08\/tournee-des-lions-britanniques-et-irlandais-pas-de-jack-willis-blair-kinghorn-appele-maro-itoje-capitaine-la-liste-des-selectionnes-annoncee-12683452.php\" target=\"_blank\" rel=\"noopener\">Tourn\u00e9e des Lions britanniques et irlandais\u00a0: pas de Jack Willis, Blair Kinghorn appel\u00e9, Maro Itoje capitaine\u2026 La liste des s\u00e9lectionn\u00e9s annonc\u00e9e<\/a>\n    <\/p>\n<p>\u00ab\u00a0Je remercie Dieu pour sa vie et pour la chance d\u2019avoir pu \u00eatre appel\u00e9 son fils. Elle \u00e9tait le ciment et le c\u0153ur battant de notre famille, et elle laisse un vide qui ne sera jamais combl\u00e9. Je trouve du r\u00e9confort \u00e0 travers ma foi et la certitude qu\u2019elle est au Ciel, veillant sur nous et nous guidant de l\u00e0-haut. Puisse-t-elle reposer en paix.\u00a0\u00bb<\/p>\n<p>Ce lundi, Jamie George, l\u2019un des co\u00e9quipiers de Maro Itoje sous les couleurs du <a href=\"https:\/\/www.ladepeche.fr\/sports\/resultats-sportifs\/rugby\/equipe\/2\/angleterre\" target=\"_blank\" rel=\"noopener\">XV de la Rose<\/a>, a compati avec son capitaine, ayant \u00e9t\u00e9 lui-m\u00eame frapp\u00e9 par un d\u00e9c\u00e8s similaire\u00a0: il avait perdu sa m\u00e8re juste avant le d\u00e9but du Tournoi 2024.<\/p>\n<p>\u00ab\u00a0Nous en avons beaucoup parl\u00e9\u00a0\u00bb a-t-il livr\u00e9 dans des propos notamment relay\u00e9s par le <a href=\"https:\/\/www.mirror.co.uk\/sport\/rugby-union\/maro-itoje-tragedy-six-nations-36620663\" target=\"_blank\" rel=\"noopener\">Daily Mirror<\/a>. \u00ab\u00a0Les similitudes sont vraiment troublantes. C\u2019est une nouvelle d\u00e9chirante. Je sais \u00e0 quel point il traverse une p\u00e9riode difficile\u00a0\u00bb a poursuivi l\u2019ex-capitaine de l\u2019Angleterre.<\/p>\n<p>\u00ab\u00a0Mon principal message \u00e9tait de s\u2019assurer qu\u2019il se donne suffisamment de temps pour faire son deuil et dig\u00e9rer la situation. Il ne reviendra que lorsqu\u2019il sera pleinement pr\u00eat \u00e0 se donner \u00e0 fond pour l\u2019\u00e9quipe.\u00a0\u00bb<\/p>\n<p class=\"std-elt__inline\">\n        <strong>\u00c0 lire aussi :<\/strong><br \/>\n        <a href=\"https:\/\/www.ladepeche.fr\/2025\/12\/13\/tournoi-des-6-nations-je-nai-pas-eu-une-seule-chance-de-jouer-ce-joueur-star-regle-ses-comptes-avec-le-selectionneur-de-langleterre-13108972.php\" target=\"_blank\" rel=\"noopener\">Tournoi des 6 Nations\u00a0: \u00ab\u00a0Je n\u2019ai pas eu une seule chance de jouer\u00a0!\u00a0\u00bb Ce joueur star r\u00e8gle ses comptes avec le s\u00e9lectionneur de l\u2019Angleterre<\/a>\n    <\/p>\n<p>Apr\u00e8s les obs\u00e8ques, il est pour l\u2019heure pr\u00e9vu que Maro Itoje rejoigne ses co\u00e9quipiers \u00e0 G\u00e9rone, en Espagne, pour un stage de pr\u00e9paration avant le premier match de l\u2019Angleterre dans le Tournoi, le 7\u00a0f\u00e9vrier contre le pays de Galles. La rencontre face aux Bleus est pr\u00e9vue samedi 14\u00a0mars au Stade de France (21\u00a0h\u00a010) et pourrait constituer la finale pour le titre.<\/p>\n<p>                                                                                                                                                                                                        <script async src=\"\/\/www.instagram.com\/embed.js\"><\/script><\/p>\n","protected":false},"excerpt":{"rendered":"l&rsquo;essentiel Maro Itoje, fort de 97 s\u00e9lections avec l\u2019\u00e9quipe de rugby d\u2019Angleterre, est touch\u00e9 par une trag\u00e9die personnelle,&hellip;\n","protected":false},"author":2,"featured_media":694510,"comment_status":"","ping_status":"","sticky":false,"template":"","format":"standard","meta":{"footnotes":""},"categories":[1416],"tags":[1011,27,479,1468,68796,517,60,70992],"class_list":{"0":"post-694509","1":"post","2":"type-post","3":"status-publish","4":"format-standard","5":"has-post-thumbnail","7":"category-rugby","8":"tag-fr","9":"tag-france","10":"tag-rugby","11":"tag-rugby-football","12":"tag-rugby-u00e0-xv","13":"tag-sport","14":"tag-sports","15":"tag-tournoi-des-vi-nations"},"share_on_mastodon":{"url":"https:\/\/pubeurope.com\/@fr\/115971655162005028","error":""},"_links":{"self":[{"href":"https:\/\/www.europesays.com\/fr\/wp-json\/wp\/v2\/posts\/694509","targetHints":{"allow":["GET"]}}],"collection":[{"href":"https:\/\/www.europesays.com\/fr\/wp-json\/wp\/v2\/posts"}],"about":[{"href":"https:\/\/www.europesays.com\/fr\/wp-json\/wp\/v2\/types\/post"}],"author":[{"embeddable":true,"href":"https:\/\/www.europesays.com\/fr\/wp-json\/wp\/v2\/users\/2"}],"replies":[{"embeddable":true,"href":"https:\/\/www.europesays.com\/fr\/wp-json\/wp\/v2\/comments?post=694509"}],"version-history":[{"count":0,"href":"https:\/\/www.europesays.com\/fr\/wp-json\/wp\/v2\/posts\/694509\/revisions"}],"wp:featuredmedia":[{"embeddable":true,"href":"https:\/\/www.europesays.com\/fr\/wp-json\/wp\/v2\/media\/694510"}],"wp:attachment":[{"href":"https:\/\/www.europesays.com\/fr\/wp-json\/wp\/v2\/media?parent=694509"}],"wp:term":[{"taxonomy":"category","embeddable":true,"href":"https:\/\/www.europesays.com\/fr\/wp-json\/wp\/v2\/categories?post=694509"},{"taxonomy":"post_tag","embeddable":true,"href":"https:\/\/www.europesays.com\/fr\/wp-json\/wp\/v2\/tags?post=694509"}],"curies":[{"name":"wp","href":"https:\/\/api.w.org\/{rel}","templated":true}]}}