{"id":694513,"date":"2026-01-28T08:00:11","date_gmt":"2026-01-28T08:00:11","guid":{"rendered":"https:\/\/www.europesays.com\/fr\/694513\/"},"modified":"2026-01-28T08:00:11","modified_gmt":"2026-01-28T08:00:11","slug":"romain-debord-ne-sera-pas-depayse-a-hulst-actualite","status":"publish","type":"post","link":"https:\/\/www.europesays.com\/fr\/694513\/","title":{"rendered":"Romain Debord ne sera pas d\u00e9pays\u00e9 \u00e0 Hulst &#8211; Actualit\u00e9"},"content":{"rendered":"<p>Avant la finale de la Coupe du Monde de cyclo-cross, dimanche \u00e0 Hoogerheide (Pays Bas), Romain Debord ne savait pas trop o\u00f9 il en \u00e9tait. Le Champion de France Espoir venait de passer une semaine de stage avec l&rsquo;\u00e9quipe de France. \u00ab\u00a0J&rsquo;\u00e9tais bien cette semaine mais samedi, les sensations \u00e9taient bof sur le v\u00e9lo. Je pensais que \u00e7a allait \u00eatre compliqu\u00e9 aujourd&rsquo;hui\u00a0\u00bb, d\u00e9clarait-il \u00e0 DirectVelo apr\u00e8s l&rsquo;arriv\u00e9e. Mais la course lui a donn\u00e9 tort. \u00ab\u00a0Finalement, c&rsquo;\u00e9tait tout le contraire. J&rsquo;\u00e9tais vraiment bien aujourd&rsquo;hui\u00a0\u00bb.<\/p>\n<p>Pourtant, le coureur de l&rsquo;AS Bike-France Literie a \u00ab\u00a0compl\u00e8tement foir\u00e9\u00a0\u00bb son d\u00e9part. Sur le circuit rapide d&rsquo;Hoogerheide, c&rsquo;est un handicap suppl\u00e9mentaire pour retrouver la t\u00eate. \u00ab\u00a0Finalement, j&rsquo;ai r\u00e9ussi \u00e0 bien remonter. Mais je n&rsquo;ai jamais vraiment r\u00e9ussi \u00e0 me placer \u00e0 l&rsquo;avant du groupe\u00a0\u00bb. Romain Debord se prend les cassures. \u00ab\u00a0\u00c0\u00a0force, j&rsquo;ai vraiment subi \u00e0 l&rsquo;arri\u00e8re du groupe pendant un tour\u00a0\u00bb. Mais \u00e0 l&rsquo;arriv\u00e9e, <a href=\"https:\/\/www.directvelo.com\/epreuve\/49320\/cc-hoogerheide-coupe-du-monde-espoirs-2026\" target=\"_blank\" rel=\"noopener\"><strong>il termine au pied du podium<\/strong><\/a>, son meilleur r\u00e9sultat en Coupe du Monde cette ann\u00e9e.<\/p>\n<p>La forme ne s&rsquo;est donc pas envol\u00e9e. \u00ab\u00a0J&rsquo;esp\u00e8re que la semaine prochaine, \u00e7a va aller\u00a0\u00bb. La semaine prochaine, \u00e7a veut dire vendredi et samedi, jours du Championnat du Monde de relais et Espoirs \u00e0 Hulst. Le Champion de France ne sera pas d\u00e9pays\u00e9 par\u00a0<a href=\"https:\/\/www.directvelo.com\/epreuve\/49371\/championnat-du-monde-de-cyclo-cross-u23-hommes-2026\" target=\"_blank\" rel=\"noopener\"><strong>le changement du circuit par rapport \u00e0 l&rsquo;ann\u00e9e derni\u00e8re<\/strong><\/a>. \u00ab\u00a0Je n&rsquo;ai jamais fait Hulst, pr\u00e9cise-t-il. J&rsquo;ai vu que c&rsquo;\u00e9tait un parcours bien technique. C&rsquo;est quelque chose qui va me plaire, je pense\u00a0\u00bb. Pour passer les derniers jours avant le grand rendez-vous, Romain Debord restera avec son \u00e9quipe, l&rsquo;AS Bike-France Literie. \u00ab\u00a0Je vais juste faire du jus cette semaine encore. Pour pouvoir \u00eatre en forme le week-end prochain\u00a0\u00bb.<\/p>\n","protected":false},"excerpt":{"rendered":"Avant la finale de la Coupe du Monde de cyclo-cross, dimanche \u00e0 Hoogerheide (Pays Bas), Romain Debord ne&hellip;\n","protected":false},"author":2,"featured_media":694514,"comment_status":"","ping_status":"","sticky":false,"template":"","format":"standard","meta":{"footnotes":""},"categories":[1411],"tags":[834,828,836,829,837,827,83,826,824,823,1154,207,814,817,815,816,822,821,832,211,839,1011,27,820,818,819,835,831,830,833,838,60,212,208,825],"class_list":{"0":"post-694513","1":"post","2":"type-post","3":"status-publish","4":"format-standard","5":"has-post-thumbnail","7":"category-cyclisme","8":"tag-attaque","9":"tag-belgique","10":"tag-braquet","11":"tag-bretagne","12":"tag-chute","13":"tag-competition","14":"tag-coupe-de-france","15":"tag-coureur","16":"tag-course-cyclisme","17":"tag-course-cycliste","18":"tag-cycling","19":"tag-cyclisme","20":"tag-direct","21":"tag-direct-velo","22":"tag-directvelo","23":"tag-directvelo-com","24":"tag-epreuve","25":"tag-epreuve-cycliste","26":"tag-federation-francaise-de-cyclisme","27":"tag-ffc","28":"tag-flandres","29":"tag-fr","30":"tag-france","31":"tag-live","32":"tag-live-course","33":"tag-live-epreuve","34":"tag-peloton","35":"tag-radio-peloton","36":"tag-radio-tour","37":"tag-ravitaillement","38":"tag-relance","39":"tag-sports","40":"tag-uci","41":"tag-velo","42":"tag-velos"},"share_on_mastodon":{"url":"https:\/\/pubeurope.com\/@fr\/115971674858988505","error":""},"_links":{"self":[{"href":"https:\/\/www.europesays.com\/fr\/wp-json\/wp\/v2\/posts\/694513","targetHints":{"allow":["GET"]}}],"collection":[{"href":"https:\/\/www.europesays.com\/fr\/wp-json\/wp\/v2\/posts"}],"about":[{"href":"https:\/\/www.europesays.com\/fr\/wp-json\/wp\/v2\/types\/post"}],"author":[{"embeddable":true,"href":"https:\/\/www.europesays.com\/fr\/wp-json\/wp\/v2\/users\/2"}],"replies":[{"embeddable":true,"href":"https:\/\/www.europesays.com\/fr\/wp-json\/wp\/v2\/comments?post=694513"}],"version-history":[{"count":0,"href":"https:\/\/www.europesays.com\/fr\/wp-json\/wp\/v2\/posts\/694513\/revisions"}],"wp:featuredmedia":[{"embeddable":true,"href":"https:\/\/www.europesays.com\/fr\/wp-json\/wp\/v2\/media\/694514"}],"wp:attachment":[{"href":"https:\/\/www.europesays.com\/fr\/wp-json\/wp\/v2\/media?parent=694513"}],"wp:term":[{"taxonomy":"category","embeddable":true,"href":"https:\/\/www.europesays.com\/fr\/wp-json\/wp\/v2\/categories?post=694513"},{"taxonomy":"post_tag","embeddable":true,"href":"https:\/\/www.europesays.com\/fr\/wp-json\/wp\/v2\/tags?post=694513"}],"curies":[{"name":"wp","href":"https:\/\/api.w.org\/{rel}","templated":true}]}}