{"id":694519,"date":"2026-01-28T08:03:13","date_gmt":"2026-01-28T08:03:13","guid":{"rendered":"https:\/\/www.europesays.com\/fr\/694519\/"},"modified":"2026-01-28T08:03:13","modified_gmt":"2026-01-28T08:03:13","slug":"1-million-deuros-pour-retrouver-des-tableaux-voles-dans-un-chalet-une-recompense-record","status":"publish","type":"post","link":"https:\/\/www.europesays.com\/fr\/694519\/","title":{"rendered":"1\u00a0million d\u2019euros pour retrouver des tableaux vol\u00e9s dans un chalet, une r\u00e9compense record"},"content":{"rendered":"\n<p>Apr\u00e8s le vol de plusieurs peintures modernes d\u2019artistes c\u00e9l\u00e8bres dans un chalet du Haut-Valais en septembre\u00a02025, l\u2019assureur offre jusqu\u2019\u00e0 un million d\u2019euros pour toute information, un montant exceptionnel.<\/p>\n<p>  <a href=\"https:\/\/www.lenouvelliste.ch\/auteurs\/girardot-1366582\" class=\"image-container\" target=\"_blank\" rel=\"noopener\">   <img   alt=\"cgportrait - 1 carre\" draggable=\"false\" loading=\"lazy\" decoding=\"async\" data-picture=\"true\" class=\"no-class nuxt-aio-img\" data-v-32c1ed04=\"\"\/><\/a>      <img src=\"https:\/\/www.europesays.com\/fr\/wp-content\/uploads\/2026\/01\/image-1.jpeg\"   alt=\"En marge de l'enqu\u00eate polici\u00e8re, le cabinet S.W. Associates tente de retrouver plusieurs tableaux d'artistes c\u00e9l\u00e8bres vol\u00e9s en septembre dans le Haut-Valais.\" draggable=\"false\" loading=\"eager\" decoding=\"async\" data-picture=\"true\" class=\"no-class nuxt-aio-img nolazyLoad\" data-v-32c1ed04=\"\"\/> <\/p>\n<p>\n              En marge de l&rsquo;enqu\u00eate polici\u00e8re, le cabinet S.W. Associates tente de retrouver plusieurs tableaux d&rsquo;artistes c\u00e9l\u00e8bres vol\u00e9s en septembre dans le Haut-Valais.\n            <\/p>\n<p>              Pascal Claivaz<\/p>\n","protected":false},"excerpt":{"rendered":"Apr\u00e8s le vol de plusieurs peintures modernes d\u2019artistes c\u00e9l\u00e8bres dans un chalet du Haut-Valais en septembre\u00a02025, l\u2019assureur offre&hellip;\n","protected":false},"author":2,"featured_media":694520,"comment_status":"","ping_status":"","sticky":false,"template":"","format":"standard","meta":{"footnotes":""},"categories":[1358],"tags":[1348,1384,1385,71440,1687,1386,58,59,6017,1011,27,79025,71439],"class_list":{"0":"post-694519","1":"post","2":"type-post","3":"status-publish","4":"format-standard","5":"has-post-thumbnail","7":"category-arts-et-design","8":"tag-arts","9":"tag-arts-and-design","10":"tag-arts-et-design","11":"tag-ce-quil-sest-passe","12":"tag-culture-loisirs","13":"tag-design","14":"tag-divertissement","15":"tag-entertainment","16":"tag-fait-divers","17":"tag-fr","18":"tag-france","19":"tag-haut-valais","20":"tag-sujet-developpe"},"share_on_mastodon":{"url":"https:\/\/pubeurope.com\/@fr\/115971686634418470","error":""},"_links":{"self":[{"href":"https:\/\/www.europesays.com\/fr\/wp-json\/wp\/v2\/posts\/694519","targetHints":{"allow":["GET"]}}],"collection":[{"href":"https:\/\/www.europesays.com\/fr\/wp-json\/wp\/v2\/posts"}],"about":[{"href":"https:\/\/www.europesays.com\/fr\/wp-json\/wp\/v2\/types\/post"}],"author":[{"embeddable":true,"href":"https:\/\/www.europesays.com\/fr\/wp-json\/wp\/v2\/users\/2"}],"replies":[{"embeddable":true,"href":"https:\/\/www.europesays.com\/fr\/wp-json\/wp\/v2\/comments?post=694519"}],"version-history":[{"count":0,"href":"https:\/\/www.europesays.com\/fr\/wp-json\/wp\/v2\/posts\/694519\/revisions"}],"wp:featuredmedia":[{"embeddable":true,"href":"https:\/\/www.europesays.com\/fr\/wp-json\/wp\/v2\/media\/694520"}],"wp:attachment":[{"href":"https:\/\/www.europesays.com\/fr\/wp-json\/wp\/v2\/media?parent=694519"}],"wp:term":[{"taxonomy":"category","embeddable":true,"href":"https:\/\/www.europesays.com\/fr\/wp-json\/wp\/v2\/categories?post=694519"},{"taxonomy":"post_tag","embeddable":true,"href":"https:\/\/www.europesays.com\/fr\/wp-json\/wp\/v2\/tags?post=694519"}],"curies":[{"name":"wp","href":"https:\/\/api.w.org\/{rel}","templated":true}]}}