{"id":69454,"date":"2025-05-02T13:49:09","date_gmt":"2025-05-02T13:49:09","guid":{"rendered":"https:\/\/www.europesays.com\/fr\/69454\/"},"modified":"2025-05-02T13:49:09","modified_gmt":"2025-05-02T13:49:09","slug":"une-premiere-en-france-a-paris-le-jardin-des-plantes-dispose-desormais-dun-couple-de-diables-de-tasmanie","status":"publish","type":"post","link":"https:\/\/www.europesays.com\/fr\/69454\/","title":{"rendered":"Une premi\u00e8re en France\u00a0: \u00e0 Paris, le Jardin des Plantes dispose d\u00e9sormais d\u2019un couple de diables de Tasmanie"},"content":{"rendered":"<p class=\"paragraph text_align_left\">Dans l\u2019imaginaire collectif, le diable de Tasmanie s\u2019appelle Taz. Dans le monde r\u00e9el, cette esp\u00e8ce end\u00e9mique d\u2019Australie est <a href=\"https:\/\/www.leparisien.fr\/environnement\/biodiversite-150-000-a-260-000-especes-animales-et-vegetales-seraient-deja-eteintes-13-01-2022-F2B3R55SRZBL5JVTGVEYWK5MDE.php\" target=\"_blank\" rel=\"nofollow noopener\">class\u00e9e \u00ab\u00a0en danger\u00a0\u00bb<\/a> sur la liste rouge de l\u2019union internationale pour la conservation de la nature (UICN).<\/p>\n<p class=\"paragraph text_align_left\">C\u2019est donc une nouvelle r\u00e9confortante qu\u2019ont re\u00e7ue les Parisiens, mardi. La M\u00e9nagerie du zoo du <a href=\"https:\/\/www.leparisien.fr\/paris-75\/paris-au-jardin-des-plantes-un-appel-aux-dons-d1-million-deuros-pour-sauver-lhistorique-hotel-de-magny-23-03-2025-5YWLNTZYWBGVPHVPGNZNZLPINY.php\" target=\"_blank\" rel=\"nofollow noopener\">Jardin des Plantes (Ve)<\/a> a annonc\u00e9 dans un communiqu\u00e9 l\u2019arriv\u00e9e dans son enceinte de Bonnie, une femelle diable de Tasmanie.<\/p>\n<p>En provenance de Belgique<\/p>\n<p class=\"paragraph text_align_left\">Elle rejoint Mordo, un m\u00e2le de la m\u00eame esp\u00e8ce arriv\u00e9 ici en 2023, et forme ainsi le tout premier couple de diables de Tasmanie en France. \u00ab\u00a0Cette arriv\u00e9e marque une \u00e9tape majeure dans l\u2019engagement de la M\u00e9nagerie en faveur de la pr\u00e9servation des esp\u00e8ces menac\u00e9es\u00a0\u00bb, se r\u00e9jouit le zoo.<\/p>\n<p class=\"paragraph text_align_left\">L\u2019objectif est simple pour cette structure sp\u00e9cialis\u00e9e dans l\u2019accueil d\u2019animaux en voie de disparition\u00a0: contribuer \u00e0 la reproduction de l\u2019esp\u00e8ce. Les v\u00e9t\u00e9rinaires de la M\u00e9nagerie esp\u00e8rent donc voir ces deux individus \u00ab\u00a0se reproduire afin de voir na\u00eetre les premiers diables parisiens\u00a0\u00bb.<\/p>\n<p class=\"paragraph text_align_left\">La femelle Bonnie, bient\u00f4t \u00e2g\u00e9e de 5 ans, est n\u00e9e le 4\u00a0mai 2020 au sein d\u2019un sanctuaire de conservation unique en Tasmanie, le Devils Cradle, d\u00e9di\u00e9 principalement \u00e0 la sauvegarde du diable de Tasmanie.<\/p>\n<p class=\"paragraph text_align_left\">\u00ab\u00a0Gr\u00e2ce \u00e0 une collaboration \u00e9troite avec les autorit\u00e9s australiennes et le r\u00e9seau europ\u00e9en des parcs zoologiques, cette femelle a rejoint Paris dans des conditions optimales de transport et d\u2019acclimatation depuis le zoo de Planckendael en Belgique\u00a0\u00bb, indique la M\u00e9nagerie dans son communiqu\u00e9.<\/p>\n<p class=\"paragraph text_align_left\">Son nouveau conjoint, Mordo, \u00e2g\u00e9 de 3 ans, est quant \u00e0 lui n\u00e9 le 23\u00a0mars \u00e0 Trowunna Wildlife Park. Jusqu\u2019ici, La M\u00e9nagerie accueillait deux m\u00e2les. Le deuxi\u00e8me a donc laiss\u00e9 sa place \u00e0 Bonnie et rejoint un zoo belge.<\/p>\n<p>80\u00a0% de la population d\u00e9cim\u00e9e<\/p>\n<p class=\"paragraph text_align_left\">\u00c0 l\u2019\u00e9tat sauvage, la population du plus grand marsupial carnivore d\u00e9cline rapidement depuis 1996. Cette esp\u00e8ce pouvant peser jusqu\u2019\u00e0 14\u00a0kg se retrouve d\u00e9cim\u00e9e par<a href=\"https:\/\/www.leparisien.fr\/societe\/sante\/sein-colon-lymphome-radiographie-des-cancers-les-plus-frequents-chez-les-jeunes-de-moins-de-40-ans-03-03-2025-PVEDJCKZWZBGXCCS345G2J75AE.php\" target=\"_blank\" rel=\"nofollow noopener\"> une tumeur<\/a> de la face transmissible par morsure qui a d\u00e9j\u00e0 \u00e9limin\u00e9 pr\u00e8s de 80\u00a0% des individus. \u00ab\u00a0Aucun traitement n\u2019est disponible et l\u2019esp\u00e8ce est aujourd\u2019hui class\u00e9e en danger d\u2019extinction\u00a0\u00bb, alerte le zoo.<\/p>\n<p class=\"paragraph text_align_left\">Face \u00e0 ce terrible constat, une population de \u00ab\u00a0r\u00e9serve\u00a0\u00bb a \u00e9t\u00e9 cr\u00e9\u00e9e en 2004, \u00e0 partir de diables en bonne sant\u00e9 dans des zoos d\u2019Australie et de Tasmanie. \u00ab\u00a0Cela permet d\u2019envoyer des diables ambassadeurs en Am\u00e9rique du Nord et en Europe pour faire conna\u00eetre l\u2019animal, les mesures de sauvegarde mises en \u0153uvre, et contribuer \u00e0 leur financement\u00a0\u00bb, pr\u00e9cise l\u2019\u00e9tablissement.<\/p>\n<p class=\"paragraph text_align_left\">Zones d\u2019herbe, branches, structures sur lesquelles grimper, point d\u2019eau et abri\u00a0: les diables de Tasmanie se sont \u00ab\u00a0tr\u00e8s bien adapt\u00e9s\u00a0\u00bb \u00e0 leur nouvel environnement d\u2019apr\u00e8s le Jardin des Plantes. \u00ab\u00a0Quotidiennement, les soigneurs dissimulent des proies mortes afin de stimuler leur instinct de chasseur et d\u2019assouvir leur app\u00e9tit car ces petits diables mangent beaucoup\u00a0! Environ l\u2019\u00e9quivalent du tiers de leur poids chaque jour en viande\u00a0\u00bb, d\u00e9crit la M\u00e9nagerie.<\/p>\n<p class=\"paragraph text_align_left\">Le zoo du Jardin des Plantes fait partie des deux seuls zoos de France \u00e0 accueillir cette esp\u00e8ce tandis qu\u2019on compte seulement 33 individus dans toute l\u2019Europe et 740 dans les parcs zoologiques et centres de reproduction du monde entier.<\/p>\n","protected":false},"excerpt":{"rendered":"Dans l\u2019imaginaire collectif, le diable de Tasmanie s\u2019appelle Taz. Dans le monde r\u00e9el, cette esp\u00e8ce end\u00e9mique d\u2019Australie est&hellip;\n","protected":false},"author":2,"featured_media":69455,"comment_status":"","ping_status":"","sticky":false,"template":"","format":"standard","meta":{"footnotes":""},"categories":[1888],"tags":[11,1777,674,1011,27,1944,12,626,25],"class_list":{"0":"post-69454","1":"post","2":"type-post","3":"status-publish","4":"format-standard","5":"has-post-thumbnail","7":"category-paris","8":"tag-actualites","9":"tag-eu","10":"tag-europe","11":"tag-fr","12":"tag-france","13":"tag-ma-ville","14":"tag-news","15":"tag-paris","16":"tag-republique-francaise"},"share_on_mastodon":{"url":"https:\/\/pubeurope.com\/@fr\/114438561067488349","error":""},"_links":{"self":[{"href":"https:\/\/www.europesays.com\/fr\/wp-json\/wp\/v2\/posts\/69454","targetHints":{"allow":["GET"]}}],"collection":[{"href":"https:\/\/www.europesays.com\/fr\/wp-json\/wp\/v2\/posts"}],"about":[{"href":"https:\/\/www.europesays.com\/fr\/wp-json\/wp\/v2\/types\/post"}],"author":[{"embeddable":true,"href":"https:\/\/www.europesays.com\/fr\/wp-json\/wp\/v2\/users\/2"}],"replies":[{"embeddable":true,"href":"https:\/\/www.europesays.com\/fr\/wp-json\/wp\/v2\/comments?post=69454"}],"version-history":[{"count":0,"href":"https:\/\/www.europesays.com\/fr\/wp-json\/wp\/v2\/posts\/69454\/revisions"}],"wp:featuredmedia":[{"embeddable":true,"href":"https:\/\/www.europesays.com\/fr\/wp-json\/wp\/v2\/media\/69455"}],"wp:attachment":[{"href":"https:\/\/www.europesays.com\/fr\/wp-json\/wp\/v2\/media?parent=69454"}],"wp:term":[{"taxonomy":"category","embeddable":true,"href":"https:\/\/www.europesays.com\/fr\/wp-json\/wp\/v2\/categories?post=69454"},{"taxonomy":"post_tag","embeddable":true,"href":"https:\/\/www.europesays.com\/fr\/wp-json\/wp\/v2\/tags?post=69454"}],"curies":[{"name":"wp","href":"https:\/\/api.w.org\/{rel}","templated":true}]}}