{"id":694544,"date":"2026-01-28T08:17:11","date_gmt":"2026-01-28T08:17:11","guid":{"rendered":"https:\/\/www.europesays.com\/fr\/694544\/"},"modified":"2026-01-28T08:17:11","modified_gmt":"2026-01-28T08:17:11","slug":"finale-entre-haise-et-montanier-pour-remplacer-horneland","status":"publish","type":"post","link":"https:\/\/www.europesays.com\/fr\/694544\/","title":{"rendered":"Finale entre Haise et Montanier pour remplacer Horneland !"},"content":{"rendered":"<p><b>Eirik Horneland est de plus en plus proche de la porte. Les dirigeants de Saint-Etienne discutent d\u00e9sormais avec deux entra\u00eeneurs fran\u00e7ais, Philippe Montanier et Franck Haise. <\/b><\/p>\n<p>La d\u00e9faite de l&rsquo;AS Saint-Etienne \u00e0 Reims, samedi dernier, a \u00e9t\u00e9 celle de trop pour les dirigeants de Kilmer Sports. S&rsquo;ils ont longtemps maintenu leur confiance en Eirik Horneland, ces derniers savent d\u00e9sormais que le retour en Ligue 1 est vraiment en danger. Si dans un premier temps, <a href=\"https:\/\/www.foot01.com\/st-etienne\/asse-un-coach-xxl-envoie-sa-candidature\" target=\"_self\" rel=\"noopener\">Ivan Gazidis avait pens\u00e9 \u00e0 un coach venant de MLS<\/a>, ce dernier a finalement recul\u00e9. Mais, ce mercredi, Bernard Lions r\u00e9v\u00e8le dans L&rsquo;Equipe que la direction des Verts a nou\u00e9 des contacts et n\u00e9gocie avec deux entra\u00eeneurs tricolores actuellement libres, \u00e0 savoir Philippe Montanier et Franck Haise.L&rsquo;ASSE veut tourner la page Horneland<\/p>\n<p>Le premier n&rsquo;a pas repris de poste depuis son d\u00e9part de Toulouse \u00e0 la fin de la saison 2022-2023, tandis que Franck Haise a lui quitt\u00e9 Nice en d\u00e9cembre apr\u00e8s une premi\u00e8re moiti\u00e9 de championnat d\u00e9sastreuse. Pour l&rsquo;instant, rien n&rsquo;est sign\u00e9, car les dirigeants de l&rsquo;AS Saint-Etienne ont une exigence contractuelle qui peut faire r\u00e9fl\u00e9chir. En effet, l&rsquo;entra\u00eeneur devra accepter un premier contrat de six mois qui ne sera prolong\u00e9 que si les Verts montent en Ligue 1 en fin de saison. De quoi faire r\u00e9fl\u00e9chir un entra\u00eeneur, conscient que le challenge est assez compliqu\u00e9.<\/p>\n<p>En n\u00e9gociant avec ces deux techniciens, l&rsquo;ASSE envoie le signal \u00e0 Eirik Horneland que ses jours sur le banc st\u00e9phanois sont compt\u00e9s. Et que m\u00eame s&rsquo;il pr\u00e9pare la r\u00e9ception de Boulogne, samedi \u00e0 Geoffroy-Guichard, cela sera s\u00fbrement sa derni\u00e8re sortie comme entra\u00eeneur des Verts apr\u00e8s un peu plus d&rsquo;un an pass\u00e9 \u00e0 ce poste, sans grande r\u00e9ussite. A voir maintenant ce que Philippe Montanier ou Franck Haise pourra faire avec un groupe capable du meilleur comme du pire. Et cela malgr\u00e9 des moyens colossaux mis en place par Kilmer Sports pour assurer le retour en Ligue 1 apr\u00e8s la descente de l&rsquo;an pass\u00e9.<\/p>\n","protected":false},"excerpt":{"rendered":"Eirik Horneland est de plus en plus proche de la porte. Les dirigeants de Saint-Etienne discutent d\u00e9sormais avec&hellip;\n","protected":false},"author":2,"featured_media":694545,"comment_status":"","ping_status":"","sticky":false,"template":"","format":"standard","meta":{"footnotes":""},"categories":[9653],"tags":[1111,11,461,2430,1777,674,1011,27,446,12,25,4001],"class_list":{"0":"post-694544","1":"post","2":"type-post","3":"status-publish","4":"format-standard","5":"has-post-thumbnail","7":"category-saint-etienne","8":"tag-actu","9":"tag-actualites","10":"tag-asse","11":"tag-auvergne-rhone-alpes","12":"tag-eu","13":"tag-europe","14":"tag-fr","15":"tag-france","16":"tag-ligue-2","17":"tag-news","18":"tag-republique-francaise","19":"tag-saint-etienne"},"share_on_mastodon":{"url":"https:\/\/pubeurope.com\/@fr\/115971741683156128","error":""},"_links":{"self":[{"href":"https:\/\/www.europesays.com\/fr\/wp-json\/wp\/v2\/posts\/694544","targetHints":{"allow":["GET"]}}],"collection":[{"href":"https:\/\/www.europesays.com\/fr\/wp-json\/wp\/v2\/posts"}],"about":[{"href":"https:\/\/www.europesays.com\/fr\/wp-json\/wp\/v2\/types\/post"}],"author":[{"embeddable":true,"href":"https:\/\/www.europesays.com\/fr\/wp-json\/wp\/v2\/users\/2"}],"replies":[{"embeddable":true,"href":"https:\/\/www.europesays.com\/fr\/wp-json\/wp\/v2\/comments?post=694544"}],"version-history":[{"count":0,"href":"https:\/\/www.europesays.com\/fr\/wp-json\/wp\/v2\/posts\/694544\/revisions"}],"wp:featuredmedia":[{"embeddable":true,"href":"https:\/\/www.europesays.com\/fr\/wp-json\/wp\/v2\/media\/694545"}],"wp:attachment":[{"href":"https:\/\/www.europesays.com\/fr\/wp-json\/wp\/v2\/media?parent=694544"}],"wp:term":[{"taxonomy":"category","embeddable":true,"href":"https:\/\/www.europesays.com\/fr\/wp-json\/wp\/v2\/categories?post=694544"},{"taxonomy":"post_tag","embeddable":true,"href":"https:\/\/www.europesays.com\/fr\/wp-json\/wp\/v2\/tags?post=694544"}],"curies":[{"name":"wp","href":"https:\/\/api.w.org\/{rel}","templated":true}]}}