{"id":694554,"date":"2026-01-28T08:22:12","date_gmt":"2026-01-28T08:22:12","guid":{"rendered":"https:\/\/www.europesays.com\/fr\/694554\/"},"modified":"2026-01-28T08:22:12","modified_gmt":"2026-01-28T08:22:12","slug":"sortir-a-montpellier-chipies-bar-des-sciences-jubila-sarah-anna-des-idees-pour-ce-jeudi-29-janvier","status":"publish","type":"post","link":"https:\/\/www.europesays.com\/fr\/694554\/","title":{"rendered":"Sortir \u00e0 Montpellier\u00a0: Chipies, Bar des sciences, Jubil\u00e4, Sarah-Anna\u2026 des id\u00e9es pour ce jeudi 29\u00a0janvier"},"content":{"rendered":"<p>\n                                                                Belgique \u00e0 Palavas, Chipies au Montpellier Redline, maladies virales avec le Bar des sciences, \u00ab\u00a0La Fille du Konbini\u00a0\u00bb en avant-premi\u00e8re au Diagonal, Jubil\u00e4 au th\u00e9\u00e2tre Jean-Vilar, Sarah-Anna au Kawa ou\u00a0Obiquity 5tet au Jam.\n                            <\/p>\n<p>D\u00e9couvrez notre s\u00e9lection de sorties pour ce jeudi 29\u00a0janvier 2026 du c\u00f4t\u00e9 de <a href=\"https:\/\/www.midilibre.fr\/herault\/montpellier\/\" target=\"_blank\" rel=\"noopener\">Montpellier<\/a> et faites le plein d\u2019id\u00e9es avec notre <a href=\"https:\/\/www.midilibre.fr\/agenda\/?path=&amp;q=&amp;where=herault%3Amontpellier&amp;insee=34172&amp;from=2026-01-29&amp;to=2026-01-29&amp;agendapg=13#4157056\" target=\"_blank\" rel=\"noopener\">agenda en ligne<\/a>.<\/p>\n<p>La Belgique, au fil des beaux jours\u2026<\/p>\n<p><strong>Cin\u00e9-conf\u00e9rence.<\/strong>\u00a0C\u00e9cile Clocheret et Fran\u00e7ois Picard\u00a0se sont install\u00e9s presque six mois en famille en Belgique. Ils ont pris le temps de v\u00e9ritablement s\u2019immerger dans la soci\u00e9t\u00e9 belge pour rapporter un inventaire sensible et personnel de ce pays si proche et si mal connu.<\/p>\n<p>&gt;\u00a0Ce\u00a0jeudi 29\u00a0janvier \u00e0 <strong>18\u00a0heures<\/strong> au Nautilus, 16 boulevard Mar\u00e9chal-Joffre \u00e0\u00a0<a href=\"https:\/\/www.midilibre.fr\/herault\/palavas-les-flots\/\" target=\"_blank\" rel=\"noopener\">Palavas-les-Flots<\/a>. Gratuit, offert par la Ville.\u00a0Infos\u00a0: <a href=\"http:\/\/www.altairconferences.com\/\" rel=\"nofollow noopener\" target=\"_blank\">www.altairconferences.com<\/a>\u00a0ou 04\u00a067\u00a050\u00a042\u00a023.<\/p>\n<p>Chipies\u00a0: Lily Benmeni\u00a0&amp; Camille Falcone<\/p>\n<blockquote data-instgrm-captioned=\"\" data-instgrm-permalink=\"https:\/\/www.instagram.com\/p\/DP6tUOciDEU\/?utm_source=ig_embed&amp;utm_campaign=loading\" data-instgrm-version=\"14\" style=\" background:#FFF; border:0; border-radius:3px; box-shadow:0 0 1px 0 rgba(0,0,0,0.5),0 1px 10px 0 rgba(0,0,0,0.15); margin: 1px; max-width:540px; min-width:326px; padding:0; width:99.375%; width:-webkit-calc(100% - 2px); width:calc(100% - 2px);\" data-class=\"instagram-media\"\/>\n<p><strong>Stand up.<\/strong>\u00a0Les Chipies du Sud se retrouvent pour une soir\u00e9e stand-up pleine de vannes, d\u2019\u00e9nergie et d\u2019autod\u00e9rision. Une heure de blagues maison\u00a0!<\/p>\n<p>&gt;\u00a0Ce\u00a0jeudi 29\u00a0janvier \u00e0 <strong>19\u00a0heures<\/strong> au <a href=\"https:\/\/www.montpellierredline.com\/\" target=\"_blank\" rel=\"noopener\">Montpellier Redline<\/a>, 5 rue des Teissiers \u00e0 <a href=\"https:\/\/www.midilibre.fr\/herault\/montpellier\/\" target=\"_blank\" rel=\"noopener\">Montpellier<\/a>. Tarif unique 5\u00a0\u20ac. Contact au\u00a006\u00a095\u00a057\u00a054\u00a047.<\/p>\n<p>\u00ab\u00a0Maladies virales, entre panique et banalisation\u00a0\u00bb<\/p>\n<p><strong>Bar des sciences.<\/strong> Bernard Taverne, anthropologue de la sant\u00e9, Seraf\u00edn Gutierrez, chercheur virologiste et Alain Makinson, professeur des universit\u00e9s et praticien hospitalier infectiologue, converseront sur la question des maladies virales. Face \u00e0 la multiplication des \u00e9pid\u00e9mies et \u00e0 la diffusion massive d\u2019informations, comment distinguer la perception scientifique de la panique m\u00e9diatique ou, au contraire, du rel\u00e2chement face \u00e0 la menace\u00a0?<\/p>\n<p>&gt;\u00a0Ce\u00a0jeudi 29\u00a0janvier\u00a0\u00e0<strong> 19\u00a0h\u00a030<\/strong> \u00e0 la brasserie le D\u00f4me, 2 avenue Clemenceau \u00e0 <a href=\"https:\/\/www.midilibre.fr\/herault\/montpellier\/\" target=\"_blank\" rel=\"noopener\">Montpellier<\/a>. Gratuit, entr\u00e9e libre. Organis\u00e9 par l\u2019<a href=\"https:\/\/www.umontpellier.fr\/articles\/maladies-virales-entre-panique-et-banalisation-sera-la-thematique-du-premier-bar-des-sciences-de-lannee\" target=\"_blank\" rel=\"noopener\">Universit\u00e9 de Montpellier<\/a>.<\/p>\n<p>Avant-premi\u00e8re\u00a0: \u00ab\u00a0La Fille du Konbini\u00a0\u00bb<\/p>\n<p><strong>Cin\u00e9ma. <\/strong>Drame (1h16) de Y\u00fbho Ishibashi, avec Erika Karata, Haruka Im\u00f4. \u00c0 24 ans, Nozomi a abandonn\u00e9 son tailleur de commerciale pour l\u2019uniforme modeste d\u2019une sup\u00e9rette. Entre la monotonie rassurante du quotidien et la complicit\u00e9 de ses coll\u00e8gues, elle pense avoir trouv\u00e9 un fragile \u00e9quilibre. Mais l\u2019irruption d\u2019une ancienne amie du lyc\u00e9e dans le \u201ckonbini\u201d vient bouleverser sa routine et la confronter \u00e0 ses choix de vie.<\/p>\n<p>&gt;\u00a0Ce\u00a0jeudi 29\u00a0janvier \u00e0 <strong>19\u00a0h\u00a030<\/strong>\u00a0au<a href=\"https:\/\/www.cinediagonal.com\/\" target=\"_blank\" rel=\"noopener\"> cin\u00e9ma Diagonal<\/a>, 5 rue de Verdun \u00e0 <a href=\"https:\/\/www.midilibre.fr\/herault\/montpellier\/\" target=\"_blank\" rel=\"noopener\">Montpellier<\/a>. Plein tarif 8\u00a0\u20ac, tarif \u00e9tudiant 6\u00a0\u20ac, Yoot 3,90\u00a0\u20ac. Contact au\u00a004\u00a067\u00a058\u00a058\u00a010.<\/p>\n<p>Jubil\u00e4<\/p>\n<p><strong>Spectacle.<\/strong>\u00a0Seule en sc\u00e8ne dans sa robe de nymphe et portant fi\u00e8rement sa couronne embroussaill\u00e9e, cr\u00e9ature antique et joueuse, clown-enfant et femme lyrique, Le\u00efla Martial rassemble ses mondes. Invoquant Bach au goulot d\u2019une mignonnette, c\u00e9l\u00e9brant l\u2019enfant qu\u2019elle n\u2019aura pas, vibrant \u00e0 son piano toy, Le\u00efla Martial plonge dans le bain des \u00e9motions avec une rare spontan\u00e9it\u00e9.<\/p>\n<p>&gt;\u00a0Ce\u00a0jeudi 29\u00a0janvier \u00e0 <strong>20\u00a0heures<\/strong> au <a href=\"https:\/\/theatrejeanvilar.montpellier.fr\/\" target=\"_blank\" rel=\"noopener\">th\u00e9\u00e2tre Jean-Vilar<\/a>, 155 rue de Bologne \u00e0 <a href=\"https:\/\/www.midilibre.fr\/herault\/montpellier\/\" target=\"_blank\" rel=\"noopener\">Montpellier<\/a>. Plein tarif 20\u00a0\u20ac, tarif r\u00e9duit 11\u00a0\u20ac, moins de 16 ans 5\u00a0\u20ac. Contact au\u00a004\u00a067\u00a040\u00a041\u00a039.<\/p>\n<p>Sarah-Anna\u00a0: Sal\u00e9\u00a0!<\/p>\n<p><strong>Spectacle.\u00a0<\/strong>De son humour noir et son verbe bien aiguis\u00e9, Sarah-Anna, ancienne infirmi\u00e8re, d\u00e9coupe sans prendre de gants.\u00a0Soci\u00e9t\u00e9, sexe, hypocrisie ambiante\u00a0: elle balance tout haut ce que tout le monde ose \u00e0 peine penser tout bas.<\/p>\n<p>&gt;\u00a0Ce jeudi 29\u00a0janvier \u00e0 <strong>20\u00a0h\u00a030<\/strong> au <a href=\"https:\/\/kawatheatre.com\/\" target=\"_blank\" rel=\"noopener\">Kawa th\u00e9\u00e2tre<\/a>, 18 rue Fouques \u00e0\u00a0<a href=\"https:\/\/www.midilibre.fr\/herault\/montpellier\/\" target=\"_blank\" rel=\"noopener\">Montpellier<\/a>. Tarif web\u00a024,53\u00a0\u20ac, 12-25 ans\u00a018,47\u00a0\u20ac. Contact au\u00a004\u00a067\u00a058\u00a015\u00a045.<\/p>\n<p>Obiquity 5tet<\/p>\n<p><strong>Concert.<\/strong>\u00a0Le saxophoniste montpelli\u00e9rain Olivier Bonhomme r\u00e9unit avec lui quatre musiciens talentueux de la sc\u00e8ne r\u00e9gionale et nationale. Le r\u00e9pertoire de compositions originales est teint\u00e9 d\u2019influences m\u00e9tiss\u00e9es allant du hardbop au jazz actuel, en passant par les rythmes afro-latins. Une aventure musicale qui puise sa richesse dans l\u2019ADN du jeu d\u2019ensemble et l\u2019improvisation.<\/p>\n<p>&gt;\u00a0Ce\u00a0jeudi 29\u00a0janvier \u00e0 <strong>21\u00a0heures<\/strong> au <a href=\"https:\/\/www.lejam.com\/\" target=\"_blank\" rel=\"noopener\">Jam<\/a>, 100\u00a0rue Ferdinand-de-Lesseps \u00e0 <a href=\"https:\/\/www.midilibre.fr\/herault\/montpellier\/\" target=\"_blank\" rel=\"noopener\">Montpellier<\/a>. Gratuit, entr\u00e9e libre. Contact au\u00a004\u00a067\u00a058\u00a030\u00a030.<\/p>\n<p>                                                                                                                                                                                                        <script async src=\"\/\/www.instagram.com\/embed.js\"><\/script><\/p>\n","protected":false},"excerpt":{"rendered":"Belgique \u00e0 Palavas, Chipies au Montpellier Redline, maladies virales avec le Bar des sciences, \u00ab\u00a0La Fille du Konbini\u00a0\u00bb&hellip;\n","protected":false},"author":2,"featured_media":694555,"comment_status":"","ping_status":"","sticky":false,"template":"","format":"standard","meta":{"footnotes":""},"categories":[9599],"tags":[1111,11,872,1777,674,1011,27,7089,2208,12,2680,25],"class_list":{"0":"post-694554","1":"post","2":"type-post","3":"status-publish","4":"format-standard","5":"has-post-thumbnail","7":"category-montpellier","8":"tag-actu","9":"tag-actualites","10":"tag-culture-et-loisirs","11":"tag-eu","12":"tag-europe","13":"tag-fr","14":"tag-france","15":"tag-herault","16":"tag-montpellier","17":"tag-news","18":"tag-occitanie","19":"tag-republique-francaise"},"share_on_mastodon":{"url":"https:\/\/pubeurope.com\/@fr\/115971761426009191","error":""},"_links":{"self":[{"href":"https:\/\/www.europesays.com\/fr\/wp-json\/wp\/v2\/posts\/694554","targetHints":{"allow":["GET"]}}],"collection":[{"href":"https:\/\/www.europesays.com\/fr\/wp-json\/wp\/v2\/posts"}],"about":[{"href":"https:\/\/www.europesays.com\/fr\/wp-json\/wp\/v2\/types\/post"}],"author":[{"embeddable":true,"href":"https:\/\/www.europesays.com\/fr\/wp-json\/wp\/v2\/users\/2"}],"replies":[{"embeddable":true,"href":"https:\/\/www.europesays.com\/fr\/wp-json\/wp\/v2\/comments?post=694554"}],"version-history":[{"count":0,"href":"https:\/\/www.europesays.com\/fr\/wp-json\/wp\/v2\/posts\/694554\/revisions"}],"wp:featuredmedia":[{"embeddable":true,"href":"https:\/\/www.europesays.com\/fr\/wp-json\/wp\/v2\/media\/694555"}],"wp:attachment":[{"href":"https:\/\/www.europesays.com\/fr\/wp-json\/wp\/v2\/media?parent=694554"}],"wp:term":[{"taxonomy":"category","embeddable":true,"href":"https:\/\/www.europesays.com\/fr\/wp-json\/wp\/v2\/categories?post=694554"},{"taxonomy":"post_tag","embeddable":true,"href":"https:\/\/www.europesays.com\/fr\/wp-json\/wp\/v2\/tags?post=694554"}],"curies":[{"name":"wp","href":"https:\/\/api.w.org\/{rel}","templated":true}]}}