{"id":694567,"date":"2026-01-28T08:30:11","date_gmt":"2026-01-28T08:30:11","guid":{"rendered":"https:\/\/www.europesays.com\/fr\/694567\/"},"modified":"2026-01-28T08:30:11","modified_gmt":"2026-01-28T08:30:11","slug":"denise-grandmougin-representera-lutte-ouvriere","status":"publish","type":"post","link":"https:\/\/www.europesays.com\/fr\/694567\/","title":{"rendered":"Denise Grandmougin repr\u00e9sentera Lutte ouvri\u00e8re"},"content":{"rendered":"<p>Comme nous l\u2019avions signal\u00e9,\u00a0<a href=\"https:\/\/www.dna.fr\/elections\/2026\/01\/22\/a-schiltigheim-dix-listes-s-affronteront-au-premier-tour-des-municipales\" target=\"_blank\" rel=\"noopener\">l\u2019annonce des dix listes en lice \u00e0 Schiltigheim<\/a>, parue jeudi dans nos pages, n\u2019\u00e9tait qu\u2019une photographie de l\u2019offre \u00e9lectorale au moment o\u00f9 nous \u00e9crivions. D\u2019autres \u00e9quipes pouvaient se d\u00e9clarer. Et cela n\u2019a pas manqu\u00e9\u200a: Denise Grandmougin sera pour la troisi\u00e8me fois \u00e0 la t\u00eate d\u2019une liste de militants Lutte ouvri\u00e8re (LO) lors des \u00e9lections municipales en mars.<\/p>\n","protected":false},"excerpt":{"rendered":"Comme nous l\u2019avions signal\u00e9,\u00a0l\u2019annonce des dix listes en lice \u00e0 Schiltigheim, parue jeudi dans nos pages, n\u2019\u00e9tait qu\u2019une&hellip;\n","protected":false},"author":2,"featured_media":694568,"comment_status":"","ping_status":"","sticky":false,"template":"","format":"standard","meta":{"footnotes":""},"categories":[2820],"tags":[1111,11,2880,4188,1777,674,107,1011,27,775,12,25,5512,640,3265],"class_list":{"0":"post-694567","1":"post","2":"type-post","3":"status-publish","4":"format-standard","5":"has-post-thumbnail","7":"category-strasbourg","8":"tag-actu","9":"tag-actualites","10":"tag-edition-strasbourg","11":"tag-elections-municipales","12":"tag-eu","13":"tag-europe","14":"tag-fil-info","15":"tag-fr","16":"tag-france","17":"tag-grand-est","18":"tag-news","19":"tag-republique-francaise","20":"tag-schiltigheim","21":"tag-strasbourg","22":"tag-strasbourg-nord"},"share_on_mastodon":{"url":"https:\/\/pubeurope.com\/@fr\/115971793039846853","error":""},"_links":{"self":[{"href":"https:\/\/www.europesays.com\/fr\/wp-json\/wp\/v2\/posts\/694567","targetHints":{"allow":["GET"]}}],"collection":[{"href":"https:\/\/www.europesays.com\/fr\/wp-json\/wp\/v2\/posts"}],"about":[{"href":"https:\/\/www.europesays.com\/fr\/wp-json\/wp\/v2\/types\/post"}],"author":[{"embeddable":true,"href":"https:\/\/www.europesays.com\/fr\/wp-json\/wp\/v2\/users\/2"}],"replies":[{"embeddable":true,"href":"https:\/\/www.europesays.com\/fr\/wp-json\/wp\/v2\/comments?post=694567"}],"version-history":[{"count":0,"href":"https:\/\/www.europesays.com\/fr\/wp-json\/wp\/v2\/posts\/694567\/revisions"}],"wp:featuredmedia":[{"embeddable":true,"href":"https:\/\/www.europesays.com\/fr\/wp-json\/wp\/v2\/media\/694568"}],"wp:attachment":[{"href":"https:\/\/www.europesays.com\/fr\/wp-json\/wp\/v2\/media?parent=694567"}],"wp:term":[{"taxonomy":"category","embeddable":true,"href":"https:\/\/www.europesays.com\/fr\/wp-json\/wp\/v2\/categories?post=694567"},{"taxonomy":"post_tag","embeddable":true,"href":"https:\/\/www.europesays.com\/fr\/wp-json\/wp\/v2\/tags?post=694567"}],"curies":[{"name":"wp","href":"https:\/\/api.w.org\/{rel}","templated":true}]}}