{"id":694587,"date":"2026-01-28T08:43:09","date_gmt":"2026-01-28T08:43:09","guid":{"rendered":"https:\/\/www.europesays.com\/fr\/694587\/"},"modified":"2026-01-28T08:43:09","modified_gmt":"2026-01-28T08:43:09","slug":"ces-locaux-associatifs-qui-creent-la-polemique-dans-la-cite-la-paternelle-a-marseille","status":"publish","type":"post","link":"https:\/\/www.europesays.com\/fr\/694587\/","title":{"rendered":"Ces locaux associatifs qui cr\u00e9ent la pol\u00e9mique dans la cit\u00e9 la Paternelle \u00e0 Marseille"},"content":{"rendered":"<p>Au c\u0153ur de la<a href=\"https:\/\/www.laprovence.com\/article\/region\/22422602546581\/aujourdhui-les-petits-recommencent-a-jouer-dehors-a-la-paternelle-a-marseille-la-vie-dapres-le-trafic\" target=\"_blank\" rel=\"noopener\"> cit\u00e9 de La Paternelle (14e)<\/a>, des locaux mis \u00e0 disposition gracieusement par le bailleur de la ville, <a href=\"https:\/\/www.laprovence.com\/article\/region\/1700957434021914\/il-fallait-faire-disparaitre-marseille-de-notre-nom-habitat-marseille-provence-devient-provence-metropole-logement\" target=\"_blank\" rel=\"noopener\">Marseille Habitat<\/a>, cristallisent les tensions. Depuis\u00a02004, le bail est au nom de <a href=\"https:\/\/www.laprovence.com\/article\/region\/1638956386244114\/a-la-busserine-pour-lassociation-schabba-l-action-justifie-les-moyens\" target=\"_blank\" rel=\"noopener\">l\u2019association Schebba<\/a> qui, ici, dispense notamment des cours de fran\u00e7ais langue \u00e9trang\u00e8re (FLE). Cette derni\u00e8re h\u00e9berge l\u2019association Jeunes Renaissance, qui \u0153uvre sur le quartier depuis\u00a02012, dans un premier espace de ces locaux qui disposent de plusieurs salles. \u00ab\u00a0Nous proposons de l\u2019aide aux devoirs, des cours de math\u00e9matiques et d\u2019excellence, des repas partag\u00e9s, les temps parents-enfants du mercredi, les f\u00eates de quartier, des soir\u00e9es une fois par mois\u2026\u00a0\u00bb, d\u00e9taille Fadela Kader, la dynamique pr\u00e9sidente de l\u2019association qui compte 200 familles adh\u00e9rentes.<\/p>\n<p>C\u2019est justement pour organiser toutes ces activit\u00e9s que les membres de Jeunes Renaissance demandent un local plus vaste depuis\u00a02020. Alors, <a href=\"https:\/\/www.laprovence.com\/article\/region\/48689196481057\/hlm-le-bailleur-social-marseille-habitat-veut-avancer-malgre-ses-dettes\" target=\"_blank\" rel=\"noopener\">quand la directrice de Marseille Habitat<\/a> les informe que l\u2019association Schebba d\u00e9sire r\u00e9silier le bail et rendre les cl\u00e9s en d\u00e9cembre dernier, Fadela explose de joie. \u00ab\u00a0Nous nous adaptions mais nous voyions bien que le reste des locaux n\u2019\u00e9tait plus occup\u00e9\u2026, rel\u00e8ve-t-elle. Le pire dans cette histoire, &#8230;<\/p>\n","protected":false},"excerpt":{"rendered":"Au c\u0153ur de la cit\u00e9 de La Paternelle (14e), des locaux mis \u00e0 disposition gracieusement par le bailleur&hellip;\n","protected":false},"author":2,"featured_media":694588,"comment_status":"","ping_status":"","sticky":false,"template":"","format":"standard","meta":{"footnotes":""},"categories":[2814],"tags":[5734,1111,11,50310,9122,48966,1446,1777,674,1011,27,14917,884,12,1062,882,3583,16,25],"class_list":{"0":"post-694587","1":"post","2":"type-post","3":"status-publish","4":"format-standard","5":"has-post-thumbnail","7":"category-marseille","8":"tag-5734","9":"tag-actu","10":"tag-actualites","11":"tag-associatifs","12":"tag-ces","13":"tag-creent","14":"tag-dans","15":"tag-eu","16":"tag-europe","17":"tag-fr","18":"tag-france","19":"tag-locaux","20":"tag-marseille","21":"tag-news","22":"tag-polemique","23":"tag-provence-alpes-cote-dazur","24":"tag-qui","25":"tag-region","26":"tag-republique-francaise"},"share_on_mastodon":{"url":"https:\/\/pubeurope.com\/@fr\/115971844119322377","error":""},"_links":{"self":[{"href":"https:\/\/www.europesays.com\/fr\/wp-json\/wp\/v2\/posts\/694587","targetHints":{"allow":["GET"]}}],"collection":[{"href":"https:\/\/www.europesays.com\/fr\/wp-json\/wp\/v2\/posts"}],"about":[{"href":"https:\/\/www.europesays.com\/fr\/wp-json\/wp\/v2\/types\/post"}],"author":[{"embeddable":true,"href":"https:\/\/www.europesays.com\/fr\/wp-json\/wp\/v2\/users\/2"}],"replies":[{"embeddable":true,"href":"https:\/\/www.europesays.com\/fr\/wp-json\/wp\/v2\/comments?post=694587"}],"version-history":[{"count":0,"href":"https:\/\/www.europesays.com\/fr\/wp-json\/wp\/v2\/posts\/694587\/revisions"}],"wp:featuredmedia":[{"embeddable":true,"href":"https:\/\/www.europesays.com\/fr\/wp-json\/wp\/v2\/media\/694588"}],"wp:attachment":[{"href":"https:\/\/www.europesays.com\/fr\/wp-json\/wp\/v2\/media?parent=694587"}],"wp:term":[{"taxonomy":"category","embeddable":true,"href":"https:\/\/www.europesays.com\/fr\/wp-json\/wp\/v2\/categories?post=694587"},{"taxonomy":"post_tag","embeddable":true,"href":"https:\/\/www.europesays.com\/fr\/wp-json\/wp\/v2\/tags?post=694587"}],"curies":[{"name":"wp","href":"https:\/\/api.w.org\/{rel}","templated":true}]}}