{"id":694606,"date":"2026-01-28T08:54:22","date_gmt":"2026-01-28T08:54:22","guid":{"rendered":"https:\/\/www.europesays.com\/fr\/694606\/"},"modified":"2026-01-28T08:54:22","modified_gmt":"2026-01-28T08:54:22","slug":"nouveaux-raids-russes-en-ukraine-deux-morts-dans-la-region-de-kyiv-28-01-2026-a-0902","status":"publish","type":"post","link":"https:\/\/www.europesays.com\/fr\/694606\/","title":{"rendered":"Nouveaux raids russes en Ukraine, deux morts dans la r\u00e9gion de Kyiv &#8211; 28\/01\/2026 \u00e0 09:02"},"content":{"rendered":"<p>\n Deux personnes ont \u00e9t\u00e9 tu\u00e9es dans<br \/>\nla r\u00e9gion de Kyiv lors d&rsquo;une attaque a\u00e9rienne nocturne men\u00e9e par<br \/>\nles forces russes, rapportent mercredi les autorit\u00e9s<br \/>\nukrainiennes.\n<\/p>\n<p>\n Les victimes sont un homme et une femme. Quatre autres<br \/>\npersonnes dont deux enfants ont eu besoin d&rsquo;une prise en charge<br \/>\nm\u00e9dicale, a d\u00e9clar\u00e9 le gouverneur de l&rsquo;oblast de la capitale,<br \/>\nMykola Kalachnyk, sur la plateforme de messagerie Telegram.\n<\/p>\n<p>\n Selon l&rsquo;arm\u00e9e de l&rsquo;air ukrainienne, la Russie a tir\u00e9 durant<br \/>\nla nuit un missile balistique Iskander-M et 146 drones, dont une<br \/>\ncentaine ont \u00e9t\u00e9 neutralis\u00e9s par les d\u00e9fenses a\u00e9riennes.\n<\/p>\n<p>\n A Kyiv, une frappe a touch\u00e9 un immeuble d&rsquo;habitation de 17<br \/>\n\u00e9tages, causant des d\u00e9g\u00e2ts mineurs sur le toit et soufflant les<br \/>\nvitres des \u00e9tages sup\u00e9rieurs, ont d\u00e9clar\u00e9 les secours.\n<\/p>\n<p>\n A Odessa dans le sud du pays, o\u00f9 trois personnes ont \u00e9t\u00e9<br \/>\ntu\u00e9es mardi, de nouveaux raids ont fait trois bless\u00e9s, a d\u00e9clar\u00e9<br \/>\nle chef de l&rsquo;administration militaire de la ville portuaire,<br \/>\nSerhiy Lysak.\n<\/p>\n<p>\n Dans le centre-sud, les villes de Kryvy\u00ef Rih et Zaporijjia<br \/>\nont \u00e9galement \u00e9t\u00e9 vis\u00e9es par des frappes qui ont fait six<br \/>\nbless\u00e9s au total, selon les autorit\u00e9s locales.\n<\/p>\n<p>\n (R\u00e9dig\u00e9 par Anna Pruchnicka, Jean-St\u00e9phane Brosse pour la<br \/>\nversion fran\u00e7aise, \u00e9dit\u00e9 par Blandine H\u00e9nault)<\/p>\n","protected":false},"excerpt":{"rendered":"Deux personnes ont \u00e9t\u00e9 tu\u00e9es dans la r\u00e9gion de Kyiv lors d&rsquo;une attaque a\u00e9rienne nocturne men\u00e9e par les&hellip;\n","protected":false},"author":2,"featured_media":2486,"comment_status":"","ping_status":"","sticky":false,"template":"","format":"standard","meta":{"footnotes":""},"categories":[1590],"tags":[400,11,398,408,405,1777,674,403,402,399,404,12,401,406,220,407],"class_list":{"0":"post-694606","1":"post","2":"type-post","3":"status-publish","4":"format-standard","5":"has-post-thumbnail","7":"category-ukraine","8":"tag-action-cac-40","9":"tag-actualites","10":"tag-bourse-de-paris","11":"tag-boursorama","12":"tag-cotations","13":"tag-eu","14":"tag-europe","15":"tag-indices-devises","16":"tag-investir","17":"tag-investissement","18":"tag-marche-boursier","19":"tag-news","20":"tag-sicav","21":"tag-trackers","22":"tag-ukraine","23":"tag-warrants"},"share_on_mastodon":{"url":"https:\/\/pubeurope.com\/@fr\/115971887225447257","error":""},"_links":{"self":[{"href":"https:\/\/www.europesays.com\/fr\/wp-json\/wp\/v2\/posts\/694606","targetHints":{"allow":["GET"]}}],"collection":[{"href":"https:\/\/www.europesays.com\/fr\/wp-json\/wp\/v2\/posts"}],"about":[{"href":"https:\/\/www.europesays.com\/fr\/wp-json\/wp\/v2\/types\/post"}],"author":[{"embeddable":true,"href":"https:\/\/www.europesays.com\/fr\/wp-json\/wp\/v2\/users\/2"}],"replies":[{"embeddable":true,"href":"https:\/\/www.europesays.com\/fr\/wp-json\/wp\/v2\/comments?post=694606"}],"version-history":[{"count":0,"href":"https:\/\/www.europesays.com\/fr\/wp-json\/wp\/v2\/posts\/694606\/revisions"}],"wp:featuredmedia":[{"embeddable":true,"href":"https:\/\/www.europesays.com\/fr\/wp-json\/wp\/v2\/media\/2486"}],"wp:attachment":[{"href":"https:\/\/www.europesays.com\/fr\/wp-json\/wp\/v2\/media?parent=694606"}],"wp:term":[{"taxonomy":"category","embeddable":true,"href":"https:\/\/www.europesays.com\/fr\/wp-json\/wp\/v2\/categories?post=694606"},{"taxonomy":"post_tag","embeddable":true,"href":"https:\/\/www.europesays.com\/fr\/wp-json\/wp\/v2\/tags?post=694606"}],"curies":[{"name":"wp","href":"https:\/\/api.w.org\/{rel}","templated":true}]}}