{"id":694619,"date":"2026-01-28T09:01:11","date_gmt":"2026-01-28T09:01:11","guid":{"rendered":"https:\/\/www.europesays.com\/fr\/694619\/"},"modified":"2026-01-28T09:01:11","modified_gmt":"2026-01-28T09:01:11","slug":"inondations-en-bretagne-odet-laita-oust-suivez-le-niveau-des-cours-deau-en-temps-reel","status":"publish","type":"post","link":"https:\/\/www.europesays.com\/fr\/694619\/","title":{"rendered":"Inondations en Bretagne\u00a0: Odet, La\u00efta, Oust\u2026 Suivez le niveau des cours d\u2019eau en temps r\u00e9el"},"content":{"rendered":"<p>Quelle est la hauteur d\u2019eau du cours d\u2019eau pr\u00e8s de chez vous ? \u00c0 partir des donn\u00e9es de Vigicrues, suivez en temps r\u00e9el le niveau de l\u2019Odet, du Blavet, de l\u2019Oust, de la Vilaine ou encore de la La\u00efta \u00e0 partir de leur principale station d\u2019observation (Quimper, Quimperl\u00e9, Redon, Malestroit, Josselin, etc). L\u2019actualisation automatique des donn\u00e9es \u00e0 lieu toutes les heures.<\/p>\n<p>Le niveau de l\u2019Odet en direct<\/p>\n<p>La La\u00efta, le Blavet et l\u2019Oust sont plac\u00e9s en vigilance orange crues par Vigicrues. L\u2019Odet, l&rsquo;Aulne, la Vilaine, la Seiche, la Meu, les Gouessant-Arguenon-Rance, les Trieux-Leff-Gou\u00ebt, Morlaix et les Leguer-Guindy-Jaudy sont, eux, en vigilance jaune.<\/p>\n","protected":false},"excerpt":{"rendered":"Quelle est la hauteur d\u2019eau du cours d\u2019eau pr\u00e8s de chez vous ? \u00c0 partir des donn\u00e9es de&hellip;\n","protected":false},"author":2,"featured_media":694620,"comment_status":"","ping_status":"","sticky":false,"template":"","format":"standard","meta":{"footnotes":""},"categories":[2],"tags":[11,79031,829,2171,765,3321,1011,27,848,3729,2131,12,6099,3319,11878,25],"class_list":{"0":"post-694619","1":"post","2":"type-post","3":"status-publish","4":"format-standard","5":"has-post-thumbnail","7":"category-actualites","8":"tag-actualites","9":"tag-belle-isle-en-terre","10":"tag-bretagne","11":"tag-cotes-darmor","12":"tag-en-continu","13":"tag-finistere","14":"tag-fr","15":"tag-france","16":"tag-ille-et-vilaine","17":"tag-morbihan","18":"tag-morlaix","19":"tag-news","20":"tag-pontivy","21":"tag-quimper","22":"tag-quimperle","23":"tag-republique-francaise"},"share_on_mastodon":{"url":"https:\/\/pubeurope.com\/@fr\/115971914705341694","error":""},"_links":{"self":[{"href":"https:\/\/www.europesays.com\/fr\/wp-json\/wp\/v2\/posts\/694619","targetHints":{"allow":["GET"]}}],"collection":[{"href":"https:\/\/www.europesays.com\/fr\/wp-json\/wp\/v2\/posts"}],"about":[{"href":"https:\/\/www.europesays.com\/fr\/wp-json\/wp\/v2\/types\/post"}],"author":[{"embeddable":true,"href":"https:\/\/www.europesays.com\/fr\/wp-json\/wp\/v2\/users\/2"}],"replies":[{"embeddable":true,"href":"https:\/\/www.europesays.com\/fr\/wp-json\/wp\/v2\/comments?post=694619"}],"version-history":[{"count":0,"href":"https:\/\/www.europesays.com\/fr\/wp-json\/wp\/v2\/posts\/694619\/revisions"}],"wp:featuredmedia":[{"embeddable":true,"href":"https:\/\/www.europesays.com\/fr\/wp-json\/wp\/v2\/media\/694620"}],"wp:attachment":[{"href":"https:\/\/www.europesays.com\/fr\/wp-json\/wp\/v2\/media?parent=694619"}],"wp:term":[{"taxonomy":"category","embeddable":true,"href":"https:\/\/www.europesays.com\/fr\/wp-json\/wp\/v2\/categories?post=694619"},{"taxonomy":"post_tag","embeddable":true,"href":"https:\/\/www.europesays.com\/fr\/wp-json\/wp\/v2\/tags?post=694619"}],"curies":[{"name":"wp","href":"https:\/\/api.w.org\/{rel}","templated":true}]}}