{"id":694623,"date":"2026-01-28T09:03:13","date_gmt":"2026-01-28T09:03:13","guid":{"rendered":"https:\/\/www.europesays.com\/fr\/694623\/"},"modified":"2026-01-28T09:03:13","modified_gmt":"2026-01-28T09:03:13","slug":"des-points-mondiaux-pour-le-liv-ou-pas-decision-imminente","status":"publish","type":"post","link":"https:\/\/www.europesays.com\/fr\/694623\/","title":{"rendered":"Des points mondiaux pour le LIV (ou pas), d\u00e9cision imminente"},"content":{"rendered":"<p>\t\t\t\t\t\t<img width=\"770\" height=\"556\" src=\"https:\/\/www.europesays.com\/fr\/wp-content\/uploads\/2025\/04\/golf-liv-norman-calendrier-jon-rahm-cameron-smith-770x556.jpg\" class=\"img-responsive wp-post-image\" alt=\"liv golf andalucia Sergio Garcia, Photo Angel Martinez\/Getty Images\" decoding=\"async\" fetchpriority=\"high\"  \/>\t\t\t\t\t<\/p>\n<p>\t\t\t\t\t\t Partager cet article <\/p>\n<p class=\"screen-reader-text juiz_sps_maybe_hidden_text\">Partager la publication \u00ab\u00a0Des points mondiaux pour le LIV (ou pas), d\u00e9cision imminente\u00a0\u00bb<\/p>\n<p><strong>Les responsables de l\u2019OWGR, le classement mondial du golf masculin, se r\u00e9unissent ce mercredi. L\u2019annonce tr\u00e8s attendue de l\u2019attribution de points mondiaux pour le LIV semble imminente. A moins d\u2019une mauvaise surprise pour Jon Rahm et ses camarades\u2026<\/strong><\/p>\n<p>Le feuilleton va (sans doute) prendre fin cette semaine. Avec, a priori, une issue favorable pour le <strong>LIV Golf<\/strong>. A moins d\u2019un retournement de situation inattendue.<\/p>\n<p>Alors que la saison 2026 d\u00e9bute le 4 f\u00e9vrier sur le Riyadh Golf Club, le circuit financ\u00e9 par le PIF saoudien va peut-\u00eatre, pour la toute premi\u00e8re fois, distribuer des points mondiaux. L\u2019<a href=\"https:\/\/www.owgr.com\/\" target=\"_blank\" rel=\"noopener\"><strong>OWGR<\/strong><\/a>, l\u2019organe qui g\u00e8re ce fameux classement mondial, se r\u00e9unit dans quelques heures. La d\u00e9cision finale pour le LIV devrait tomber avant la fin de la semaine.<\/p>\n<p>En choisissant <a href=\"https:\/\/www.golfplanete.com\/actualites\/coup-de-tonnerre-le-liv-golf-annonce-un-changement-fracassant-dans-son-format-de-jeu\/\" target=\"_blank\" rel=\"noopener\">de passer de trois \u00e0 quatre tours de comp\u00e9tition par tournoi<\/a>, en renfor\u00e7ant le nombre de joueurs par tournoi, le LIV a tout fait pour obtenir cette sorte de \u00ab r\u00e9compense \u00bb. <\/p>\n<p>L\u2019ombre d\u2019un doute<\/p>\n<p>Une r\u00e9compense car cela changerait tout : de nombreux joueurs sur le LIV sont emp\u00each\u00e9s de jouer les tournois majeurs puisque leur circuit n\u2019a pour le moment jamais \u00e9t\u00e9 en mesure d\u2019attribuer des points \u00e0 l\u2019OWGR. Or pour jouer les Majeurs, le classement mondial est d\u00e9terminant (sauf pour les r\u00e9cents vainqueurs en Grand Chelem, tels <strong>Jon Rahm<\/strong> ou <strong>Bryson DeChambeau<\/strong>).<\/p>\n<p>Il reste toutefois un doute. Le pr\u00e9sident de l\u2019OWGR, <strong>Trevor Immelman<\/strong>, a d\u00e9clar\u00e9 le mois dernier que l\u2019un des obstacles \u00e0 la demande de LIV \u00e9tait que la grande majorit\u00e9 de ses joueurs y \u00e9taient invit\u00e9s plut\u00f4t que d\u2019avoir gagn\u00e9 leur place, ce qui diff\u00e8re des 24 autres circuits faisant partie du syst\u00e8me OWGR. La mani\u00e8re arbitraire dont sont constitu\u00e9s les effectifs peut \u00eatre le dernier frein \u00e0 une issue favorable pour le circuit dirig\u00e9 par <strong data-start=\"85\" data-end=\"101\">Scott O\u2019Neil<\/strong>.<\/p>\n<p>Le conseil de l\u2019OWGR se r\u00e9unit ce mercredi et, bien qu\u2019un vote concernant LIV ne soit pas cens\u00e9 figurer \u00e0 l\u2019ordre du jour, il existe une possibilit\u00e9 qu\u2019une d\u00e9cision soit annonc\u00e9e d\u2019ici la fin de la semaine.<\/p>\n<p>Le nouveau circuit de <a href=\"https:\/\/www.golfplanete.com\/actualites\/victor-perez-explique-pourquoi-il-a-vraiment-decide-de-rejoindre-le-liv-golf\/\" target=\"_blank\" rel=\"noopener\"><strong>Victor Perez<\/strong><\/a>, de <a href=\"https:\/\/www.golfplanete.com\/actualites\/un-amateur-sacrifie-le-masters-pour-jouer-sur-le-liv-golf\/\" target=\"_blank\" rel=\"noopener\"><strong>Michael La Sasso<\/strong><\/a> et de <a href=\"https:\/\/www.golfplanete.com\/actualites\/thomas-detry-confirme-sur-le-liv\/\" target=\"_blank\" rel=\"noopener\"><strong>Thomas Detry<\/strong> <\/a>et de va entamer la cinqui\u00e8me saison de son histoire.\u00a0<\/p>\n<p>Photo Angel Martinez\/Getty Images<br \/>&#13;<\/p>\n","protected":false},"excerpt":{"rendered":"Partager cet article Partager la publication \u00ab\u00a0Des points mondiaux pour le LIV (ou pas), d\u00e9cision imminente\u00a0\u00bb Les responsables&hellip;\n","protected":false},"author":2,"featured_media":64191,"comment_status":"","ping_status":"","sticky":false,"template":"","format":"standard","meta":{"footnotes":""},"categories":[1418],"tags":[1011,27,1472,60],"class_list":{"0":"post-694623","1":"post","2":"type-post","3":"status-publish","4":"format-standard","5":"has-post-thumbnail","7":"category-golf","8":"tag-fr","9":"tag-france","10":"tag-golf","11":"tag-sports"},"share_on_mastodon":{"url":"https:\/\/pubeurope.com\/@fr\/115971922487553792","error":""},"_links":{"self":[{"href":"https:\/\/www.europesays.com\/fr\/wp-json\/wp\/v2\/posts\/694623","targetHints":{"allow":["GET"]}}],"collection":[{"href":"https:\/\/www.europesays.com\/fr\/wp-json\/wp\/v2\/posts"}],"about":[{"href":"https:\/\/www.europesays.com\/fr\/wp-json\/wp\/v2\/types\/post"}],"author":[{"embeddable":true,"href":"https:\/\/www.europesays.com\/fr\/wp-json\/wp\/v2\/users\/2"}],"replies":[{"embeddable":true,"href":"https:\/\/www.europesays.com\/fr\/wp-json\/wp\/v2\/comments?post=694623"}],"version-history":[{"count":0,"href":"https:\/\/www.europesays.com\/fr\/wp-json\/wp\/v2\/posts\/694623\/revisions"}],"wp:featuredmedia":[{"embeddable":true,"href":"https:\/\/www.europesays.com\/fr\/wp-json\/wp\/v2\/media\/64191"}],"wp:attachment":[{"href":"https:\/\/www.europesays.com\/fr\/wp-json\/wp\/v2\/media?parent=694623"}],"wp:term":[{"taxonomy":"category","embeddable":true,"href":"https:\/\/www.europesays.com\/fr\/wp-json\/wp\/v2\/categories?post=694623"},{"taxonomy":"post_tag","embeddable":true,"href":"https:\/\/www.europesays.com\/fr\/wp-json\/wp\/v2\/tags?post=694623"}],"curies":[{"name":"wp","href":"https:\/\/api.w.org\/{rel}","templated":true}]}}