{"id":694630,"date":"2026-01-28T09:11:11","date_gmt":"2026-01-28T09:11:11","guid":{"rendered":"https:\/\/www.europesays.com\/fr\/694630\/"},"modified":"2026-01-28T09:11:11","modified_gmt":"2026-01-28T09:11:11","slug":"lequipe-parisienne-selon-la-presse-avec-hakimi-et-kvaratskhelia","status":"publish","type":"post","link":"https:\/\/www.europesays.com\/fr\/694630\/","title":{"rendered":"L&rsquo;\u00e9quipe parisienne selon la presse : avec Hakimi et Kvaratskhelia"},"content":{"rendered":"<p><strong>Ce mercredi, lors de la <b>8e <\/b>journ\u00e9e de la phase de Ligue de la Ligue des Champions 2025-2026, le Paris Saint-Germain (6e) affronte <b>Newcastle (7e) <\/b>au Parc des Princes (coup d\u2019envoi \u00e0 21h, diffusion sur Canal+). A l\u2019aube de cette rencontre, la presse a essay\u00e9 de deviner l\u2019\u00e9quipe qui sera align\u00e9e par le coach parisien Luis Enrique.<\/strong><\/p>\n<p>Le Parisien (4-3-3) \u2013<\/p>\n<p style=\"text-align: center;\">Barcola \u2013 Demb\u00e9l\u00e9 \u2013 Kvaratskhelia<\/p>\n<p style=\"text-align: center;\">Ruiz \u2013 Vitinha \u2013 Za\u00efre-Emery<\/p>\n<p style=\"text-align: center;\">Mendes \u2013 Pacho \u2013 Marquinhos \u2013 Hakimi<\/p>\n<p style=\"text-align: center;\">Chevalier<\/p>\n<p>L\u2019Equipe (4-3-3) \u2013<\/p>\n<p style=\"text-align: center;\">Barcola \u2013 Demb\u00e9l\u00e9 \u2013 Kvaratskhelia<\/p>\n<p style=\"text-align: center;\">Ruiz \u2013 Vitinha \u2013 Za\u00efre-Emery<\/p>\n<p style=\"text-align: center;\">Mendes \u2013 Pacho \u2013 Marquinhos \u2013 Hakimi<\/p>\n<p style=\"text-align: center;\">Chevalier<\/p>\n<p>Une \u00e9quipe tout \u00e0 fait possible, mais sans certitude, comme toujours. Luis Enrique ne donne pas des indications \u00e0 la presse, qui doit surtout chercher \u00e0 anticiper. On se doute que ce sera le meilleur onze possible, sans une rotation particuli\u00e8re. Cette derni\u00e8re est plut\u00f4t faite pour que les joueurs \u00ab\u00a0clefs\u00a0\u00bb soient au mieux pour cette soir\u00e9e.<\/p>\n<p>Cependant, cela laisse plusieurs options ouvertes au milieu d\u2019une grande concurrence et d\u2019une polyvalence tr\u00e8s d\u00e9velopp\u00e9e dans le groupe. Lequel a retrouv\u00e9 des joueurs derni\u00e8rement, c\u2019est une excellente nouvelle. Il y aura plus de surprises pour l\u2019adversaire, avec diff\u00e9rentes options pour le coach. Il faudra attendre l\u2019annonce officielle des compositions (environ une heure avant le match) pour \u00eatre s\u00fbr des choix, et encore il peut rester des doutes sur quelques positions.<\/p>\n<p>Ici, on attend surtout de savoir \u00e0 quel point Achraf Hakimi, Fabian Ruiz ou Jo\u00e3o Neves peuvent d\u00e9marrer cette rencontre pour leur retour (esp\u00e9r\u00e9) dans le groupe.<\/p>\n<p>\t\t\t\t\t\t\t\t\t\t\t\t\t\t\t\t\t\t\t\t\t\t\t<img decoding=\"async\" src=\"https:\/\/www.europesays.com\/fr\/wp-content\/uploads\/2025\/04\/ParisFans_Logo.png\"\/><\/p>\n","protected":false},"excerpt":{"rendered":"Ce mercredi, lors de la 8e journ\u00e9e de la phase de Ligue de la Ligue des Champions 2025-2026,&hellip;\n","protected":false},"author":2,"featured_media":694631,"comment_status":"","ping_status":"","sticky":false,"template":"","format":"standard","meta":{"footnotes":""},"categories":[1410],"tags":[63,1011,27,79032,60,96],"class_list":{"0":"post-694630","1":"post","2":"type-post","3":"status-publish","4":"format-standard","5":"has-post-thumbnail","7":"category-football","8":"tag-football","9":"tag-fr","10":"tag-france","11":"tag-psg-newcastle","12":"tag-sports","13":"tag-une"},"share_on_mastodon":{"url":"https:\/\/pubeurope.com\/@fr\/115971954312042387","error":""},"_links":{"self":[{"href":"https:\/\/www.europesays.com\/fr\/wp-json\/wp\/v2\/posts\/694630","targetHints":{"allow":["GET"]}}],"collection":[{"href":"https:\/\/www.europesays.com\/fr\/wp-json\/wp\/v2\/posts"}],"about":[{"href":"https:\/\/www.europesays.com\/fr\/wp-json\/wp\/v2\/types\/post"}],"author":[{"embeddable":true,"href":"https:\/\/www.europesays.com\/fr\/wp-json\/wp\/v2\/users\/2"}],"replies":[{"embeddable":true,"href":"https:\/\/www.europesays.com\/fr\/wp-json\/wp\/v2\/comments?post=694630"}],"version-history":[{"count":0,"href":"https:\/\/www.europesays.com\/fr\/wp-json\/wp\/v2\/posts\/694630\/revisions"}],"wp:featuredmedia":[{"embeddable":true,"href":"https:\/\/www.europesays.com\/fr\/wp-json\/wp\/v2\/media\/694631"}],"wp:attachment":[{"href":"https:\/\/www.europesays.com\/fr\/wp-json\/wp\/v2\/media?parent=694630"}],"wp:term":[{"taxonomy":"category","embeddable":true,"href":"https:\/\/www.europesays.com\/fr\/wp-json\/wp\/v2\/categories?post=694630"},{"taxonomy":"post_tag","embeddable":true,"href":"https:\/\/www.europesays.com\/fr\/wp-json\/wp\/v2\/tags?post=694630"}],"curies":[{"name":"wp","href":"https:\/\/api.w.org\/{rel}","templated":true}]}}