{"id":694634,"date":"2026-01-28T09:13:12","date_gmt":"2026-01-28T09:13:12","guid":{"rendered":"https:\/\/www.europesays.com\/fr\/694634\/"},"modified":"2026-01-28T09:13:12","modified_gmt":"2026-01-28T09:13:12","slug":"pouilloux-libre-regard-avec-georges-kulik-pour-maitre","status":"publish","type":"post","link":"https:\/\/www.europesays.com\/fr\/694634\/","title":{"rendered":"Pouilloux &#8211; Libre regard : avec Georges Kulik pour ma\u00eetre"},"content":{"rendered":"<p><b><img fetchpriority=\"high\" decoding=\"async\" data-attachment-id=\"209674\" data-permalink=\"https:\/\/linformateurdebourgogne.com\/pouilloux-libre-regard-avec-georges-kulik-pour-maitre\/kulik\/\" data-orig-file=\"https:\/\/linformateurdebourgogne.com\/wp-content\/uploads\/2026\/01\/kulik-e1769528308346.jpg\" data-orig-size=\"599,457\" data-comments-opened=\"0\" data-image-meta=\"{&quot;aperture&quot;:&quot;0&quot;,&quot;credit&quot;:&quot;&quot;,&quot;camera&quot;:&quot;&quot;,&quot;caption&quot;:&quot;&quot;,&quot;created_timestamp&quot;:&quot;0&quot;,&quot;copyright&quot;:&quot;&quot;,&quot;focal_length&quot;:&quot;0&quot;,&quot;iso&quot;:&quot;0&quot;,&quot;shutter_speed&quot;:&quot;0&quot;,&quot;title&quot;:&quot;&quot;,&quot;orientation&quot;:&quot;0&quot;}\" data-image-title=\"kulik\" data-image-description=\"\" data-image-caption=\"\" data-medium-file=\"https:\/\/linformateurdebourgogne.com\/wp-content\/uploads\/2026\/01\/kulik-e1769528308346-300x229.jpg\" data-large-file=\"https:\/\/linformateurdebourgogne.com\/wp-content\/uploads\/2026\/01\/kulik-e1769528308346.jpg\" class=\"wp-image-209674 size-full aligncenter\" src=\"https:\/\/www.europesays.com\/fr\/wp-content\/uploads\/2026\/01\/kulik.jpg\" alt=\"\" width=\"600\" height=\"800\"\/><\/b><\/p>\n<p><img loading=\"lazy\" decoding=\"async\" data-attachment-id=\"209671\" data-permalink=\"https:\/\/linformateurdebourgogne.com\/montceau-nouveaux-locaux-du-radio-club-du-bassin-minier-recu-5-sur-5\/vide-164\/\" data-orig-file=\"https:\/\/linformateurdebourgogne.com\/wp-content\/uploads\/2026\/01\/vide-10.png\" data-orig-size=\"455,37\" data-comments-opened=\"0\" data-image-meta=\"{&quot;aperture&quot;:&quot;0&quot;,&quot;credit&quot;:&quot;&quot;,&quot;camera&quot;:&quot;&quot;,&quot;caption&quot;:&quot;&quot;,&quot;created_timestamp&quot;:&quot;0&quot;,&quot;copyright&quot;:&quot;&quot;,&quot;focal_length&quot;:&quot;0&quot;,&quot;iso&quot;:&quot;0&quot;,&quot;shutter_speed&quot;:&quot;0&quot;,&quot;title&quot;:&quot;&quot;,&quot;orientation&quot;:&quot;0&quot;}\" data-image-title=\"vide\" data-image-description=\"\" data-image-caption=\"\" data-medium-file=\"https:\/\/www.europesays.com\/fr\/wp-content\/uploads\/2026\/01\/vide-10-300x24.png\" data-large-file=\"https:\/\/linformateurdebourgogne.com\/wp-content\/uploads\/2026\/01\/vide-10.png\" class=\"alignnone size-medium wp-image-209671\" src=\"https:\/\/www.europesays.com\/fr\/wp-content\/uploads\/2026\/01\/vide-10-300x24.png\" alt=\"\" width=\"300\" height=\"24\"  \/><\/p>\n<p><b>Au programme de l\u2019association Libre Regard, Pouilloux.<\/b><\/p>\n<p><b>Nouveau: l\u2019atelier Aquarelle .<\/b><\/p>\n<p><img loading=\"lazy\" decoding=\"async\" data-attachment-id=\"209671\" data-permalink=\"https:\/\/linformateurdebourgogne.com\/montceau-nouveaux-locaux-du-radio-club-du-bassin-minier-recu-5-sur-5\/vide-164\/\" data-orig-file=\"https:\/\/linformateurdebourgogne.com\/wp-content\/uploads\/2026\/01\/vide-10.png\" data-orig-size=\"455,37\" data-comments-opened=\"0\" data-image-meta=\"{&quot;aperture&quot;:&quot;0&quot;,&quot;credit&quot;:&quot;&quot;,&quot;camera&quot;:&quot;&quot;,&quot;caption&quot;:&quot;&quot;,&quot;created_timestamp&quot;:&quot;0&quot;,&quot;copyright&quot;:&quot;&quot;,&quot;focal_length&quot;:&quot;0&quot;,&quot;iso&quot;:&quot;0&quot;,&quot;shutter_speed&quot;:&quot;0&quot;,&quot;title&quot;:&quot;&quot;,&quot;orientation&quot;:&quot;0&quot;}\" data-image-title=\"vide\" data-image-description=\"\" data-image-caption=\"\" data-medium-file=\"https:\/\/www.europesays.com\/fr\/wp-content\/uploads\/2026\/01\/vide-10-300x24.png\" data-large-file=\"https:\/\/linformateurdebourgogne.com\/wp-content\/uploads\/2026\/01\/vide-10.png\" class=\"alignnone size-medium wp-image-209671\" src=\"https:\/\/www.europesays.com\/fr\/wp-content\/uploads\/2026\/01\/vide-10-300x24.png\" alt=\"\" width=\"300\" height=\"24\"  \/><\/p>\n<p>Initiation et perfectionnement par un ma\u00eetre de cette technique Georges Kulik\u00a0 (<a target=\"_blank\" href=\"https:\/\/www.artmajeur.com\/georges-kulik\" rel=\"noopener\" class=\"ox-22f6a71772-moz-txt-link-freetext\">https:\/\/www.artmajeur.com\/georges-kulik<\/a>\u00a0 ).<\/p>\n<p>D\u00e9couvrez toutes les possibilit\u00e9s et subtilit\u00e9s de l\u2019aquarelle, en salle dans un premier temps et \u00e0 l\u2019ext\u00e9rieur\u00a0ensuite\u00a0( verger conservatoire) .<\/p>\n<p>Les cours auront lieu deux matin\u00e9es\u00a0 par mois le mercredi de 9h00 \u00e0 12h00, soit 6h00 d\u2019enseignement (participation mensuelle 30\u20ac).<\/p>\n<p>Le mat\u00e9riel peut \u00eatre personnel ou \u00e0 d\u00e9faut fourni par Georges Kulik<\/p>\n<p>Les places seront limit\u00e9es, constitution d\u2019un petit groupe maxi 10 personnes.<\/p>\n<p><img loading=\"lazy\" decoding=\"async\" data-attachment-id=\"209671\" data-permalink=\"https:\/\/linformateurdebourgogne.com\/montceau-nouveaux-locaux-du-radio-club-du-bassin-minier-recu-5-sur-5\/vide-164\/\" data-orig-file=\"https:\/\/linformateurdebourgogne.com\/wp-content\/uploads\/2026\/01\/vide-10.png\" data-orig-size=\"455,37\" data-comments-opened=\"0\" data-image-meta=\"{&quot;aperture&quot;:&quot;0&quot;,&quot;credit&quot;:&quot;&quot;,&quot;camera&quot;:&quot;&quot;,&quot;caption&quot;:&quot;&quot;,&quot;created_timestamp&quot;:&quot;0&quot;,&quot;copyright&quot;:&quot;&quot;,&quot;focal_length&quot;:&quot;0&quot;,&quot;iso&quot;:&quot;0&quot;,&quot;shutter_speed&quot;:&quot;0&quot;,&quot;title&quot;:&quot;&quot;,&quot;orientation&quot;:&quot;0&quot;}\" data-image-title=\"vide\" data-image-description=\"\" data-image-caption=\"\" data-medium-file=\"https:\/\/www.europesays.com\/fr\/wp-content\/uploads\/2026\/01\/vide-10-300x24.png\" data-large-file=\"https:\/\/linformateurdebourgogne.com\/wp-content\/uploads\/2026\/01\/vide-10.png\" class=\"alignnone size-medium wp-image-209671\" src=\"https:\/\/www.europesays.com\/fr\/wp-content\/uploads\/2026\/01\/vide-10-300x24.png\" alt=\"\" width=\"300\" height=\"24\"  \/><\/p>\n<p><b>Inscription renseignements : 0663943640 ou\u00a0<a target=\"_blank\" href=\"https:\/\/linformateurdebourgogne.com\/pouilloux-libre-regard-avec-georges-kulik-pour-maitre\/mailto:libre.regard@gmail.com\" rel=\"noopener\" class=\"ox-22f6a71772-moz-txt-link-freetext mailto-link\">libre.regard@gmail.com<\/a><\/b><\/p>\n<p>Nous proposons une matin\u00e9e d\u00e9couverte\u00a0<b>mercredi 25 f\u00e9vrier 2026\u00a0 9H00-12h00 salle des associations Pouilloux\u00a0<\/b>( participation 5\u20ac).<\/p>\n<p>J\u2019aime \u00e7a\u00a0:<\/p>\n<p>J\u2019aime chargement\u2026<\/p>\n<p><a class=\"sd-link-color\"\/><\/p>\n<p>\n\tArticles similaires\n<\/p>\n<p>\t\t\t\t\t\t <a href=\"https:\/\/linformateurdebourgogne.com\/pouilloux-libre-regard-avec-georges-kulik-pour-maitre\/\" title=\"Lien vers  Pouilloux \u2013 Libre regard : avec Georges Kulik pour ma\u00eetre\" rel=\"bookmark noopener\" target=\"_blank\"> Favori<\/a>.\t\t\t\t\t\t\t\t\t\t\t<\/p>\n","protected":false},"excerpt":{"rendered":"Au programme de l\u2019association Libre Regard, Pouilloux. Nouveau: l\u2019atelier Aquarelle . Initiation et perfectionnement par un ma\u00eetre de&hellip;\n","protected":false},"author":2,"featured_media":694635,"comment_status":"","ping_status":"","sticky":false,"template":"","format":"standard","meta":{"footnotes":""},"categories":[1358],"tags":[1348,1384,1385,1386,58,59,1011,27],"class_list":{"0":"post-694634","1":"post","2":"type-post","3":"status-publish","4":"format-standard","5":"has-post-thumbnail","7":"category-arts-et-design","8":"tag-arts","9":"tag-arts-and-design","10":"tag-arts-et-design","11":"tag-design","12":"tag-divertissement","13":"tag-entertainment","14":"tag-fr","15":"tag-france"},"share_on_mastodon":{"url":"https:\/\/pubeurope.com\/@fr\/115971962043484774","error":""},"_links":{"self":[{"href":"https:\/\/www.europesays.com\/fr\/wp-json\/wp\/v2\/posts\/694634","targetHints":{"allow":["GET"]}}],"collection":[{"href":"https:\/\/www.europesays.com\/fr\/wp-json\/wp\/v2\/posts"}],"about":[{"href":"https:\/\/www.europesays.com\/fr\/wp-json\/wp\/v2\/types\/post"}],"author":[{"embeddable":true,"href":"https:\/\/www.europesays.com\/fr\/wp-json\/wp\/v2\/users\/2"}],"replies":[{"embeddable":true,"href":"https:\/\/www.europesays.com\/fr\/wp-json\/wp\/v2\/comments?post=694634"}],"version-history":[{"count":0,"href":"https:\/\/www.europesays.com\/fr\/wp-json\/wp\/v2\/posts\/694634\/revisions"}],"wp:featuredmedia":[{"embeddable":true,"href":"https:\/\/www.europesays.com\/fr\/wp-json\/wp\/v2\/media\/694635"}],"wp:attachment":[{"href":"https:\/\/www.europesays.com\/fr\/wp-json\/wp\/v2\/media?parent=694634"}],"wp:term":[{"taxonomy":"category","embeddable":true,"href":"https:\/\/www.europesays.com\/fr\/wp-json\/wp\/v2\/categories?post=694634"},{"taxonomy":"post_tag","embeddable":true,"href":"https:\/\/www.europesays.com\/fr\/wp-json\/wp\/v2\/tags?post=694634"}],"curies":[{"name":"wp","href":"https:\/\/api.w.org\/{rel}","templated":true}]}}