{"id":694636,"date":"2026-01-28T09:15:12","date_gmt":"2026-01-28T09:15:12","guid":{"rendered":"https:\/\/www.europesays.com\/fr\/694636\/"},"modified":"2026-01-28T09:15:12","modified_gmt":"2026-01-28T09:15:12","slug":"date-et-heure-de-sortie-de-lepisode-6","status":"publish","type":"post","link":"https:\/\/www.europesays.com\/fr\/694636\/","title":{"rendered":"date et heure de sortie de l&rsquo;\u00e9pisode 6"},"content":{"rendered":"<p>L\u2019atmosph\u00e8re devient de plus en plus irrespirable dans Tell<br \/>\nMe Lies saison 3. Apr\u00e8s un \u00e9pisode 5 marquant, \u00e0 la fois<br \/>\nd\u00e9rangeant et r\u00e9v\u00e9lateur, la s\u00e9rie continue d\u2019explorer les<br \/>\nprofondeurs psychologiques de ses personnages les plus tourment\u00e9s.<br \/>\nEntre d\u00e9sirs inavou\u00e9s, pulsions autodestructrices et soif de<br \/>\nvengeance, chaque \u00e9pisode laisse ses spectateurs dans un \u00e9tat de<br \/>\ntension quasi insoutenable. Alors que les fans dig\u00e8rent encore la<br \/>\nsc\u00e8ne finale controvers\u00e9e de Lucy et le plan machiav\u00e9lique de<br \/>\nStephen, une question se pose : <strong>quand sortira l\u2019\u00e9pisode 6,<br \/>\net jusqu\u2019o\u00f9 ira la s\u00e9rie ?<\/strong><\/p>\n<p>R\u00e9cap de l\u2019\u00e9pisode 5 : vengeance et descentes aux enfers<\/p>\n<p>L\u2019\u00e9pisode 5 de cette troisi\u00e8me saison de Tell Me Lies a plong\u00e9<br \/>\nles personnages dans leurs contradictions les plus sombres.<br \/>\nStephen, bless\u00e9 dans son orgueil par Diana, pr\u00e9pare une vengeance<br \/>\nd\u00e9vastatrice. Apr\u00e8s avoir appris qu\u2019elle \u00e9vitait Yale uniquement<br \/>\npour ne pas croiser sa route, il s\u2019empare de photos intimes de leur<br \/>\nancienne relation et s\u2019appr\u00eate \u00e0 les envoyer\u2026 mais \u00e0 qui ? <a href=\"https:\/\/www.melty.fr\/series\/tell-me-lies-saison-3-fin-de-lepisode-5-expliquee-2292313.html\" target=\"_blank\" rel=\"noopener\"><br \/>\nLe myst\u00e8re reste entier, mais l\u2019intention est limpide<\/a>.<\/p>\n<p>En parall\u00e8le, Lucy touche le fond. Dans une sc\u00e8ne finale<br \/>\nd\u00e9rangeante, elle \u00e9coute un message vocal rempli d\u2019insultes laiss\u00e9<br \/>\npar Stephen\u2026 et s\u2019en sert pour se procurer du plaisir. Une s\u00e9quence<br \/>\ngla\u00e7ante qui illustre sa d\u00e9pendance \u00e0 la violence psychologique, l\u00e0<br \/>\no\u00f9 d\u2019autres cherchent la tendresse.<\/p>\n<p>De leur c\u00f4t\u00e9, Bree et Wrigley partagent un moment tendre et<br \/>\nambigu apr\u00e8s une visite \u00e9motive chez la m\u00e8re biologique de Bree. Un<br \/>\npresque-baiser trouble leur relation, et Bree, jalouse, tente de<br \/>\nraviver sa liaison avec Evan, laissant Wrigley dans le doute.<\/p>\n<p>Quelle date de sortie pour l\u2019\u00e9pisode 6 de Tell Me Lies ?<\/p>\n<p>La diffusion de <a href=\"https:\/\/www.melty.fr\/series\/tell-me-lies-saison-3-calendrier-de-diffusion-des-episodes-2288944.html\" target=\"_blank\" rel=\"noopener\"><br \/>\nTell Me Lies saison 3 suit un rythme hebdomadaire<\/a> sur Hulu aux<br \/>\n\u00c9tats-Unis. L\u2019\u00e9pisode 6 est donc attendu <strong>le mercredi 3<br \/>\nf\u00e9vrier 2026<\/strong>. En France, la s\u00e9rie est disponible avec un<br \/>\nl\u00e9ger d\u00e9calage sur Disney+ via la section Star. Les versions<br \/>\nsous-titr\u00e9es ou doubl\u00e9es arrivent g\u00e9n\u00e9ralement dans les jours qui<br \/>\nsuivent. Les abonn\u00e9s doivent donc s\u2019attendre \u00e0 voir l\u2019\u00e9pisode<br \/>\ndisponible <strong>d\u00e8s le jeudi 4 ou vendredi 5 f\u00e9vrier<br \/>\n2026<\/strong> en fonction des fuseaux horaires.<\/p>\n<p>\u00c0 quoi faut-il s\u2019attendre dans<br \/>\nl\u2019\u00e9pisode 6 ?<\/p>\n<p>Plusieurs fils narratifs restent en suspens apr\u00e8s les \u00e9v\u00e9nements<br \/>\nintenses du cinqui\u00e8me \u00e9pisode. Le plus inqui\u00e9tant concerne Stephen<br \/>\n: va-t-il r\u00e9ellement diffuser les photos compromettantes de Diana ?<br \/>\nSi oui, \u00e0 qui ? Et quelles seront les cons\u00e9quences juridiques ou<br \/>\npersonnelles d\u2019un tel acte ?<\/p>\n<p>Lucy, quant \u00e0 elle, semble avoir franchi une nouvelle limite.<br \/>\nSon obsession pour la douleur et la punition va-t-elle continuer \u00e0<br \/>\nfa\u00e7onner ses choix ? Alex va-t-il d\u00e9couvrir la v\u00e9rit\u00e9 sur le<br \/>\nmensonge de Lucy \u00e0 propos de Chris ?<\/p>\n<p>Enfin, du c\u00f4t\u00e9 de Bree et Wrigley, la tension est palpable. Le<br \/>\njeu d\u2019\u00e9vitement entre les deux pourrait se transformer en v\u00e9ritable<br \/>\nconfrontation. Bree semble tiraill\u00e9e entre un Evan qu\u2019elle conna\u00eet<br \/>\net un Wrigley qu\u2019elle d\u00e9sire, sans l\u2019assumer.<\/p>\n<p>L\u2019\u00e9pisode 6 promet donc d\u2019explorer les cons\u00e9quences de ces choix<br \/>\ntoxiques, et de plonger encore plus profond\u00e9ment dans la<br \/>\npsychologie trouble de ses protagonistes.<\/p>\n","protected":false},"excerpt":{"rendered":"L\u2019atmosph\u00e8re devient de plus en plus irrespirable dans Tell Me Lies saison 3. Apr\u00e8s un \u00e9pisode 5 marquant,&hellip;\n","protected":false},"author":2,"featured_media":694637,"comment_status":"","ping_status":"","sticky":false,"template":"","format":"standard","meta":{"footnotes":""},"categories":[1356],"tags":[520,58,59,1011,27,252,1364],"class_list":{"0":"post-694636","1":"post","2":"type-post","3":"status-publish","4":"format-standard","5":"has-post-thumbnail","7":"category-television","8":"tag-disney","9":"tag-divertissement","10":"tag-entertainment","11":"tag-fr","12":"tag-france","13":"tag-television","14":"tag-tv"},"share_on_mastodon":{"url":"https:\/\/pubeurope.com\/@fr\/115971969788018015","error":""},"_links":{"self":[{"href":"https:\/\/www.europesays.com\/fr\/wp-json\/wp\/v2\/posts\/694636","targetHints":{"allow":["GET"]}}],"collection":[{"href":"https:\/\/www.europesays.com\/fr\/wp-json\/wp\/v2\/posts"}],"about":[{"href":"https:\/\/www.europesays.com\/fr\/wp-json\/wp\/v2\/types\/post"}],"author":[{"embeddable":true,"href":"https:\/\/www.europesays.com\/fr\/wp-json\/wp\/v2\/users\/2"}],"replies":[{"embeddable":true,"href":"https:\/\/www.europesays.com\/fr\/wp-json\/wp\/v2\/comments?post=694636"}],"version-history":[{"count":0,"href":"https:\/\/www.europesays.com\/fr\/wp-json\/wp\/v2\/posts\/694636\/revisions"}],"wp:featuredmedia":[{"embeddable":true,"href":"https:\/\/www.europesays.com\/fr\/wp-json\/wp\/v2\/media\/694637"}],"wp:attachment":[{"href":"https:\/\/www.europesays.com\/fr\/wp-json\/wp\/v2\/media?parent=694636"}],"wp:term":[{"taxonomy":"category","embeddable":true,"href":"https:\/\/www.europesays.com\/fr\/wp-json\/wp\/v2\/categories?post=694636"},{"taxonomy":"post_tag","embeddable":true,"href":"https:\/\/www.europesays.com\/fr\/wp-json\/wp\/v2\/tags?post=694636"}],"curies":[{"name":"wp","href":"https:\/\/api.w.org\/{rel}","templated":true}]}}