{"id":694646,"date":"2026-01-28T09:20:11","date_gmt":"2026-01-28T09:20:11","guid":{"rendered":"https:\/\/www.europesays.com\/fr\/694646\/"},"modified":"2026-01-28T09:20:11","modified_gmt":"2026-01-28T09:20:11","slug":"qui-sont-les-invites-daugustin-4","status":"publish","type":"post","link":"https:\/\/www.europesays.com\/fr\/694646\/","title":{"rendered":"qui sont les invit\u00e9s d\u2019Augustin &#8230;"},"content":{"rendered":"<p>EN BREF<\/p>\n<ul class=\"bloc_resume_post_list\">\n<li>Le 28 janvier, Charlotte Casiraghi, fille de Caroline de<br \/>\nMonaco, pr\u00e9sente son livre \u00ab\u00a0La F\u00ealure&rsquo; sur le plateau d&rsquo;Augustin<br \/>\nTrapenard.<\/li>\n<li>Charlotte Casiraghi explore les fragilit\u00e9s humaines dans<br \/>\nson ouvrage philosophique, \u00e9voquant des moments de bascule et de<br \/>\nr\u00e9flexion intense.<\/li>\n<li>Les r\u00e9flexions de Charlotte Casiraghi sur les trag\u00e9dies<br \/>\nindividuelles et collectives promettent une lecture captivante et<br \/>\nprofond\u00e9ment incarn\u00e9e.<\/li>\n<\/ul>\n<p>Sur le plateau d\u2019Augustin Trapenard ce 28 janvier, cinq voix<br \/>\nmajeures de la sc\u00e8ne intellectuelle et litt\u00e9raire contemporaine<br \/>\nviendront pr\u00e9senter leurs nouveaux ouvrages, croiser leurs regards,<br \/>\nhistoire collective et r\u00e9flexion philosophique.<\/p>\n<p>Parmi elles, Charlotte Casiraghi, fille de Caroline de Monaco,<br \/>\nne manquera pas d\u2019attirer l\u2019attention. Elle sera aux c\u00f4t\u00e9s de<br \/>\nJean-Marie Gustave Le Cl\u00e9zio, \u00c9ric Vuillard, Mathieu Simonet,<br \/>\nThomas Schlesser et Marianne Chaillan.<\/p>\n<p>La Grande Librairie\u00a0: Charlotte Casiraghi pr\u00e9sente son<br \/>\nnouvel ouvrage philisophique<\/p>\n<p>Tr\u00e8s attendue, <a href=\"https:\/\/www.closermag.fr\/royautes\/charlotte-casiraghi-plus-de-difficultes-la-fille-de-caroline-de-monaco-fait-mouche-avec-un-discours-engage-3526630\" target=\"_blank\" rel=\"noopener\"><br \/>\nCharlotte Casiraghi<\/a> viendra pr\u00e9senter La F\u00ealure<br \/>\n(Julliard), un ouvrage dense et profond\u00e9ment incarn\u00e9. L\u2019autrice y<br \/>\nexplore les fragilit\u00e9s qui traversent chaque existence et fa\u00e7onnent<br \/>\nnos trajectoires. \u00ab\u00a0En chacun de nous une f\u00ealure passe, elle<br \/>\nmenace l\u2019ensemble, l\u2019organise, elle est notre chance et notre p\u00e9ril<br \/>\nle plus haut\u00a0\u00bb a-t-elle expliqu\u00e9. Une r\u00e9flexion que la fille de<br \/>\n<a href=\"https:\/\/www.closermag.fr\/royautes\/caroline-et-stephanie-de-monaco-decorees-et-emues-famille-et-enfants-reunis-pour-les-celebrer-3585225\" target=\"_blank\" rel=\"noopener\"><br \/>\nCaroline de Monaco<\/a> d\u00e9ploie comme \u00ab\u00a0une enqu\u00eate vivante,<br \/>\nlitt\u00e9raire, incarn\u00e9e\u00a0\u00bb, o\u00f9 les trag\u00e9dies individuelles et<br \/>\ncollectives deviennent le lieu d\u2019une pens\u00e9e et d\u2019un amour plus<br \/>\nintenses.<\/p>\n<p>Elle \u00e9voque aussi ces instants de bascule o\u00f9 tout peut se briser<br \/>\n: \u00ab\u00a0Il y a des effondrements visibles et spectaculaires, et des<br \/>\ncraquelures minuscules en surface, dont on ne prend conscience<br \/>\nqu\u2019apr\u00e8s, une fois qu\u2019on est bris\u00e9\u00a0\u00bb.<\/p>\n<blockquote class=\"instagram-media\" style=\"background: #ffffff;border: 0;margin: 1px;width: 100%;padding: 0;max-width: 500px;\" data-instgrm-permalink=\"https:\/\/www.instagram.com\/p\/DT-7EvOiFs1\/?hl=fr&amp;img_index=1\" data-instgrm-version=\"14\"\/><p>\nLa Grande Librairie : Histoire, amour<br \/>\net deuil au programme<\/p>\n<p>Sur le plateau, <a href=\"https:\/\/www.telestar.fr\/actu_tv\/la-grande-librairie-france-5-qui-sont-les-invites-daugustin-trapenard-ce-21-janvier-1751433\" target=\"_blank\" rel=\"noopener\"><br \/>\nAugustin Trapenard<\/a> accueillera un autre monument de la<br \/>\nlitt\u00e9rature\u00a0: <strong>Jean-Marie Gustave Le Cl\u00e9zio.<\/strong><br \/>\nL\u2019\u00e9crivain pr\u00e9sentera <strong>Trois Mexique<\/strong><br \/>\n(Gallimard), dans lequel il se penche sur trois figures majeures du<br \/>\nMexique, o\u00f9 il a v\u00e9cu une quinzaine d&rsquo;ann\u00e9es, tr\u00e8s attach\u00e9s \u00e0 leur<br \/>\nterre. Il rend hommage \u00e0 s\u0153ur Juana In\u00e9s de la Cruz, Juan Rulfo et<br \/>\nLuis Gonz\u00e1lez y Gonz\u00e1lez.\u00a0<strong>\u00c9ric Vuillard<\/strong><br \/>\npr\u00e9sentera <strong>Les orphelins<\/strong> (Actes Sud) et<br \/>\nreviendra sur Billy the Kid. Le livre raconte l\u2019histoire de ce<br \/>\njeune gar\u00e7on de famille pauvre et l\u2019origine du pouvoir aux<br \/>\n\u00c9tats-Unis. Le r\u00e9cit m\u00eale destin intime et grande Histoire.<\/p>\n<p>Le registre se fait plus intime avec <strong>Mathieu<br \/>\nSimonet<\/strong>, qui \u00e9voque dans <strong>Le grain<br \/>\nbeaut\u00e9<\/strong> (Philippe Rey), quinze ann\u00e9es d\u2019amour et de<br \/>\ndeuil. Un roman sensible, o\u00f9 l\u2019on s\u2019interroge sur ce qui fonde un<br \/>\ncouple et la possibilit\u00e9 d\u2019une \u00ab\u00a0<strong>libert\u00e9 du<br \/>\ndeuil<\/strong>\u00ab\u00a0. <strong>Marianne Chaillan<\/strong> proposera<br \/>\nune r\u00e9flexion philosophique avec <strong>Survivre<\/strong><br \/>\n(L\u2019Observatoire). Face \u00e0 l\u2019in\u00e9luctable exp\u00e9rience de la perte, elle<br \/>\npose une question essentielle : comment continuer \u00e0 vivre apr\u00e8s la<br \/>\ndisparition de ceux que nous aimons ? Sa r\u00e9ponse est : \u00ab\u00a0En<br \/>\nr\u00e9sistant !\u00a0\u00bb. Enfin, <strong>Thomas Schlesser<\/strong> revient<br \/>\navec un nouveau livre : <strong>Le chat du<br \/>\njardinier<\/strong> (Albin Michel). L&rsquo;auteur \u00e9voquera cet<br \/>\nouvrage dans lequel une professeure de fran\u00e7ais \u00e0 la retraire<br \/>\ninitie un jardinier hypersensible \u00e0 la po\u00e9sie.<\/p>\n<p>.<\/p>\n<p><script async src=\"\/\/www.instagram.com\/embed.js\"><\/script><\/p>\n","protected":false},"excerpt":{"rendered":"EN BREF Le 28 janvier, Charlotte Casiraghi, fille de Caroline de Monaco, pr\u00e9sente son livre \u00ab\u00a0La F\u00ealure&rsquo; sur&hellip;\n","protected":false},"author":2,"featured_media":694647,"comment_status":"","ping_status":"","sticky":false,"template":"","format":"standard","meta":{"footnotes":""},"categories":[8],"tags":[548,10722,58,59,1011,27,44000],"class_list":{"0":"post-694646","1":"post","2":"type-post","3":"status-publish","4":"format-standard","5":"has-post-thumbnail","7":"category-divertissement","8":"tag-article-simple","9":"tag-augustin-trapenard","10":"tag-divertissement","11":"tag-entertainment","12":"tag-fr","13":"tag-france","14":"tag-la-grande-librairie"},"share_on_mastodon":{"url":"https:\/\/pubeurope.com\/@fr\/115971989824229228","error":""},"_links":{"self":[{"href":"https:\/\/www.europesays.com\/fr\/wp-json\/wp\/v2\/posts\/694646","targetHints":{"allow":["GET"]}}],"collection":[{"href":"https:\/\/www.europesays.com\/fr\/wp-json\/wp\/v2\/posts"}],"about":[{"href":"https:\/\/www.europesays.com\/fr\/wp-json\/wp\/v2\/types\/post"}],"author":[{"embeddable":true,"href":"https:\/\/www.europesays.com\/fr\/wp-json\/wp\/v2\/users\/2"}],"replies":[{"embeddable":true,"href":"https:\/\/www.europesays.com\/fr\/wp-json\/wp\/v2\/comments?post=694646"}],"version-history":[{"count":0,"href":"https:\/\/www.europesays.com\/fr\/wp-json\/wp\/v2\/posts\/694646\/revisions"}],"wp:featuredmedia":[{"embeddable":true,"href":"https:\/\/www.europesays.com\/fr\/wp-json\/wp\/v2\/media\/694647"}],"wp:attachment":[{"href":"https:\/\/www.europesays.com\/fr\/wp-json\/wp\/v2\/media?parent=694646"}],"wp:term":[{"taxonomy":"category","embeddable":true,"href":"https:\/\/www.europesays.com\/fr\/wp-json\/wp\/v2\/categories?post=694646"},{"taxonomy":"post_tag","embeddable":true,"href":"https:\/\/www.europesays.com\/fr\/wp-json\/wp\/v2\/tags?post=694646"}],"curies":[{"name":"wp","href":"https:\/\/api.w.org\/{rel}","templated":true}]}}