{"id":694654,"date":"2026-01-28T09:24:16","date_gmt":"2026-01-28T09:24:16","guid":{"rendered":"https:\/\/www.europesays.com\/fr\/694654\/"},"modified":"2026-01-28T09:24:16","modified_gmt":"2026-01-28T09:24:16","slug":"deux-departements-en-alerte-une-remontee-des-eaux-redoutee","status":"publish","type":"post","link":"https:\/\/www.europesays.com\/fr\/694654\/","title":{"rendered":"deux d\u00e9partements en alerte, une remont\u00e9e des eaux redout\u00e9e"},"content":{"rendered":"<p class=\"app_entry_lead\">\n<p>                    <a title=\"\" href=\"https:\/\/www.europesays.com\/fr\/wp-content\/uploads\/2026\/01\/85520980.jpg\" class=\"fancy\"><\/p>\n<p>                            <img loading=\"lazy\" decoding=\"async\" src=\"https:\/\/www.europesays.com\/fr\/wp-content\/uploads\/2026\/01\/85520980.jpg\" alt=\"Inondation en Bretagne\u00a0: deux d\u00e9partements en alerte, une remont\u00e9e des eaux redout\u00e9e\" width=\"1500\" height=\"1000\"\/><\/p>\n<p>                    <\/a><\/p>\n<p>                                    Deux d\u00e9partements sont plac\u00e9s en vigilance orange pour \u00ab\u00a0crues\u00a0\u00bb ce mercredi 28\u00a0janvier 2026. La temp\u00eate Chandra ne laisse pas de r\u00e9pit \u00e0 la Bretagne, avec de nouvelles pr\u00e9cipitations sur des sols d\u00e9j\u00e0 satur\u00e9s.\n                            <\/p>\n<p>                Je m&rsquo;abonne aux Infos \u00e0 ne pas rater<\/p>\n<p>Les effets de la temp\u00eate Chandra se font toujours ressentir ce mercredi 28 janvier sur la Bretagne. Des d\u00e9bordements dommageables sont en cours sur\u00a0l&rsquo;Oust, la La\u00efta et le Blavet, bien que les deux derni\u00e8res rivi\u00e8res\u00a0cit\u00e9es basculent en vigilance jaune. Aujourd&rsquo;hui, la perturbation arriv\u00e9e la veille \u00ab\u00a0se d\u00e9cale vers l&rsquo;est du pays avec des pluies encore significatives sur sa fa\u00e7ade est\u00a0\u00bb, indique Vigicrues. De mani\u00e8re g\u00e9n\u00e9rale, sur la fa\u00e7ade atlantique, le sud-ouest, le sud-est et la Corse, les perturbations successives ont consid\u00e9rablement humidifi\u00e9 les sols. Cela a rendu les rivi\u00e8res plus sensibles aux nouvelles pluies, conduisant \u00e0 des d\u00e9bordements localis\u00e9s sur des cours d&rsquo;eau plac\u00e9s en vigilance jaune.<\/p>\n<p>M\u00e9t\u00e9o-France pr\u00e9vient que\u00a0l&rsquo;\u00e9pisode de pluie d&rsquo;hier a entra\u00een\u00e9 une remont\u00e9e des niveaux des cours d&rsquo;eau en Bretagne et les crues se propagent aux secteurs en aval. Dans le quart sud-ouest du pays, \u00ab\u00a0plusieurs cours d\u2019eau de la fa\u00e7ade atlantique, du pi\u00e9mont pyr\u00e9n\u00e9en et du plateau de Lannemezan ont r\u00e9agi aux pr\u00e9cipitations des derniers jours\u00a0\u00bb, apprend-on.<br \/>&#13;<br \/>\nDes d\u00e9bordements localis\u00e9s sont observ\u00e9s sur certains tron\u00e7ons.<\/p>\n<p>En Bretagne, les pr\u00e9cipitations sont survenues alors que les sols bretons \u00e9taient d\u00e9j\u00e0 satur\u00e9s en eau, ce qui a intrins\u00e8quement augment\u00e9 le risque d&rsquo;inondations sur place. L&rsquo;Ille-et-Vilaine et le Morbihan sont donc plac\u00e9s en vigilance orange pour crues pour la journ\u00e9e de mercredi 28 janvier 2026. Des alertes qui devraient \u00eatre maintenues pour la journ\u00e9e du jeudi 29 janvier, selon la station m\u00e9t\u00e9orologique. Dans son point de 10 heures, <a href=\"https:\/\/vigilance.meteofrance.fr\/fr\/demain\" target=\"_blank\" rel=\"noopener\">M\u00e9t\u00e9o-France<\/a> a annonc\u00e9 que le Finist\u00e8re et les C\u00f4tes-d&rsquo;Armor basculaient en vigilance jaune \u00ab\u00a0crues\u00a0\u00bb.<\/p>\n<p>Derni\u00e8res mises \u00e0 jour<\/p>\n<p><a name=\"post1769592103\"\/>10:21 &#8211; Fin de vigilance orange pour la La\u00efta et le Blavet<\/p>\n<p>Vigicrues annonce que la vigilance orange est maintenue sur l&rsquo;Oust (Ille-et-Vilaine, Morbihan), en revanche, on constate une fin\u00a0de vigilance orange pour la La\u00efta et le Blavet. Dans le m\u00eame temps, \u00ab\u00a022 rivi\u00e8res\u00a0\u00bb demeurent \u00ab\u00a0en vigilance jaune pour les crues\u00a0\u00bb, pr\u00e9cise-t-on.<\/p>\n<p><a name=\"post1769591354\"\/>10:09 &#8211; Deux d\u00e9partements en orange \u00e0 10 heures<\/p>\n<p>Dans son bulletin de 10 heures, M\u00e9t\u00e9o-France ne place plus que deux d\u00e9partements en vigilance orange pour \u00ab\u00a0crues\u00a0\u00bb : le Morbihan et l&rsquo;Ille-et-Vilaine. En effet, le Finist\u00e8re et les C\u00f4tes-d&rsquo;Armor basculent en jaune ce mercredi.<\/p>\n<p><a name=\"post1769584531\"\/>08:15 &#8211; Sur l&rsquo;Oust,\u00a0le pic de crue devrait \u00eatre atteint en ce d\u00e9but de matin\u00e9e<\/p>\n<p>Sur la La\u00efta,\u00a0le pic de crue a \u00e9t\u00e9 e atteint durant la soir\u00e9e de mardi \u00e0 mercredi. La d\u00e9crue s&rsquo;est amorc\u00e9 dans la nuit, \u00ab\u00a0mais des d\u00e9bordements persistent en ce d\u00e9but de matin\u00e9e de mercredi\u00a0\u00bb, dit <a href=\"https:\/\/www.vigicrues.gouv.fr\/bulletin_national\" target=\"_blank\" rel=\"noopener\">Vigicrues<\/a>. Sur l&rsquo;Oust,\u00a0une onde de crue \u00ab\u00a0est en cours de propagation\u00a0\u00bb. Le pic devrait \u00eatre atteint en ce d\u00e9but de matin\u00e9e \u00e0 Josselin. Des d\u00e9bordements importants sont en cours dans les secteurs de Josselin et de Malestroit. Enfin, sur le Blavet, le pic a \u00e9t\u00e9 atteint durant la nuit \u00e0 l&rsquo;aval du tron\u00e7on dans les secteurs d&rsquo;lnzinzac-Lochrist et Languidic. \u00ab\u00a0Des d\u00e9bordements dommageables sont encore en cours dans ces secteurs en ce d\u00e9but de matin\u00e9e\u00a0\u00bb, pr\u00e9cise M\u00e9t\u00e9o-France.<\/p>\n<p><a name=\"post1769583819\"\/>08:03 &#8211; 4 d\u00e9partements en vigilance orange \u00ab\u00a0crues\u00a0\u00bb ce mercredi<\/p>\n<p>Ce mercredi, quatre d\u00e9partements sont toujours plac\u00e9s en vigilance orange pour \u00ab\u00a0crues\u00a0\u00bb : le Finist\u00e8re, le Morbihan, les C\u00f4tes-d&rsquo;Armor et l&rsquo;Ille-et-Vilaine. Ces territoires qui subissent de plein fouet les effets d&rsquo;Ingrid puis de Chandra sont particuli\u00e8rement impact\u00e9es car les derni\u00e8res pr\u00e9cipitations sont tomb\u00e9es sur des sols d\u00e9j\u00e0 satur\u00e9s, aggravant la situation dans certaines villes. La vigilance orange devrait \u00eatre maintenue demain, jeudi 29 janvier, d&rsquo;apr\u00e8s le dernier bulletin de M\u00e9t\u00e9o-France.<\/p>\n<p><a name=\"post1769553913\"\/>27\/01\/26\u00a0&#8211; 23:45 &#8211; Les images spectaculaires des inondations en Bretagne ce mardi<\/p>\n<p>Depuis une vingtaine de jours maintenant, la pluie ne cesse de tomber en Bretagne. Alors que les averses arrivent sur des sols d\u00e9j\u00e0 satur\u00e9s en eau, la r\u00e9gion conna\u00eet des inondations historiques, comme en t\u00e9moigne en images ce reportage de France 2 :<\/p>\n<blockquote class=\"twitter-tweet\" data-media-max-width=\"560\"><p>&#13;<\/p>\n<p dir=\"ltr\" lang=\"fr\">????\ufe0f???? Inondations historiques en Bretagne : les sols de certains d\u00e9partements sont compl\u00e8tement satur\u00e9s alors qu\u2019il a plu jusqu\u2019\u00e0 20 jours d\u2019affil\u00e9e. <a href=\"https:\/\/twitter.com\/hashtag\/JT20h?src=hash&amp;ref_src=twsrc%5Etfw\" target=\"_blank\" rel=\"noopener\">#JT20h<\/a> <a href=\"https:\/\/t.co\/gxnGCNJguK\">pic.twitter.com\/gxnGCNJguK<\/a><\/p>\n<p>&#13;<br \/>\n\u2014 Le20h-France T\u00e9l\u00e9visions (@le20hfrancetele) <a href=\"https:\/\/twitter.com\/le20hfrancetele\/status\/2016227960794317138?ref_src=twsrc%5Etfw\" target=\"_blank\" rel=\"noopener\">January 27, 2026<\/a><\/p><\/blockquote>\n<p>&#13;<\/p>\n<p>M\u00e9t\u00e9o-France donne des conseils de comportement en cas de vigilance orange crues \/ inondations. Voici les recommandations :\u00a0Je m\u2019\u00e9loigne des cours d&rsquo;eau et des ponts, je rejoins un point haut ou je m\u2019abrite \u00e0 l&rsquo;\u00e9tage ;\u00a0Je ne m\u2019engage pas sur une route immerg\u00e9e, m\u00eame partiellement ;\u00a0J&rsquo;\u00e9vite de me d\u00e9placer et je me tiens inform\u00e9 sur les conditions m\u00e9t\u00e9o ;\u00a0Je surveille la mont\u00e9e des eaux ;\u00a0Je ne descends pas dans les sous-sols ;\u00a0Je mets mes bien hors d&rsquo;eau et je localise mon kit d&rsquo;urgence.<\/p>\n<p>                    <script async src=\"https:\/\/platform.twitter.com\/widgets.js\" charset=\"utf-8\"><\/script><\/p>\n","protected":false},"excerpt":{"rendered":"Deux d\u00e9partements sont plac\u00e9s en vigilance orange pour \u00ab\u00a0crues\u00a0\u00bb ce mercredi 28\u00a0janvier 2026. La temp\u00eate Chandra ne laisse&hellip;\n","protected":false},"author":2,"featured_media":694655,"comment_status":"","ping_status":"","sticky":false,"template":"","format":"standard","meta":{"footnotes":""},"categories":[4],"tags":[11,79038,51761,51763,1011,27,12,51767,25,104],"class_list":{"0":"post-694654","1":"post","2":"type-post","3":"status-publish","4":"format-standard","5":"has-post-thumbnail","7":"category-france","8":"tag-actualites","9":"tag-cms-linternaute-9683382","10":"tag-controller-content","11":"tag-format-papier","12":"tag-fr","13":"tag-france","14":"tag-news","15":"tag-parallaxeinfeed","16":"tag-republique-francaise","17":"tag-societe"},"share_on_mastodon":{"url":"https:\/\/pubeurope.com\/@fr\/115972005249769001","error":""},"_links":{"self":[{"href":"https:\/\/www.europesays.com\/fr\/wp-json\/wp\/v2\/posts\/694654","targetHints":{"allow":["GET"]}}],"collection":[{"href":"https:\/\/www.europesays.com\/fr\/wp-json\/wp\/v2\/posts"}],"about":[{"href":"https:\/\/www.europesays.com\/fr\/wp-json\/wp\/v2\/types\/post"}],"author":[{"embeddable":true,"href":"https:\/\/www.europesays.com\/fr\/wp-json\/wp\/v2\/users\/2"}],"replies":[{"embeddable":true,"href":"https:\/\/www.europesays.com\/fr\/wp-json\/wp\/v2\/comments?post=694654"}],"version-history":[{"count":0,"href":"https:\/\/www.europesays.com\/fr\/wp-json\/wp\/v2\/posts\/694654\/revisions"}],"wp:featuredmedia":[{"embeddable":true,"href":"https:\/\/www.europesays.com\/fr\/wp-json\/wp\/v2\/media\/694655"}],"wp:attachment":[{"href":"https:\/\/www.europesays.com\/fr\/wp-json\/wp\/v2\/media?parent=694654"}],"wp:term":[{"taxonomy":"category","embeddable":true,"href":"https:\/\/www.europesays.com\/fr\/wp-json\/wp\/v2\/categories?post=694654"},{"taxonomy":"post_tag","embeddable":true,"href":"https:\/\/www.europesays.com\/fr\/wp-json\/wp\/v2\/tags?post=694654"}],"curies":[{"name":"wp","href":"https:\/\/api.w.org\/{rel}","templated":true}]}}