{"id":694704,"date":"2026-01-28T09:55:16","date_gmt":"2026-01-28T09:55:16","guid":{"rendered":"https:\/\/www.europesays.com\/fr\/694704\/"},"modified":"2026-01-28T09:55:16","modified_gmt":"2026-01-28T09:55:16","slug":"le-candidat-rn-franck-allisio-craint-des-fraudes-et-lance-un-appel-a-nunez","status":"publish","type":"post","link":"https:\/\/www.europesays.com\/fr\/694704\/","title":{"rendered":"le candidat RN Franck Allisio craint des fraudes et lance un appel \u00e0 Nu\u00f1ez"},"content":{"rendered":"<p>\n    Plusieurs \u00e9pisodes frauduleux ont \u00e9maill\u00e9 les derni\u00e8res \u00e9lections \u00e0 Marseille. Les pr\u00e9c\u00e9dentes municipales avaient \u00e9t\u00e9 notamment marqu\u00e9es par un scandale de fausses procurations dans des Ehpad.<\/p>\n<p class=\"fig-paragraph\">Le d\u00e9put\u00e9 RN des Bouches-du-Rh\u00f4ne et\u00a0<a href=\"http:\/\/www.lefigaro.fr\/elections\/municipales\/municipales-2026-je-triple-le-nombre-de-policiers-municipaux-et-je-double-le-nombre-de-cameras-franck-allisio-rn-promet-la-securite-aux-marseillais-20260120\" data-fig-type=\"NewsFlash\" data-gtm-custom-categorie=\"navigation\" data-gtm-custom-action=\"crossclick\" data-gtm-custom-label=\"Contextuel\" data-gtm-event=\"customEventSPE\" data-fig-domain=\"LEFIGARO\" target=\"_blank\" rel=\"noopener\">candidat aux municipales<\/a>\u00a0\u00e0 Marseille,\u00a0<a href=\"http:\/\/www.lefigaro.fr\/marseille\/municipales-a-marseille-reconquete-apporte-son-soutien-au-candidat-rn-franck-allisio-20260121\" data-fig-type=\"NewsFlash\" data-gtm-custom-categorie=\"navigation\" data-gtm-custom-action=\"crossclick\" data-gtm-custom-label=\"Contextuel\" data-gtm-event=\"customEventSPE\" data-fig-domain=\"LEFIGARO\" target=\"_blank\" rel=\"noopener\">Franck Allisio<\/a>, a lanc\u00e9 ce mercredi matin sur\u00a0<a href=\"https:\/\/www.tf1info.fr\/elections\/municipales-2026-a-marseille-franck-allisio-rn-met-en-garde-face-au-risque-d-election-entachee-par-la-fraude-2421252.html\" target=\"_blank\" rel=\"sponsored noopener\" data-gtm-custom-categorie=\"navigation\" data-gtm-custom-action=\"crossclick\" data-gtm-custom-label=\"Contextuel\" data-gtm-event=\"customEventSPE\">TF1\u00a0<\/a>un appel au minist\u00e8re de l\u2019Int\u00e9rieur et au pr\u00e9fet craignant des fraudes lors du scrutin de mars prochain. \u00abJe ne veux pas que l\u2019on vole cette \u00e9lection aux Marseillais\u00bb, explique-t-il chez nos confr\u00e8res, estimant que l\u2019\u00e9lection s\u2019annonce tr\u00e8s serr\u00e9e.<\/p>\n<p class=\"fig-paragraph\">Franck Allisio rappelle notamment que les derni\u00e8res \u00e9lections municipales \u00e0 Marseille ont \u00e9t\u00e9 marqu\u00e9es par le scandale des fausses procurations. En septembre 2024, 13 pr\u00e9venus avaient \u00e9t\u00e9 jug\u00e9s par le tribunal correctionnel de Marseille, pour \u00abman\u0153uvre frauduleuse tendant \u00e0 l\u2019exercice irr\u00e9gulier d\u2019un vote par procuration\u00bb, \u00abfaux et usage de faux dans un document administratif\u00bb\u00a0ou complicit\u00e9, trois ans apr\u00e8s les r\u00e9v\u00e9lations de\u00a0<a href=\"http:\/\/www.lefigaro.fr\/marseille\/procurations-frauduleuses-a-marseille-un-proche-de-gaudin-evoque-une-imprudence-20240926\" data-fig-type=\"NewsFlash\" data-gtm-custom-categorie=\"navigation\" data-gtm-custom-action=\"crossclick\" data-gtm-custom-label=\"Contextuel\" data-gtm-event=\"customEventSPE\" data-fig-domain=\"LEFIGARO\" target=\"_blank\" rel=\"noopener\">France 2 et Marianne<\/a> ,\u00a0en juin 2020, peu avant le second tour des \u00e9lections municipales de l\u2019\u00e9poque. Il leur \u00e9tait reproch\u00e9, \u00e0 diff\u00e9rents degr\u00e9s, d\u2019avoir mis en place un syst\u00e8me de procurations sans suivre le cheminement l\u00e9gal, mais aussi d\u2019en avoir fabriqu\u00e9 des fausses. Au total, les enqu\u00eateurs avaient d\u00e9nombr\u00e9 194 procurations hors des clous.<\/p>\n<p>                                            <a class=\"fig-a11y-skip\" href=\"#fig-a11y-skip-main-inarticle\" data-module=\"a11y-skip\" data-context=\"was @visible\"><br \/>\n    Passer la publicit\u00e9<br \/>\n<\/a>            <\/p>\n<p>                                            Malades d\u2019Alzheimer<\/p>\n<p class=\"fig-paragraph\">Ces 194 procurations avaient \u00e9t\u00e9 valid\u00e9es par un commandant de police, Roland Chervet, de sa propre initiative et alors qu\u2019il \u00e9tait en cong\u00e9. Une cinquantaine \u00e9tait aux noms de pensionnaires d\u2019Ehpad, nonag\u00e9naires pour la plupart, tous ou presque atteints de la maladie d\u2019Alzheimer. Le commandant de police a \u00e9t\u00e9 condamn\u00e9 en janvier 2025 \u00e0 trois ans de prison, dont un an ferme \u00e0 effectuer sous bracelet \u00e9lectronique \u00e0 domicile, et cinq ans d\u2019in\u00e9ligibilit\u00e9. L\u2019ex-maire LR du 4e secteur (6e et 8e arrondissements)\u00a0<a href=\"http:\/\/www.lefigaro.fr\/actualite-france\/municipales-2020-a-marseille-deux-dossiers-de-procurations-frauduleuses-juges-20250127\" data-fig-type=\"NewsFlash\" data-gtm-custom-categorie=\"navigation\" data-gtm-custom-action=\"crossclick\" data-gtm-custom-label=\"Contextuel\" data-gtm-event=\"customEventSPE\" data-fig-domain=\"LEFIGARO\" target=\"_blank\" rel=\"noopener\">Yves Moraine<\/a>\u00a0a \u00e9t\u00e9 condamn\u00e9 pour sa part \u00e0 six mois avec sursis et un an in\u00e9ligibilit\u00e9.<\/p>\n<p class=\"fig-paragraph\">Au premier tour des \u00e9lections municipales de 2020, plusieurs hommes munis d\u2019armes de type airsofts s\u2019\u00e9taient \u00e9galement introduits dans un bureau de vote de la\u00a0<a href=\"http:\/\/www.lefigaro.fr\/marseille\/on-a-trouve-des-munitions-dans-les-canalisations-a-marseille-la-police-occupe-le-terrain-dans-la-cite-felix-pyat-20260112\" data-fig-type=\"NewsFlash\" data-gtm-custom-categorie=\"navigation\" data-gtm-custom-action=\"crossclick\" data-gtm-custom-label=\"Contextuel\" data-gtm-event=\"customEventSPE\" data-fig-domain=\"LEFIGARO\" target=\"_blank\" rel=\"noopener\">cit\u00e9 F\u00e9lix-Pyat<\/a>\u00a0\u00e0 Marseille et avaient tir\u00e9 afin de tenter de subtiliser l\u2019urne, en vain. En 2017, lors du premier tour des \u00e9lections pr\u00e9sidentielles, le pr\u00e9sident d\u2019un bureau de vote dans les quartiers nord de Marseille \u00e9tait rentr\u00e9 chez lui avec l\u2019urne pleine des bulletins du jour.<\/p>\n","protected":false},"excerpt":{"rendered":"Plusieurs \u00e9pisodes frauduleux ont \u00e9maill\u00e9 les derni\u00e8res \u00e9lections \u00e0 Marseille. Les pr\u00e9c\u00e9dentes municipales avaient \u00e9t\u00e9 notamment marqu\u00e9es par&hellip;\n","protected":false},"author":2,"featured_media":694705,"comment_status":"","ping_status":"","sticky":false,"template":"","format":"standard","meta":{"footnotes":""},"categories":[2814],"tags":[1111,11,1777,674,1011,27,1006,884,3554,12,882,25,2848],"class_list":{"0":"post-694704","1":"post","2":"type-post","3":"status-publish","4":"format-standard","5":"has-post-thumbnail","7":"category-marseille","8":"tag-actu","9":"tag-actualites","10":"tag-eu","11":"tag-europe","12":"tag-fr","13":"tag-france","14":"tag-fraude","15":"tag-marseille","16":"tag-municipales","17":"tag-news","18":"tag-provence-alpes-cote-dazur","19":"tag-republique-francaise","20":"tag-rn"},"share_on_mastodon":{"url":"https:\/\/pubeurope.com\/@fr\/115972127042136113","error":""},"_links":{"self":[{"href":"https:\/\/www.europesays.com\/fr\/wp-json\/wp\/v2\/posts\/694704","targetHints":{"allow":["GET"]}}],"collection":[{"href":"https:\/\/www.europesays.com\/fr\/wp-json\/wp\/v2\/posts"}],"about":[{"href":"https:\/\/www.europesays.com\/fr\/wp-json\/wp\/v2\/types\/post"}],"author":[{"embeddable":true,"href":"https:\/\/www.europesays.com\/fr\/wp-json\/wp\/v2\/users\/2"}],"replies":[{"embeddable":true,"href":"https:\/\/www.europesays.com\/fr\/wp-json\/wp\/v2\/comments?post=694704"}],"version-history":[{"count":0,"href":"https:\/\/www.europesays.com\/fr\/wp-json\/wp\/v2\/posts\/694704\/revisions"}],"wp:featuredmedia":[{"embeddable":true,"href":"https:\/\/www.europesays.com\/fr\/wp-json\/wp\/v2\/media\/694705"}],"wp:attachment":[{"href":"https:\/\/www.europesays.com\/fr\/wp-json\/wp\/v2\/media?parent=694704"}],"wp:term":[{"taxonomy":"category","embeddable":true,"href":"https:\/\/www.europesays.com\/fr\/wp-json\/wp\/v2\/categories?post=694704"},{"taxonomy":"post_tag","embeddable":true,"href":"https:\/\/www.europesays.com\/fr\/wp-json\/wp\/v2\/tags?post=694704"}],"curies":[{"name":"wp","href":"https:\/\/api.w.org\/{rel}","templated":true}]}}