{"id":69471,"date":"2025-05-02T13:58:12","date_gmt":"2025-05-02T13:58:12","guid":{"rendered":"https:\/\/www.europesays.com\/fr\/69471\/"},"modified":"2025-05-02T13:58:12","modified_gmt":"2025-05-02T13:58:12","slug":"aux-etats-unis-les-entrepreneurs-francais-cherchent-la-parade-aux-droits-de-douane-de-trump","status":"publish","type":"post","link":"https:\/\/www.europesays.com\/fr\/69471\/","title":{"rendered":"aux \u00c9tats-Unis, les entrepreneurs fran\u00e7ais cherchent la parade aux droits de douane de Trump"},"content":{"rendered":"<p><strong>ENQU\u00caTE &#8211;<\/strong> Malgr\u00e9 les trois mois de r\u00e9pit qu\u2019offre la volte-face du pr\u00e9sident am\u00e9ricain sur la majorit\u00e9 des surtaxes douani\u00e8res, \u00able stress est toujours l\u00e0, le manque de confiance s\u2019est install\u00e9\u00bb, observe un chef d\u2019entreprise implant\u00e9 \u00e0 New York.<\/p>\n<p class=\"fig-paragraph\">Aux \u00c9tats-Unis, les entrepreneurs fran\u00e7ais ne savent plus vraiment sur quel pied danser. La\u00a0<a href=\"http:\/\/www.lefigaro.fr\/economie\/c-est-la-pire-blessure-auto-infligee-que-j-ai-jamais-vue-comment-les-100-premiers-jours-de-trump-ont-secoue-l-economie-mondiale-20250429\" target=\"_blank\" data-fig-type=\"Article\" rel=\"noopener\" data-gtm-custom-categorie=\"navigation\" data-gtm-custom-action=\"crossclick\" data-gtm-custom-label=\"Contextuel\" data-gtm-event=\"customEventSPE\" data-fig-domain=\"LEFIGARO\">politique commerciale chaotique<\/a>\u00a0de Donald Trump, avec ses allers-retours incessants sur les droits de douane, plonge dans l\u2019inconnue les soci\u00e9t\u00e9s tricolores install\u00e9es outre-Atlantique. \u00abNous avons r\u00e9duit les investissements car la plupart des \u00e9quipements que nous achetons viennent d\u2019Europe. Vu les d\u00e9lais de commande, nous sommes incapables d\u2019estimer les droits de douane qui auront cours au moment de la livraison\u00bb, rel\u00e8ve Fran\u00e7ois Leger, PDG de FPL Food LLC, un fournisseur de viande pour la grande distribution, install\u00e9 \u00e0 Augusta, dans l\u2019\u00c9tat de G\u00e9orgie.<\/p>\n<p class=\"fig-premium-paywall__infos\">\n        Cet article est r\u00e9serv\u00e9 aux abonn\u00e9s.        Il vous reste 94% \u00e0 d\u00e9couvrir.\n    <\/p>\n<p>                <img  data- alt=\"Le Figaro\" class=\"fig-img--complete fig-img\"\/><\/p>\n<p class=\"fig-premium-paywall__title\">Je m&rsquo;informe, je m&rsquo;inspire, je m&rsquo;abonne.<\/p>\n<p class=\"fig-premium-paywall__subtitle\">D\u00e9couvrez notre offre de bienvenue.<\/p>\n<p class=\"fig-premium-paywall__connect\">\n                D\u00e9j\u00e0 abonn\u00e9\u00a0?                <a class=\"fig-premium-paywall__connect-link\" href=\"https:\/\/connect.lefigaro.fr\/login?client=horizon_web&amp;type=main&amp;redirect_uri=https%3A%2F%2Fwww.lefigaro.fr%2Fsocietes%2Fc-est-le-branle-bas-de-combat-aux-etats-unis-les-entrepreneurs-francais-cherchent-la-parade-aux-droits-de-douane-de-trump-20250502\" data-js-gtm=\"{&quot;customCategorie&quot;: &quot;conversion&quot;, &quot;customAction&quot;: &quot;before_Landing_Connexion_paywall_manuel&quot;, &quot;customLabel&quot;: &quot;bGVmaWdhcm8uZnJfXzFmMDI1YjNmLTY4OTEtNjBmZS04OGUxLWVkOWI0ZGExNmUwYl9fQXJ0aWNsZQ==_\u00abC\u2019est le branle-bas de combat\u00bb\u00a0: aux \u00c9tats-Unis, les entrepreneurs fran\u00e7ais cherchent la parade aux droits de douane de Trump_767&quot;, &quot;customIDSPE&quot;: &quot;bGVmaWdhcm8uZnJfXzFmMDI1YjNmLTY4OTEtNjBmZS04OGUxLWVkOWI0ZGExNmUwYl9fQXJ0aWNsZQ==&quot;, &quot;event&quot;: &quot;customEventSPE&quot;}\" target=\"_blank\" rel=\"noopener\"><br \/>\n                    Connectez-vous<br \/>\n                <\/a>\n            <\/p>\n","protected":false},"excerpt":{"rendered":"ENQU\u00caTE &#8211; Malgr\u00e9 les trois mois de r\u00e9pit qu\u2019offre la volte-face du pr\u00e9sident am\u00e9ricain sur la majorit\u00e9 des&hellip;\n","protected":false},"author":2,"featured_media":69472,"comment_status":"","ping_status":"","sticky":false,"template":"","format":"standard","meta":{"footnotes":""},"categories":[2],"tags":[631,627,630,11,340,398,343,634,405,629,636,75,15271,73,632,638,1011,27,637,399,639,635,12,25,401,628,2658,633,407],"class_list":{"0":"post-69471","1":"post","2":"type-post","3":"status-publish","4":"format-standard","5":"has-post-thumbnail","7":"category-actualites","8":"tag-action","9":"tag-actions-francaise","10":"tag-actualite-bourse","11":"tag-actualites","12":"tag-bourse","13":"tag-bourse-de-paris","14":"tag-cac-40","15":"tag-cotation","16":"tag-cotations","17":"tag-cours-des-societes-francaises","18":"tag-devises","19":"tag-donald-trump","20":"tag-entrepreneurs","21":"tag-etats-unis","22":"tag-fcp","23":"tag-figaro","24":"tag-fr","25":"tag-france","26":"tag-indices","27":"tag-investissement","28":"tag-le-figaro","29":"tag-marches","30":"tag-news","31":"tag-republique-francaise","32":"tag-sicav","33":"tag-societes-etrangeres","34":"tag-taxes-douanieres","35":"tag-warrant","36":"tag-warrants"},"share_on_mastodon":{"url":"https:\/\/pubeurope.com\/@fr\/114438596429352362","error":""},"_links":{"self":[{"href":"https:\/\/www.europesays.com\/fr\/wp-json\/wp\/v2\/posts\/69471","targetHints":{"allow":["GET"]}}],"collection":[{"href":"https:\/\/www.europesays.com\/fr\/wp-json\/wp\/v2\/posts"}],"about":[{"href":"https:\/\/www.europesays.com\/fr\/wp-json\/wp\/v2\/types\/post"}],"author":[{"embeddable":true,"href":"https:\/\/www.europesays.com\/fr\/wp-json\/wp\/v2\/users\/2"}],"replies":[{"embeddable":true,"href":"https:\/\/www.europesays.com\/fr\/wp-json\/wp\/v2\/comments?post=69471"}],"version-history":[{"count":0,"href":"https:\/\/www.europesays.com\/fr\/wp-json\/wp\/v2\/posts\/69471\/revisions"}],"wp:featuredmedia":[{"embeddable":true,"href":"https:\/\/www.europesays.com\/fr\/wp-json\/wp\/v2\/media\/69472"}],"wp:attachment":[{"href":"https:\/\/www.europesays.com\/fr\/wp-json\/wp\/v2\/media?parent=69471"}],"wp:term":[{"taxonomy":"category","embeddable":true,"href":"https:\/\/www.europesays.com\/fr\/wp-json\/wp\/v2\/categories?post=69471"},{"taxonomy":"post_tag","embeddable":true,"href":"https:\/\/www.europesays.com\/fr\/wp-json\/wp\/v2\/tags?post=69471"}],"curies":[{"name":"wp","href":"https:\/\/api.w.org\/{rel}","templated":true}]}}