{"id":694712,"date":"2026-01-28T10:00:11","date_gmt":"2026-01-28T10:00:11","guid":{"rendered":"https:\/\/www.europesays.com\/fr\/694712\/"},"modified":"2026-01-28T10:00:11","modified_gmt":"2026-01-28T10:00:11","slug":"le-bhv-paris-officiellement-vendu-a-un-investisseur-anglo-saxon-annoncent-les-galeries-layafette","status":"publish","type":"post","link":"https:\/\/www.europesays.com\/fr\/694712\/","title":{"rendered":"Le BHV Paris officiellement vendu \u00e0 un investisseur anglo-saxon, annoncent les Galeries Layafette"},"content":{"rendered":"<p>                    Par<br \/>\n        <strong><br \/>\n            <a href=\"https:\/\/actu.fr\/auteur\/antoine-grotteria02\" title=\"Consulter tous les articles de Antoine Grotteria\" target=\"_blank\" rel=\"noopener\">Antoine Grotteria<\/a><br \/>\n                    <\/strong><\/p>\n<p>        Publi\u00e9 le<\/p>\n<p>            28 janv. 2026 \u00e0 9h31        <\/p>\n<p>Apr\u00e8s plusieurs mois de flottement, le <a href=\"https:\/\/actu.fr\/tag\/bhv\" target=\"_blank\" rel=\"noopener\">BHV<\/a> a finalement \u00e9t\u00e9 c\u00e9d\u00e9. Dans un communiqu\u00e9 consult\u00e9 par <a href=\"https:\/\/actu.fr\/paris\/\" target=\"_blank\" rel=\"noopener\">actu Paris<\/a> ce mercredi 28 janvier 2026, le groupe <a href=\"https:\/\/actu.fr\/tag\/galeries-lafayette\" target=\"_blank\" rel=\"noopener\">Galeries Lafayette<\/a> a annonc\u00e9 la finalisation de la <strong>cession des murs<\/strong> du Bazar de l\u2019H\u00f4tel de ville, situ\u00e9 rue de Rivoli dans le 4e arrondissement de Paris, \u00ab\u00a0\u00e0 l\u2019investisseur auquel il avait consenti une exclusivit\u00e9 mi-d\u00e9cembre 2025\u00a0\u00bb, fait-il savoir. Le nom n\u2019a pas \u00e9t\u00e9 d\u00e9voil\u00e9.\u00a0<\/p>\n<p>Une vive controverse\u00a0<\/p>\n<p class=\" wall-content\">\u00ab\u00a0Cette op\u00e9ration s\u2019inscrit dans une logique de continuit\u00e9 et de partenariat entre l\u2019acqu\u00e9reur de l\u2019actif immobilier et le groupe SGM, qui poursuivra l\u2019exploitation du BHV et le d\u00e9veloppement du grand magasin\u00a0\u00bb, \u00e9crivent les Galeries Lafayette.<\/p>\n<p class=\" wall-content\">Le nouvel investisseur pourrait \u00eatre Brookfield Asset Management, un gestionnaire d\u2019actifs canadien, d\u2019apr\u00e8s des informations du site <a href=\"https:\/\/www.cfnewsimmo.net\/L-actualite\/Transactions\/Brookfield-finalise-la-reprise-des-murs-du-BHV-Marais-495225\" target=\"_blank\" rel=\"noopener\">CfNews Immo<\/a>. Le m\u00e9dia \u00e9voque un rachat de <strong>300 millions d\u2019euros<\/strong>.\u00a0<\/p>\n<p class=\" wall-content\">Cofond\u00e9e par l\u2019homme d\u2019affaires <a href=\"https:\/\/actu.fr\/auvergne-rhone-alpes\/lyon_69123\/lyon-frederic-merlin-un-jeune-patron-lyonnais-dans-la-tempete-apres-son-accord-avec-shein_63243506.html\" target=\"_blank\" rel=\"noopener\">Fr\u00e9d\u00e9ric Merlin<\/a>, la Soci\u00e9t\u00e9 des grands magasins a d\u00e9clench\u00e9 une vive <a href=\"https:\/\/actu.fr\/ile-de-france\/paris_75056\/paris-ca-me-donne-la-nausee-face-a-l-arrivee-de-shein-au-bhv-plusieurs-marques-quittent-le-grand-magasin_63253635.html\" target=\"_blank\" rel=\"noopener\">controverse <\/a>en s\u2019associant \u00e0 l\u2019enseigne de fast fashion <a href=\"https:\/\/actu.fr\/societe\/scandale-shein-le-gouvernement-lance-la-procedure-pour-suspendre-la-plateforme-en-france_63397838.html\" target=\"_blank\" rel=\"noopener\">Shein,<\/a> qui a ouvert son premier magasin physique p\u00e9renne.\u00a0<\/p>\n<p class=\" wall-content\">Le g\u00e9ant asiatique du commerce en ligne s\u2019est attir\u00e9 les foudres du gouvernement avec la <strong>vente de poup\u00e9es p\u00e9dopornographiques<\/strong> sur sa plateforme. Une <a href=\"https:\/\/actu.fr\/societe\/scandale-shein-le-gouvernement-lance-la-procedure-pour-suspendre-la-plateforme-en-france_63397838.html\" target=\"_blank\" rel=\"noopener\">proc\u00e9dure<\/a> avait \u00e9t\u00e9 lanc\u00e9e. Mais la requ\u00eate a \u00e9t\u00e9 rejet\u00e9e par la justice. La pol\u00e9mique avait entra\u00een\u00e9 le retrait des n\u00e9gociations du rachat du BHV de la Banque des territoires.\u00a0<\/p>\n<p class=\" wall-content\">Personnalisez votre actualit\u00e9 en ajoutant vos villes et m\u00e9dias en favori avec <a href=\"https:\/\/moncompte.actu.fr\" title=\"D\u00e9couvez Mon Actu\" rel=\"nofollow noopener\" data-trk=\"{&quot;cta&quot;:{&quot;action&quot;:&quot;https:\\\/\\\/moncompte.actu.fr&quot;,&quot;category&quot;:&quot;mon compte&quot;,&quot;from&quot;:&quot;article footer&quot;,&quot;name&quot;:&quot;Mon actu&quot;,&quot;type&quot;:&quot;cta&quot;}}\" target=\"_blank\">Mon Actu<\/a>.<\/p>\n","protected":false},"excerpt":{"rendered":"Par Antoine Grotteria Publi\u00e9 le 28 janv. 2026 \u00e0 9h31 Apr\u00e8s plusieurs mois de flottement, le BHV a&hellip;\n","protected":false},"author":2,"featured_media":694713,"comment_status":"","ping_status":"","sticky":false,"template":"","format":"standard","meta":{"footnotes":""},"categories":[1888],"tags":[1111,1928,11,1927,4753,215,33,1777,674,1011,27,4238,12,1926,626,1925,25],"class_list":{"0":"post-694712","1":"post","2":"type-post","3":"status-publish","4":"format-standard","5":"has-post-thumbnail","7":"category-paris","8":"tag-actu","9":"tag-actu-paris","10":"tag-actualites","11":"tag-actualites-paris","12":"tag-bhv","13":"tag-commerce","14":"tag-economie","15":"tag-eu","16":"tag-europe","17":"tag-fr","18":"tag-france","19":"tag-galeries-lafayette","20":"tag-news","21":"tag-news-paris","22":"tag-paris","23":"tag-paris-news","24":"tag-republique-francaise"},"share_on_mastodon":{"url":"https:\/\/pubeurope.com\/@fr\/115972146728446199","error":""},"_links":{"self":[{"href":"https:\/\/www.europesays.com\/fr\/wp-json\/wp\/v2\/posts\/694712","targetHints":{"allow":["GET"]}}],"collection":[{"href":"https:\/\/www.europesays.com\/fr\/wp-json\/wp\/v2\/posts"}],"about":[{"href":"https:\/\/www.europesays.com\/fr\/wp-json\/wp\/v2\/types\/post"}],"author":[{"embeddable":true,"href":"https:\/\/www.europesays.com\/fr\/wp-json\/wp\/v2\/users\/2"}],"replies":[{"embeddable":true,"href":"https:\/\/www.europesays.com\/fr\/wp-json\/wp\/v2\/comments?post=694712"}],"version-history":[{"count":0,"href":"https:\/\/www.europesays.com\/fr\/wp-json\/wp\/v2\/posts\/694712\/revisions"}],"wp:featuredmedia":[{"embeddable":true,"href":"https:\/\/www.europesays.com\/fr\/wp-json\/wp\/v2\/media\/694713"}],"wp:attachment":[{"href":"https:\/\/www.europesays.com\/fr\/wp-json\/wp\/v2\/media?parent=694712"}],"wp:term":[{"taxonomy":"category","embeddable":true,"href":"https:\/\/www.europesays.com\/fr\/wp-json\/wp\/v2\/categories?post=694712"},{"taxonomy":"post_tag","embeddable":true,"href":"https:\/\/www.europesays.com\/fr\/wp-json\/wp\/v2\/tags?post=694712"}],"curies":[{"name":"wp","href":"https:\/\/api.w.org\/{rel}","templated":true}]}}