{"id":694718,"date":"2026-01-28T10:03:23","date_gmt":"2026-01-28T10:03:23","guid":{"rendered":"https:\/\/www.europesays.com\/fr\/694718\/"},"modified":"2026-01-28T10:03:23","modified_gmt":"2026-01-28T10:03:23","slug":"une-subtile-et-elegante-demande-a-ete-faite-aux-invites","status":"publish","type":"post","link":"https:\/\/www.europesays.com\/fr\/694718\/","title":{"rendered":"une subtile et \u00e9l\u00e9gante demande a \u00e9t\u00e9 faite aux invit\u00e9s\u2026"},"content":{"rendered":"<p>                                    <img decoding=\"async\" src=\"https:\/\/www.europesays.com\/fr\/wp-content\/uploads\/2026\/01\/80ade4b7314942e1911113c597ec09baae2b5699e612d008f229fdcaf50e2cba.jpg\" alt=\"GALA VID\u00c9O \u2013 Mort de Brigitte Bardot\u00a0: ce qu'il faut conna\u00eetre\" class=\"a11y-hidden\" fetchpriority=\"high\"\/><\/p>\n<p class=\"fig-standfirst\">\n    Ce mercredi 28 janvier, un mois jour pour jour apr\u00e8s le d\u00e9c\u00e8s de Brigitte Bardot, un dernier hommage lui est rendu \u00e0 Paris. Une demande bien pr\u00e9cise a \u00e9t\u00e9 faite aux invit\u00e9s pour cette c\u00e9r\u00e9monie.<\/p>\n<p class=\"fig-paragraph\">Brigitte Bardot est\u00a0<a href=\"https:\/\/www.gala.fr\/l_actu\/news_de_stars\/mort-de-brigitte-bardot-l-actrice-iconique-avait-91-ans-20251228\" data-fig-type=\"Article\" data-gtm-custom-categorie=\"navigation\" data-gtm-custom-action=\"crossclick\" data-gtm-custom-label=\"Contextuel\" data-gtm-event=\"customEventSPE\" data-fig-domain=\"GALA\" target=\"_blank\" rel=\"noopener\">d\u00e9c\u00e9d\u00e9e le 28 d\u00e9cembre dernier \u00e0 l\u2019\u00e2ge de 91 ans<\/a>, des suites d\u2019un cancer. Le 7 janvier,\u00a0<a href=\"https:\/\/www.gala.fr\/l_actu\/news_de_stars\/en-direct-obseques-de-brigitte-bardot-a-saint-tropez-ceremonies-invites-enterrement-suivez-l-hommage-20260107\" data-fig-type=\"Live\" data-gtm-custom-categorie=\"navigation\" data-gtm-custom-action=\"crossclick\" data-gtm-custom-label=\"Contextuel\" data-gtm-event=\"customEventSPE\" data-fig-domain=\"GALA\" target=\"_blank\" rel=\"noopener\">l\u2019actrice a \u00e9t\u00e9 inhum\u00e9e \u00e0 Saint-Tropez<\/a>, en pr\u00e9sence de son mari, Bernard d\u2019Ormale,\u00a0<a href=\"http:\/\/www.gala.fr\/l_actu\/news_de_stars\/obseques-de-brigitte-bardot-son-fils-nicolas-apparait-pour-la-premiere-fois-20260107\" data-fig-type=\"Article\" data-gtm-custom-categorie=\"navigation\" data-gtm-custom-action=\"crossclick\" data-gtm-custom-label=\"Contextuel\" data-gtm-event=\"customEventSPE\" data-fig-domain=\"GALA\" target=\"_blank\" rel=\"noopener\">et de son fils, Nicolas Charrier<\/a>. D\u2019autres personnalit\u00e9s comme Jean-Pierre Foucault ou encore Marine Le\u00a0Pen \u00e9taient pr\u00e9sentes. Ce mercredi 28 janvier, un mois jour pour jour apr\u00e8s sa disparition, un dernier hommage\u00a0<a href=\"http:\/\/www.gala.fr\/l_actu\/news_de_stars\/adieux-a-thierry-ardisson-pourquoi-l-eglise-saint-roch-a-paris-accueille-t-elle-souvent-les-obseques-des-stars-20250717\" data-fig-type=\"Article\" data-gtm-custom-categorie=\"navigation\" data-gtm-custom-action=\"crossclick\" data-gtm-custom-label=\"Contextuel\" data-gtm-event=\"customEventSPE\" data-fig-domain=\"GALA\" target=\"_blank\" rel=\"noopener\">va lui \u00eatre rendu en l\u2019\u00e9glise Saint-Roch<\/a>, \u00e0 Paris. \u00c0 partir de 18 h, une messe va \u00eatre c\u00e9l\u00e9br\u00e9e par le p\u00e8re Laurent Chauvin, aum\u00f4nier des artistes, au sein de cette \u00e9glise r\u00e9put\u00e9e pour \u00eatre la paroisse des artistes.<\/p>\n<p class=\"fig-paragraph\">Comme le rapporte\u00a0<a href=\"https:\/\/www.cnews.fr\/france\/2026-01-28\/brigitte-bardot-une-messe-en-hommage-licone-du-cinema-ce-mercredi-en-leglise\" target=\"_blank\" rel=\"sponsored noopener\" data-gtm-custom-categorie=\"navigation\" data-gtm-custom-action=\"crossclick\" data-gtm-custom-label=\"Contextuel\" data-gtm-event=\"customEventSPE\">CNews<\/a>, les personnes convi\u00e9es \u00e0 cet hommage sont invit\u00e9es \u00e0 porter \u00ab une touche de vichy rose\u00a0\u00bb, en r\u00e9f\u00e9rence au style vestimentaire de Brigitte Bardot. Pour ses fun\u00e9railles \u00e0 Saint-Tropez au d\u00e9but du mois, c\u2019est le cercueil de la star de Don Juan 73 qui a constitu\u00e9 un joli clin d\u2019\u0153il \u00e0 son esth\u00e9tique. En effet, la s\u0153ur de Mijanou\u00a0<a href=\"http:\/\/www.gala.fr\/l_actu\/news_de_stars\/obseques-de-brigitte-bardot-son-cercueil-tres-original-a-attire-tous-les-regards-20260108\" data-fig-type=\"Article\" data-gtm-custom-categorie=\"navigation\" data-gtm-custom-action=\"crossclick\" data-gtm-custom-label=\"Contextuel\" data-gtm-event=\"customEventSPE\" data-fig-domain=\"GALA\" target=\"_blank\" rel=\"noopener\">repose dans un cercueil<\/a>\u00a0en pin brut habill\u00e9 d\u2019osier et recouvert d\u2019une myriade de fleurs de tournesol.<\/p>\n<p>                                                                <a href=\"#slideshow-header\"><\/p>\n<p class=\"fig-slideshow__title\">\n                    PHOTOS &#8211; Obs\u00e8ques de Brigitte Bardot\u00a0: Mireille Mathieu, Marine Le Pen&#8230; les personnalit\u00e9s r\u00e9unies pour un dernier hommage\n                <\/p>\n<p>    <\/a><br \/>\n                                                                <a class=\"fig-a11y-skip\" href=\"#fig-a11y-skip-main-inarticle\" data-module=\"a11y-skip\" data-context=\"was @visible\"><br \/>\n    Passer la publicit\u00e9<br \/>\n<\/a>            <\/p>\n<p>                                                                Mort de Brigitte Bardot\u00a0: son mari Bernard d\u2019Ormale raconte ses derniers jours<\/p>\n<p class=\"fig-paragraph\">Le 23 janvier, lors d\u2019un entretien avec Le Parisien,\u00a0<a href=\"http:\/\/www.gala.fr\/l_actu\/news_de_stars\/brigitte-bardot-son-mari-bernard-d-ormale-raconte-ses-derniers-jours-les-antidouleurs-n-agissaient-plus-20260123\" data-fig-type=\"Article\" data-gtm-custom-categorie=\"navigation\" data-gtm-custom-action=\"crossclick\" data-gtm-custom-label=\"Contextuel\" data-gtm-event=\"customEventSPE\" data-fig-domain=\"GALA\" target=\"_blank\" rel=\"noopener\">Bernard d\u2019Ormale s\u2019est livr\u00e9 sur les derniers jours de vie de Brigitte Bardot.<\/a>\u00a0\u00ab\u202fElle a souffert\u00a0\u00bb, confie-t-il, avant d\u2019en dire plus sur son \u00e9tat de sant\u00e9 ces derniers mois\u00a0: \u00ab Il y a eu une op\u00e9ration d\u2019un cancer du c\u00f4lon, formidablement r\u00e9ussie, sans m\u00e9tastases. Mais le gros probl\u00e8me, c\u2019est qu\u2019elle avait une escarre dans le dos, ultra-douloureuse. La nuit, elle me r\u00e9veillait, la pauvre, en me disant\u00a0: \u201cJe n\u2019en peux plus.\u201d\u00bb Plus rien ne parvenait \u00e0 soulager les souffrances de son \u00e9pouse, assure-t-il\u00a0: \u00ab\u202fLes antidouleurs n\u2019agissaient plus. Elle avait beaucoup maigri, elle mangeait de moins en moins. Je pense que, consciente de tout \u00e7a, elle a arr\u00eat\u00e9 de s\u2019alimenter les derniers jours. Cette souffrance, c\u2019est terrible, elle ne m\u00e9ritait pas \u00e7a.\u00a0\u00bb Bernard d\u2019Ormale est rest\u00e9 au chevet de l\u2019ex-actrice jusqu\u2019\u00e0 son dernier souffle, ne pouvant rien faire d\u2019autres pour la soulager\u00a0: \u00ab\u202fCe que je pouvais avoir mal au c\u0153ur pour elle. On est l\u00e0 comme un con, impuissant. Je restais \u00e0 c\u00f4t\u00e9 d\u2019elle. Elle s\u2019est \u00e9teinte tr\u00e8s doucement.\u00a0\u00bb<\/p>\n","protected":false},"excerpt":{"rendered":"Ce mercredi 28 janvier, un mois jour pour jour apr\u00e8s le d\u00e9c\u00e8s de Brigitte Bardot, un dernier hommage&hellip;\n","protected":false},"author":2,"featured_media":694719,"comment_status":"","ping_status":"","sticky":false,"template":"","format":"standard","meta":{"footnotes":""},"categories":[1888],"tags":[11,20224,3983,7650,1777,674,1011,27,4879,12,626,25,11644],"class_list":{"0":"post-694718","1":"post","2":"type-post","3":"status-publish","4":"format-standard","5":"has-post-thumbnail","7":"category-paris","8":"tag-actualites","9":"tag-brigitte-bardot","10":"tag-deces","11":"tag-demande","12":"tag-eu","13":"tag-europe","14":"tag-fr","15":"tag-france","16":"tag-hommage","17":"tag-news","18":"tag-paris","19":"tag-republique-francaise","20":"tag-vetements"},"share_on_mastodon":{"url":"https:\/\/pubeurope.com\/@fr\/115972158563490200","error":""},"_links":{"self":[{"href":"https:\/\/www.europesays.com\/fr\/wp-json\/wp\/v2\/posts\/694718","targetHints":{"allow":["GET"]}}],"collection":[{"href":"https:\/\/www.europesays.com\/fr\/wp-json\/wp\/v2\/posts"}],"about":[{"href":"https:\/\/www.europesays.com\/fr\/wp-json\/wp\/v2\/types\/post"}],"author":[{"embeddable":true,"href":"https:\/\/www.europesays.com\/fr\/wp-json\/wp\/v2\/users\/2"}],"replies":[{"embeddable":true,"href":"https:\/\/www.europesays.com\/fr\/wp-json\/wp\/v2\/comments?post=694718"}],"version-history":[{"count":0,"href":"https:\/\/www.europesays.com\/fr\/wp-json\/wp\/v2\/posts\/694718\/revisions"}],"wp:featuredmedia":[{"embeddable":true,"href":"https:\/\/www.europesays.com\/fr\/wp-json\/wp\/v2\/media\/694719"}],"wp:attachment":[{"href":"https:\/\/www.europesays.com\/fr\/wp-json\/wp\/v2\/media?parent=694718"}],"wp:term":[{"taxonomy":"category","embeddable":true,"href":"https:\/\/www.europesays.com\/fr\/wp-json\/wp\/v2\/categories?post=694718"},{"taxonomy":"post_tag","embeddable":true,"href":"https:\/\/www.europesays.com\/fr\/wp-json\/wp\/v2\/tags?post=694718"}],"curies":[{"name":"wp","href":"https:\/\/api.w.org\/{rel}","templated":true}]}}