{"id":694722,"date":"2026-01-28T10:05:15","date_gmt":"2026-01-28T10:05:15","guid":{"rendered":"https:\/\/www.europesays.com\/fr\/694722\/"},"modified":"2026-01-28T10:05:15","modified_gmt":"2026-01-28T10:05:15","slug":"ukraine-zelensky-envisage-une-adhesion-a-lue-des-2027","status":"publish","type":"post","link":"https:\/\/www.europesays.com\/fr\/694722\/","title":{"rendered":"Ukraine : Zelensky envisage une adh\u00e9sion \u00e0 l&rsquo;UE d\u00e8s 2027"},"content":{"rendered":"<p>\n         Publi\u00e9 le<br \/>\n            28\/01\/2026 &#8211; 10:26 UTC+1\n            <\/p>\n<p>Le pr\u00e9sident ukrainien Volodymyr Zelensky a annonc\u00e9 que son pays souhaitait adh\u00e9rer \u00e0 l&rsquo;Union europ\u00e9enne en 2027.<\/p>\n<p>Apr\u00e8s une conversation t\u00e9l\u00e9phonique avec le chancelier autrichien Christian Stocker, le pr\u00e9sident ukrainien a d\u00e9clar\u00e9 que l&rsquo;adh\u00e9sion \u00e0 l&rsquo;UE pourrait faire partie d&rsquo;une s\u00e9rie de garanties de s\u00e9curit\u00e9 internationale apr\u00e8s la fin de la guerre.<\/p>\n<p>\u00ab\u00a0L&rsquo;adh\u00e9sion de l&rsquo;Ukraine \u00e0 l&rsquo;Union europ\u00e9enne est l&rsquo;une des principales garanties de s\u00e9curit\u00e9, non seulement pour nous, mais aussi pour toute l&rsquo;Europe\u00a0\u00bb, a d\u00e9clar\u00e9 Volodymyr Zelensky, ajoutant que l&rsquo;Ukraine contribuait \u00e0 la force collective de l&rsquo;Europe dans les domaines de la s\u00e9curit\u00e9, de la technologie et de l&rsquo;\u00e9conomie.<\/p>\n<p>\u00ab\u00a0C&rsquo;est pourquoi nous parlons d&rsquo;une date concr\u00e8te, 2027, et nous comptons sur le soutien de nos partenaires pour d\u00e9fendre notre position.\u00a0\u00bb<\/p>\n<p>Il y a deux jours, lors d&rsquo;une conf\u00e9rence de presse \u00e0 Vilnius, en Lituanie, Volodymyr Zelensky a d\u00e9clar\u00e9 que l&rsquo;Ukraine serait techniquement pr\u00eate \u00e0 rejoindre l&rsquo;UE en 2027 apr\u00e8s avoir ouvert tous les groupes de n\u00e9gociation cette ann\u00e9e.<\/p>\n<p>L&rsquo;Ukraine a re\u00e7u le statut de candidat en 2022, apr\u00e8s le d\u00e9but de l&rsquo;invasion russe, et les n\u00e9gociations d&rsquo;adh\u00e9sion ont officiellement commenc\u00e9 en 2024.<\/p>\n<p>Mais la Hongrie bloque l&rsquo;ouverture des chapitres de n\u00e9gociation, estimant que l&rsquo;adh\u00e9sion de l&rsquo;Ukraine s&rsquo;accompagnerait de menaces pour la s\u00e9curit\u00e9 et de risques \u00e9conomiques.<\/p>\n<p>Bal\u00e1zs Orb\u00e1n, conseiller politique du Premier ministre hongrois Viktor Orb\u00e1n, a condamn\u00e9 les aspirations du pr\u00e9sident ukrainien dans un message post\u00e9 sur X.<\/p>\n<p>\u00ab\u00a0Cela repr\u00e9sente une menace imm\u00e9diate et directe pour les Europ\u00e9ens et les Hongrois, et c&rsquo;est pourquoi le gouvernement patriotique s&rsquo;y opposera\u00a0\u00bb, a-t-il \u00e9crit.<\/p>\n<p>Pour l&rsquo;instant, l&rsquo;Union europ\u00e9enne fournit une aide technique \u00e0 Kyiv pour lui permettre de fermer le regroupement lorsque l&rsquo;objection politique sera lev\u00e9e.<\/p>\n<p>L&rsquo;UE consid\u00e8re l&rsquo;int\u00e9gration progressive comme une option<\/p>\n<p>Un fonctionnaire de l&rsquo;UE connaissant le processus d&rsquo;adh\u00e9sion a confirm\u00e9 qu&rsquo;une \u00ab\u00a0int\u00e9gration progressive\u00a0\u00bb \u00e9tait \u00e9galement envisag\u00e9e dans le cadre de l&rsquo;adh\u00e9sion de l&rsquo;Ukraine.<\/p>\n<p>\u00ab\u00a0Une discussion est en cours pour savoir si nous devrions envisager l&rsquo;\u00e9largissement de l&rsquo;UE d&rsquo;une mani\u00e8re l\u00e9g\u00e8rement diff\u00e9rente : ce que nous avons actuellement, c&rsquo;est que si tout le travail est fait, il y a une d\u00e9cision oui ou non \u00e0 la fin du processus\u00a0\u00bb, a d\u00e9clar\u00e9 le fonctionnaire, ajoutant que les \u00c9tats membres discutent d&rsquo;une nouvelle approche.<\/p>\n<p>\u00ab\u00a0Est-ce une option d&rsquo;aller plus loin dans un processus o\u00f9, dans un certain sens, vous \u00eates d\u00e9j\u00e0 partiellement entr\u00e9 dans l&rsquo;UE tout en continuant \u00e0 travailler sur une int\u00e9gration plus pouss\u00e9e ?\u00a0\u00bb<\/p>\n<p>Le fonctionnaire a d\u00e9clar\u00e9 \u00e0 Euronews qu&rsquo;en 2025, malgr\u00e9 le veto de la Hongrie, l&rsquo;Ukraine a fait d&rsquo;\u00e9normes progr\u00e8s et a termin\u00e9 le processus de s\u00e9lection le plus rapide de tous les candidats \u00e0 l&rsquo;UE, tandis que Kyiv re\u00e7oit un soutien accru de Bruxelles pour compl\u00e9ter les dossiers d&rsquo;adh\u00e9sion.<\/p>\n<p>\u00ab\u00a0Nous faisons tout ce que nous pouvons pour soutenir l&rsquo;Ukraine dans toutes les r\u00e9formes et fournir toutes les informations, les progr\u00e8s au Conseil qui est en mesure de prendre des d\u00e9cisions en connaissance de cause\u00a0\u00bb, a d\u00e9clar\u00e9 le fonctionnaire de l&rsquo;UE, ajoutant que l&rsquo;Ukraine m\u00e8ne une guerre, n\u00e9gocie un accord de paix et se pr\u00e9pare \u00e0 l&rsquo;adh\u00e9sion \u00e0 l&rsquo;UE en m\u00eame temps.<\/p>\n","protected":false},"excerpt":{"rendered":"Publi\u00e9 le 28\/01\/2026 &#8211; 10:26 UTC+1 Le pr\u00e9sident ukrainien Volodymyr Zelensky a annonc\u00e9 que son pays souhaitait adh\u00e9rer&hellip;\n","protected":false},"author":2,"featured_media":694723,"comment_status":"","ping_status":"","sticky":false,"template":"","format":"standard","meta":{"footnotes":""},"categories":[1590],"tags":[11,1777,674,131,12,220,364,134],"class_list":{"0":"post-694722","1":"post","2":"type-post","3":"status-publish","4":"format-standard","5":"has-post-thumbnail","7":"category-ukraine","8":"tag-actualites","9":"tag-eu","10":"tag-europe","11":"tag-guerre-en-ukraine","12":"tag-news","13":"tag-ukraine","14":"tag-union-europeenne","15":"tag-volodymyr-zelensky"},"share_on_mastodon":{"url":"https:\/\/pubeurope.com\/@fr\/115972166367257396","error":""},"_links":{"self":[{"href":"https:\/\/www.europesays.com\/fr\/wp-json\/wp\/v2\/posts\/694722","targetHints":{"allow":["GET"]}}],"collection":[{"href":"https:\/\/www.europesays.com\/fr\/wp-json\/wp\/v2\/posts"}],"about":[{"href":"https:\/\/www.europesays.com\/fr\/wp-json\/wp\/v2\/types\/post"}],"author":[{"embeddable":true,"href":"https:\/\/www.europesays.com\/fr\/wp-json\/wp\/v2\/users\/2"}],"replies":[{"embeddable":true,"href":"https:\/\/www.europesays.com\/fr\/wp-json\/wp\/v2\/comments?post=694722"}],"version-history":[{"count":0,"href":"https:\/\/www.europesays.com\/fr\/wp-json\/wp\/v2\/posts\/694722\/revisions"}],"wp:featuredmedia":[{"embeddable":true,"href":"https:\/\/www.europesays.com\/fr\/wp-json\/wp\/v2\/media\/694723"}],"wp:attachment":[{"href":"https:\/\/www.europesays.com\/fr\/wp-json\/wp\/v2\/media?parent=694722"}],"wp:term":[{"taxonomy":"category","embeddable":true,"href":"https:\/\/www.europesays.com\/fr\/wp-json\/wp\/v2\/categories?post=694722"},{"taxonomy":"post_tag","embeddable":true,"href":"https:\/\/www.europesays.com\/fr\/wp-json\/wp\/v2\/tags?post=694722"}],"curies":[{"name":"wp","href":"https:\/\/api.w.org\/{rel}","templated":true}]}}