{"id":694734,"date":"2026-01-28T10:11:12","date_gmt":"2026-01-28T10:11:12","guid":{"rendered":"https:\/\/www.europesays.com\/fr\/694734\/"},"modified":"2026-01-28T10:11:12","modified_gmt":"2026-01-28T10:11:12","slug":"pour-relativiser-laction-de-trump-et-les-morts-a-minneapolis-ciotti-developpe-un-argument-absurde","status":"publish","type":"post","link":"https:\/\/www.europesays.com\/fr\/694734\/","title":{"rendered":"Pour relativiser l\u2019action de Trump et les morts \u00e0 Minneapolis, Ciotti d\u00e9veloppe un argument absurde"},"content":{"rendered":"<p>        <img decoding=\"async\" loading=\"lazy\" src=\"https:\/\/www.europesays.com\/fr\/wp-content\/uploads\/2026\/01\/07c2e07_upload-1-bo4wfeuzpvf9-afp-20251016-pinto-frenchmp251014-npogq-v1-highres-frenchmpdeputiesatt.jpeg\"  width=\"728\" height=\"410\" alt=\"L\u2019argument absurde de Ciotti (ici en octobre 2025) pour relativiser l\u2019action de Trump et les morts \u00e0 Minneapolis\"\/>  <\/p>\n<p>TELMO PINTO \/ NurPhoto via AFP<\/p>\n<p>L\u2019argument absurde de Ciotti (ici en octobre 2025) pour relativiser l\u2019action de Trump et les morts \u00e0 Minneapolis<\/p>\n<p class=\"asset asset-text\">Op\u00e9ration diversion. Invit\u00e9 \u00e0 r\u00e9agir ce mercredi 28\u00a0janvier aux<a href=\"https:\/\/www.huffingtonpost.fr\/international\/article\/a-minneapolis-donald-trump-cede-a-la-pression-avec-l-annonce-du-retrait-progressif-d-agents-federaux_259666.html\" target=\"_blank\" rel=\"noopener\"> affres de la police de l\u2019immigration aux \u00c9tats-Unis<\/a>, et \u00e0 la mort <a href=\"https:\/\/www.huffingtonpost.fr\/international\/article\/apres-la-mort-d-alex-pretti-a-minneapolis-hollywood-et-les-stars-americaines-s-engagent-enfin_259628.html\" target=\"_blank\" rel=\"noopener\">d\u2019Alex Pretti,<\/a> abattu par plusieurs de ses membres \u00e0 Minneapolis, \u00c9ric Ciotti a \u00e9voqu\u00e9 \u00ab\u00a0des faits regrettables\u00a0\u00bb. Avant de citer quelques secondes plus tard la situation en Iran, pour mieux relativiser celle outre-Atlantique.<\/p>\n<p class=\"asset asset-text\">\u00ab\u00a0Je vois l\u2019\u00e9motion que ces morts ont suscit\u00e9, et c\u2019est l\u00e9gitime. Mais j\u2019aimerais qu\u2019on se pr\u00e9occupe davantage des 30\u00a0000\u00a0morts en Iran. Je vois la presse parler uniquement de ces faits extr\u00eamement regrettables bien s\u00fbr, mais on parle de 30.000\u00a0morts en Iran\u00a0\u00bb, a-t-il ainsi lanc\u00e9 sur BFMTV, saluant au passage \u00ab\u00a0la politique de lutte contre l\u2019immigration\u00a0\u00bb du pr\u00e9sident am\u00e9ricain.<\/p>\n<p class=\"asset asset-text\">\u00ab\u00a0Donald Trump est dans le r\u00f4le du mandat que les \u00e9lecteurs lui ont donn\u00e9. Apr\u00e8s, les m\u00e9thodes lui appartiennent, je d\u00e9plore les morts, mais je m\u2019\u00e9tonne du prisme m\u00e9diatique qui regarde plus ces regrettables actes que je condamne, plut\u00f4t que les 30\u00a0000\u00a0morts en Iran qui devraient soulever une \u00e9motion internationale\u00a0\u00bb, a encore insist\u00e9 le pr\u00e9sident du parti UDR (alli\u00e9 au RN), incapable de d\u00e9corr\u00e9ler les deux situations, bien qu\u2019elles n\u2019aient rien \u00e0 voir.<\/p>\n<p>    <strong>Ces figures d\u2019extr\u00eame droite \u00e0 la peine<\/strong>    <\/p>\n<p class=\"asset asset-text\">Au-del\u00e0 de la question de la couverture m\u00e9diatique (<a href=\"https:\/\/www.huffingtonpost.fr\/politique\/article\/en-iran-la-repression-est-la-plus-violente-de-son-histoire-alerte-jean-noel-barrot_259184.html\" target=\"_blank\" rel=\"noopener\">la presse fran\u00e7aise<\/a>, comme l\u2019ensemble des partis se sont fait l\u2019\u00e9cho de la r\u00e9pression sanglante en Iran), \u00c9ric Ciotti illustre ici malgr\u00e9 lui la g\u00eane \u00e9prouv\u00e9e par une partie de l\u2019extr\u00eame droite au moment de condamner sans ambages ou relativisme la politique de Donald Trump, pr\u00e9sident dont ils ont longtemps vant\u00e9 les m\u00e9rites.<\/p>\n<p class=\"asset asset-text\">Avant le d\u00e9put\u00e9 des Bouches-du-Rh\u00f4ne, Marion Mar\u00e9chal Le Pen saluait ainsi la strat\u00e9gie du locataire de la Maison Blanche sur France Inter, en parlant des deux am\u00e9ricains tu\u00e9s par ICE \u00e0 Minneapolis (<a href=\"https:\/\/www.huffingtonpost.fr\/international\/article\/mort-de-renee-nicole-good-cette-sombre-de-fraude-a-l-origine-du-deploiement-de-l-ice-a-minneapolis_259001.html\" target=\"_blank\" rel=\"noopener\" title=\"Nouvelle fen\u00eatre\">Ren\u00e9e Good<\/a> et Alex Pretti) comme \u00ab\u00a0des accidents malheureux\u00a0\u00bb dus \u00e0 \u00ab\u00a0des militants d\u2019extr\u00eame gauche qui s\u2019interposent dans l\u2019action polici\u00e8re \u00bb. Une explication, sans remise en question des m\u00e9thodes de cette police controvers\u00e9e, qui reprend la propagande de Donald Trump, et d\u00e9fie la r\u00e9alit\u00e9 <a href=\"https:\/\/www.washingtonpost.com\/investigations\/2026\/01\/25\/minneapolis-shooting-video-gun\/\" target=\"_blank\" rel=\"noopener\" title=\"Nouvelle fen\u00eatre\">document\u00e9e par la presse am\u00e9ricaine. <\/a><\/p>\n<p class=\"asset asset-text\">Dans le m\u00eame esprit, le pr\u00e9sident de Reconqu\u00eate \u00c9ric Zemmour n\u2019a pas souhait\u00e9 \u00ab\u00a0se prononcer\u00a0\u00bb dimanche dernier, sur ces \u00e9v\u00e9nements, r\u00e9sumant le tout \u00e0 une simple \u00ab\u00a0bataille politique\u00a0\u00bb et insistant sur la \u00ab\u00a0pr\u00e9somption de la l\u00e9gitime d\u00e9fense sur les policiers.\u00a0\u00bb Depuis que les faits se sont d\u00e9cant\u00e9s, l\u2019ancien candidat \u00e0 la pr\u00e9sidentielle n\u2019est pas revenu sur ses propos.<\/p>\n","protected":false},"excerpt":{"rendered":"TELMO PINTO \/ NurPhoto via AFP L\u2019argument absurde de Ciotti (ici en octobre 2025) pour relativiser l\u2019action de&hellip;\n","protected":false},"author":2,"featured_media":694735,"comment_status":"","ping_status":"","sticky":false,"template":"","format":"standard","meta":{"footnotes":""},"categories":[2],"tags":[11,75,6537,1011,27,32194,12,316,25],"class_list":{"0":"post-694734","1":"post","2":"type-post","3":"status-publish","4":"format-standard","5":"has-post-thumbnail","7":"category-actualites","8":"tag-actualites","9":"tag-donald-trump","10":"tag-eric-ciotti","11":"tag-fr","12":"tag-france","13":"tag-minneapolis","14":"tag-news","15":"tag-politique","16":"tag-republique-francaise"},"share_on_mastodon":{"url":"https:\/\/pubeurope.com\/@fr\/115972190033680610","error":""},"_links":{"self":[{"href":"https:\/\/www.europesays.com\/fr\/wp-json\/wp\/v2\/posts\/694734","targetHints":{"allow":["GET"]}}],"collection":[{"href":"https:\/\/www.europesays.com\/fr\/wp-json\/wp\/v2\/posts"}],"about":[{"href":"https:\/\/www.europesays.com\/fr\/wp-json\/wp\/v2\/types\/post"}],"author":[{"embeddable":true,"href":"https:\/\/www.europesays.com\/fr\/wp-json\/wp\/v2\/users\/2"}],"replies":[{"embeddable":true,"href":"https:\/\/www.europesays.com\/fr\/wp-json\/wp\/v2\/comments?post=694734"}],"version-history":[{"count":0,"href":"https:\/\/www.europesays.com\/fr\/wp-json\/wp\/v2\/posts\/694734\/revisions"}],"wp:featuredmedia":[{"embeddable":true,"href":"https:\/\/www.europesays.com\/fr\/wp-json\/wp\/v2\/media\/694735"}],"wp:attachment":[{"href":"https:\/\/www.europesays.com\/fr\/wp-json\/wp\/v2\/media?parent=694734"}],"wp:term":[{"taxonomy":"category","embeddable":true,"href":"https:\/\/www.europesays.com\/fr\/wp-json\/wp\/v2\/categories?post=694734"},{"taxonomy":"post_tag","embeddable":true,"href":"https:\/\/www.europesays.com\/fr\/wp-json\/wp\/v2\/tags?post=694734"}],"curies":[{"name":"wp","href":"https:\/\/api.w.org\/{rel}","templated":true}]}}