{"id":694746,"date":"2026-01-28T10:21:10","date_gmt":"2026-01-28T10:21:10","guid":{"rendered":"https:\/\/www.europesays.com\/fr\/694746\/"},"modified":"2026-01-28T10:21:10","modified_gmt":"2026-01-28T10:21:10","slug":"premiers-maillots-chez-les-elites-pour-melanie-dupin-actualite","status":"publish","type":"post","link":"https:\/\/www.europesays.com\/fr\/694746\/","title":{"rendered":"Premiers maillots chez les Elites pour M\u00e9lanie Dupin &#8211; Actualit\u00e9"},"content":{"rendered":"<p>Son premier titre de Championne de France chez les Elites lui a donn\u00e9 des id\u00e9es de suite. M\u00e9lanie Dupin a \u00e9t\u00e9 la Reine de Bourges pendant le Championnat de France disput\u00e9 du 16 au 18 janvier. Quatre titres, quatre maillots bleu-blanc-rouge et quatre m\u00e9dailles d&rsquo;or en poursuite individuelle, course aux points, \u00e9limination et Omnium. Et en prime, une s\u00e9lection pour le Championnat d&rsquo;Europe qu&rsquo;elle a apprise pendant le Championnat de France.<\/p>\n<p><strong>VENUE POUR UN MAILLOT EN POURSUITE<\/strong><\/p>\n<p>Avant de se rendre \u00e0 Bourges, la repr\u00e9sentante du Team Track Elite BLB MF Doltcini avait r\u00e9alis\u00e9 \u00ab\u00a0un bon bloc route pendant une semaine au Portugal\u00a0\u00bb. Mais la piste \u00e9tait aussi pr\u00e9sente dans sa pr\u00e9paration pour Bourges. \u00ab\u00a0Il y a eu le stage de l&rsquo;\u00e9quipe de France avec les tests pour la s\u00e9lection au Championnat d&rsquo;Europe \u00e0 Saint-Quentin, \u00e7a m&rsquo;a fait faire des intensit\u00e9s. J&rsquo;ai aussi couru \u00e0 Anoeta et Anadia\u00a0\u00bb. Les tests \u00e9taient exigeants. \u00ab\u00a0Ils \u00e9taient tr\u00e8s durs et je n&rsquo;avais pas vraiment de bonnes sensations mais dans les autres exercices du stage, \u00e7a allait plut\u00f4t bien\u00a0\u00bb.<\/p>\n<p>Le premier objectif de M\u00e9lanie Dupin \u00e9tait \u00ab\u00a0de remporter un maillot en poursuite individuelle et des podiums\u00a0\u00bb. Battue l&rsquo;an dernier en finale par Marion Borras absente cette ann\u00e9e, elle r\u00e9alise le meilleur temps en qualification. \u00ab\u00a0En finale, je suis partie plus vite que mon tableau de marche. Il y avait un \u00e9cart en qualifications mais en finale tout peut se passer. J&rsquo;ai rejoint Elina (Cabot), c&rsquo;\u00e9tait mieux pour la course aux points de raccourcir l&rsquo;effort\u00a0\u00bb. En effet, trois heures plus tard, elle \u00e9tait de retour sur le v\u00e9lo pour la finale de la course aux points. \u00ab\u00a0Certaines filles \u00e9taient moins entam\u00e9es car elles n&rsquo;avaient pas fait la poursuite\u00a0\u00bb. 20 kilom\u00e8tres plus loin et deux tours de pris plus tard, c&rsquo;est un deuxi\u00e8me maillot sur ses \u00e9paules.<\/p>\n<p><strong>SUR LA FATIGUE<\/strong><\/p>\n<p>Dans ce Championnat concentr\u00e9 sur trois jours, la fatigue s&rsquo;est fait sentir. \u00ab\u00a0En revanche, dans l&rsquo;\u00e9limination, Ilona (Rouat) avait fait l&rsquo;Am\u00e9ricaine et \u00e7a l&rsquo;avait us\u00e9e\u00a0\u00bb. Le dernier jour, \u00ab\u00a0dans l&rsquo;Omnium nous \u00e9tions toutes fatigu\u00e9es. Gr\u00e2ce \u00e0 ma pr\u00e9paration routi\u00e8re je ne me suis pas effondr\u00e9e sur la course aux points, constate-t-elle. 100 tours, 10 sprints, avoir fait des bornes m&rsquo;a permis de bien encaisser les efforts\u00a0\u00bb.\u00a0<\/p>\n<p>\u00c0 partir du 1er f\u00e9vrier, la n\u00e9o-soci\u00e9taire de l&rsquo;<strong><a href=\"https:\/\/www.directvelo.com\/equipe\/3639\/uvca-troyes-fem\" target=\"_blank\" rel=\"noopener\">UVCA Troyes<\/a><\/strong> va endosser le maillot bleu pour le Championnat d&rsquo;Europe. \u00ab\u00a0Je ferai la poursuite individuelle et par \u00e9quipes. Au stage de Saint-Quentin, nous avons fait des exercices ax\u00e9s sur la poursuite par \u00e9quipes mais il n&rsquo;y avait que Clara (Copponi) de l&rsquo;\u00e9quipe olympique. C&rsquo;est une fiert\u00e9 de courir avec celles qui \u00e9taient \u00e0 Paris\u00a0\u00bb. Apr\u00e8s cette s\u00e9quence piste, il sera temps de revenir \u00e0 la route. \u00ab\u00a0Je ferai un stage en Espagne et un autre dans le sud de la France\u00a0\u00bb.<\/p>\n","protected":false},"excerpt":{"rendered":"Son premier titre de Championne de France chez les Elites lui a donn\u00e9 des id\u00e9es de suite. M\u00e9lanie&hellip;\n","protected":false},"author":2,"featured_media":694747,"comment_status":"","ping_status":"","sticky":false,"template":"","format":"standard","meta":{"footnotes":""},"categories":[1411],"tags":[834,828,836,829,837,827,83,826,824,823,1154,207,814,817,815,816,822,821,832,211,839,1011,27,820,818,819,835,831,830,833,838,60,212,208,825],"class_list":{"0":"post-694746","1":"post","2":"type-post","3":"status-publish","4":"format-standard","5":"has-post-thumbnail","7":"category-cyclisme","8":"tag-attaque","9":"tag-belgique","10":"tag-braquet","11":"tag-bretagne","12":"tag-chute","13":"tag-competition","14":"tag-coupe-de-france","15":"tag-coureur","16":"tag-course-cyclisme","17":"tag-course-cycliste","18":"tag-cycling","19":"tag-cyclisme","20":"tag-direct","21":"tag-direct-velo","22":"tag-directvelo","23":"tag-directvelo-com","24":"tag-epreuve","25":"tag-epreuve-cycliste","26":"tag-federation-francaise-de-cyclisme","27":"tag-ffc","28":"tag-flandres","29":"tag-fr","30":"tag-france","31":"tag-live","32":"tag-live-course","33":"tag-live-epreuve","34":"tag-peloton","35":"tag-radio-peloton","36":"tag-radio-tour","37":"tag-ravitaillement","38":"tag-relance","39":"tag-sports","40":"tag-uci","41":"tag-velo","42":"tag-velos"},"share_on_mastodon":{"url":"https:\/\/pubeurope.com\/@fr\/115972229285468408","error":""},"_links":{"self":[{"href":"https:\/\/www.europesays.com\/fr\/wp-json\/wp\/v2\/posts\/694746","targetHints":{"allow":["GET"]}}],"collection":[{"href":"https:\/\/www.europesays.com\/fr\/wp-json\/wp\/v2\/posts"}],"about":[{"href":"https:\/\/www.europesays.com\/fr\/wp-json\/wp\/v2\/types\/post"}],"author":[{"embeddable":true,"href":"https:\/\/www.europesays.com\/fr\/wp-json\/wp\/v2\/users\/2"}],"replies":[{"embeddable":true,"href":"https:\/\/www.europesays.com\/fr\/wp-json\/wp\/v2\/comments?post=694746"}],"version-history":[{"count":0,"href":"https:\/\/www.europesays.com\/fr\/wp-json\/wp\/v2\/posts\/694746\/revisions"}],"wp:featuredmedia":[{"embeddable":true,"href":"https:\/\/www.europesays.com\/fr\/wp-json\/wp\/v2\/media\/694747"}],"wp:attachment":[{"href":"https:\/\/www.europesays.com\/fr\/wp-json\/wp\/v2\/media?parent=694746"}],"wp:term":[{"taxonomy":"category","embeddable":true,"href":"https:\/\/www.europesays.com\/fr\/wp-json\/wp\/v2\/categories?post=694746"},{"taxonomy":"post_tag","embeddable":true,"href":"https:\/\/www.europesays.com\/fr\/wp-json\/wp\/v2\/tags?post=694746"}],"curies":[{"name":"wp","href":"https:\/\/api.w.org\/{rel}","templated":true}]}}