{"id":694751,"date":"2026-01-28T10:24:12","date_gmt":"2026-01-28T10:24:12","guid":{"rendered":"https:\/\/www.europesays.com\/fr\/694751\/"},"modified":"2026-01-28T10:24:12","modified_gmt":"2026-01-28T10:24:12","slug":"chaos-du-monde-cahots-de-la-vie-au-photo-brussels-festival","status":"publish","type":"post","link":"https:\/\/www.europesays.com\/fr\/694751\/","title":{"rendered":"Chaos du monde, cahots de la vie au Photo Brussels Festival"},"content":{"rendered":"<p><a href=\"https:\/\/www.lalibre.be\/culture\/arts\/2026\/01\/20\/un-mois-de-la-photo-copieux-HHBJR2M5DFDVHOQAYKIVTEPU3E\/\" target=\"_self\" class=\"ap-StoryInterstitialLink ap-StoryElement ap-StoryElement--mb js-paywall-target\" rel=\"noopener\">Un Mois de la Photo copieux<\/a>Humaniste<\/p>\n<p class=\"ap-StoryElement ap-StoryElement--mb ap-StoryText\">Chez G\u00e9opolis, il ne faut pas manquer l&rsquo;exposition L&rsquo;Ukraine en r\u00e9sistance d&rsquo;Olexandr Glyadyelov, l&rsquo;un des principaux photographes de l&rsquo;Ukraine contemporaine qui, depuis 35 ans, photographie l&rsquo;actualit\u00e9 de son pays. Autrement dit, il en a \u00e9crit l&rsquo;histoire en t\u00e9moignant par l&rsquo;image de l&rsquo;effondrement de l&rsquo;Union sovi\u00e9tique, de l&rsquo;inde\u0301pendance de l&rsquo;Ukraine et, depuis 2014, de la guerre en cours.<\/p>\n<blockquote class=\"ap-StoryQuote ap-StoryQuote--pullquote\"><p>guillement<\/p>\n<p class=\"ap-StoryQuote-text\">Ses images pleines de compassion me\u0302me dans les conditions les plus extre\u0302mes, sont plus celles d&rsquo;un photographe humaniste que celle d&rsquo;un correspondant de guerre.<\/p>\n<\/blockquote>\n<p class=\"ap-StoryElement ap-StoryElement--mb ap-StoryText\">Ainsi a-t-il document\u00e9\u0301 les premie\u0300res semaines de l&rsquo;invasion de 2022 autour de Kiev (Boutcha, Irpin, Borodianka), puis les combats des contre-offensives de Kharkiv et de Kherson. Il a e\u0301galement accompagne\u0301 des unite\u0301s engage\u0301es dans la contre-offensive de 2023 a\u0300 Zaporijjia, avant de retourner dans le Donbass en 2024, puis de rejoindre les forces spe\u0301ciales base\u0301es sur l&rsquo;i\u0302le aux Serpents en 2025.<\/p>\n<p class=\"ap-StoryElement ap-StoryElement--mb ap-StoryText\">Bien que prises dans les conditions les plus extre\u0302mes, ses images pleines de compassion sont plus celles d&rsquo;un photographe humaniste que celle d&rsquo;un correspondant de guerre. Ce qui explique sans doute le retentissement dont a b\u00e9n\u00e9fici\u00e9 cette exposition lorsqu&rsquo;elle a \u00e9t\u00e9 montr\u00e9e \u00e0 Kiev l&rsquo;an pass\u00e9.<\/p>\n<p><img loading=\"lazy\" decoding=\"async\" class=\"w-full lazyload lazyload--opacity object-contain\" style=\"aspect-ratio:74 \/ 100;opacity:1\" alt=\"De la s\u00e9rie Another Love Story de  Karla Hiraldo Voleau\" width=\"768\" height=\"1042\" fetchpriority=\"auto\" src=\"https:\/\/www.europesays.com\/fr\/wp-content\/uploads\/2026\/01\/1769595852_432_S5VKD3X55FFF3BW6V4SEHXNP7I.png\"  data- data-optimumx=\"1\"\/>De la s\u00e9rie \u00ab\u00a0Another Love Story\u00a0\u00bb de Karla Hiraldo Voleau \u00a9Karla Hiraldo VoleauLa Nombreuse<\/p>\n<p class=\"ap-StoryElement ap-StoryElement--mb ap-StoryText\">Quitter G\u00e9opolis pour La Nombreuse \u00e0 Saint-Gilles, c&rsquo;est passer de la guerre aux champs de bataille intimes. La s\u00e9rie qu&rsquo;y pr\u00e9sente Karla Hiraldo Voleau aurait \u00e9t\u00e9 le r\u00e9cit d&rsquo;une histoire d&rsquo;amour si, en cours de r\u00e9alisation, son compagnon ne lui avait pas appris qu&rsquo;il menait une double vie. Comme dans la foul\u00e9e il lui avait interdit toute utilisation des photographies le repr\u00e9sentant, elle a r\u00e9agi en faisant rejouer \u00e0\u0300 un sosie plus de 300 photos souvenirs. Cela donne Another Love Story, le r\u00e9cit subtil du d\u00e9litement de leur relation dans une sc\u00e9nographie impeccablement adapt\u00e9e au lieu et qui place le spectateur devant les outils \u2013 images et SMS sur \u00e9crans \u2013 de l&rsquo;\u00e9criture initiale du naufrage.<\/p>\n<p><a href=\"https:\/\/www.lalibre.be\/belgique\/judiciaire\/2026\/01\/14\/a-14-ans-alice-est-enfermee-dans-une-institution-pour-mineures-delinquantes-sans-avoir-commis-le-moindre-delit-cest-une-catastrophe-D5LEZLHGSFGMFF7TELA2YKXM5A\/\" target=\"_self\" class=\"ap-StoryInterstitialLink ap-StoryElement ap-StoryElement--mb\" rel=\"noopener\">\u00c0 14 ans, Alice est enferm\u00e9e dans une institution pour mineures d\u00e9linquantes\u2026 sans avoir commis le moindre d\u00e9lit : \u00ab\u00a0C&rsquo;est une catastrophe\u00a0\u00bb<\/a><\/p>\n<p class=\"ap-StoryElement ap-StoryElement--mb ap-StoryText\">La Nombreuse, au-del\u00e0 du lieu d&rsquo;exposition, c&rsquo;est d&rsquo;abord un collectif de photographes qui d\u00e9veloppent chacun leurs projets. Comme celui que montre Romain Cavallin dans Work, l&rsquo;imposante exposition collective \u00e0 propos du monde du travail propos\u00e9e au Centre Culturel Jacques Frank. Ou comme celui, remarquable, du m\u00eame Cavallin en duo avec la photographe Elo\u00efse Brunet, pr\u00e9sent\u00e9 au Pianofabriek sous l&rsquo;intitul\u00e9 Jeunesse plac\u00e9e.<\/p>\n<p class=\"ap-StoryElement ap-StoryElement--mb ap-StoryText\">Ce documentaire photo est d&rsquo;autant plus bluffant qu&rsquo;il s&rsquo;est servi des contraintes strictes de l&rsquo;institution (ne pas montrer de visages par exemple) pour sortir des chemins battus des repr\u00e9sentations de ce type de lieux. La commis\u00e9ration facile n&rsquo;est pas de mise ici. Ceci d&rsquo;autant moins que les deux photographes ont anim\u00e9 un workshop photo pour les jeunes dont le r\u00e9sultat \u2013 pr\u00e9sent\u00e9 \u00e9galement \u2013 t\u00e9moigne et se joue \u00e0 la fois de la rigueur propre au centre ferme\u0301. L&rsquo;ensemble de ce travail, collaboratif pour le moins, est un mod\u00e8le du genre \u00e0 ne pas manquer.<\/p>\n<p><img loading=\"lazy\" decoding=\"async\" class=\"w-full lazyload lazyload--opacity object-contain\" style=\"aspect-ratio:133 \/ 100;opacity:1\" alt=\"Aper\u00e7u des images de l'atelier photo \u00e0 l'IPPJ de Saint- Servais\" width=\"768\" height=\"579\" fetchpriority=\"auto\" src=\"https:\/\/www.europesays.com\/fr\/wp-content\/uploads\/2026\/01\/1769595852_432_S5VKD3X55FFF3BW6V4SEHXNP7I.png\"  data- data-optimumx=\"1\"\/>Aper\u00e7u des images de l&rsquo;atelier photo \u00e0 l&rsquo;IPPJ de Saint- Servais \u00a9JMBoL&rsquo;Ukraine en r\u00e9sistance d&rsquo;Oleksandr Glyadyelov<\/p>\n<p class=\"ap-StoryElement ap-StoryElement--mb ap-StoryText\"><b>O\u00f9<\/b> Espace G\u00e9opolis, 58\/60 rue des Tanneurs, 1000 Bruxelles <b>Quand <\/b>Jusqu&rsquo;au 15 mars, du mardi au dimanche, de 13 \u00e0 17h30. Rens. : Geopolis. brussels<\/p>\n<p>Another Love Story de Karla Hiraldo Voleau<\/p>\n<p class=\"ap-StoryElement ap-StoryElement--mb ap-StoryText\"><b>O\u00f9 <\/b>La Nombreuse, 42 rue du Fort, 1060 Bruxelles <b>Quand <\/b>Jusqu&rsquo;au 1er mars, tous les jours de 14h \u00e0 18h.<\/p>\n<p>Jeunesse plac\u00e9e d&rsquo;Elo\u00efse Brunet et Romain Cavallin<\/p>\n<p class=\"ap-StoryElement ap-StoryElement--mb ap-StoryText\"><b>O\u00f9 <\/b>Pianofabriek, 35 rue du Fort, 1060 Bruxelles <b>Quand <\/b>Jusqu&rsquo;au 22 fe\u0301vrier, du lundi au vendredi de 10h \u00e0 20h et samedi de 10h \u00e0 18h<\/p>\n<p>Work Exposition collective<\/p>\n<p class=\"ap-StoryElement ap-StoryElement--mb ap-StoryText\"><b>O\u00f9 <\/b>Centre Culturel Jacques Frank, 94 chauss\u00e9e de Waterloo, 1060 Bruxelles <b>Quand <\/b>Jusqu&rsquo;au 5 avril, du mardi au vendredi, de 11h \u00e0 18h30<\/p>\n<p>PhotoBrussels Festival<\/p>\n<p class=\"ap-StoryElement ap-StoryElement--mb ap-StoryText\">Rens. : <a href=\"https:\/\/www.photobrusselsfestival.com\/\" target=\"_self\" rel=\"noopener\">www.photobrusselsfestival.com<\/a>\/<\/p>\n","protected":false},"excerpt":{"rendered":"Un Mois de la Photo copieuxHumaniste Chez G\u00e9opolis, il ne faut pas manquer l&rsquo;exposition L&rsquo;Ukraine en r\u00e9sistance d&rsquo;Olexandr&hellip;\n","protected":false},"author":2,"featured_media":694752,"comment_status":"","ping_status":"","sticky":false,"template":"","format":"standard","meta":{"footnotes":""},"categories":[1358],"tags":[1348,1384,1385,1386,58,59,1011,27],"class_list":{"0":"post-694751","1":"post","2":"type-post","3":"status-publish","4":"format-standard","5":"has-post-thumbnail","7":"category-arts-et-design","8":"tag-arts","9":"tag-arts-and-design","10":"tag-arts-et-design","11":"tag-design","12":"tag-divertissement","13":"tag-entertainment","14":"tag-fr","15":"tag-france"},"share_on_mastodon":{"url":"https:\/\/pubeurope.com\/@fr\/115972241112383993","error":""},"_links":{"self":[{"href":"https:\/\/www.europesays.com\/fr\/wp-json\/wp\/v2\/posts\/694751","targetHints":{"allow":["GET"]}}],"collection":[{"href":"https:\/\/www.europesays.com\/fr\/wp-json\/wp\/v2\/posts"}],"about":[{"href":"https:\/\/www.europesays.com\/fr\/wp-json\/wp\/v2\/types\/post"}],"author":[{"embeddable":true,"href":"https:\/\/www.europesays.com\/fr\/wp-json\/wp\/v2\/users\/2"}],"replies":[{"embeddable":true,"href":"https:\/\/www.europesays.com\/fr\/wp-json\/wp\/v2\/comments?post=694751"}],"version-history":[{"count":0,"href":"https:\/\/www.europesays.com\/fr\/wp-json\/wp\/v2\/posts\/694751\/revisions"}],"wp:featuredmedia":[{"embeddable":true,"href":"https:\/\/www.europesays.com\/fr\/wp-json\/wp\/v2\/media\/694752"}],"wp:attachment":[{"href":"https:\/\/www.europesays.com\/fr\/wp-json\/wp\/v2\/media?parent=694751"}],"wp:term":[{"taxonomy":"category","embeddable":true,"href":"https:\/\/www.europesays.com\/fr\/wp-json\/wp\/v2\/categories?post=694751"},{"taxonomy":"post_tag","embeddable":true,"href":"https:\/\/www.europesays.com\/fr\/wp-json\/wp\/v2\/tags?post=694751"}],"curies":[{"name":"wp","href":"https:\/\/api.w.org\/{rel}","templated":true}]}}