{"id":694761,"date":"2026-01-28T10:30:15","date_gmt":"2026-01-28T10:30:15","guid":{"rendered":"https:\/\/www.europesays.com\/fr\/694761\/"},"modified":"2026-01-28T10:30:15","modified_gmt":"2026-01-28T10:30:15","slug":"john-textor-a-tente-de-reprendre-le-pouvoir-il-est-evince-sans-menagement","status":"publish","type":"post","link":"https:\/\/www.europesays.com\/fr\/694761\/","title":{"rendered":"John Textor a tent\u00e9 de reprendre le pouvoir, il est \u00e9vinc\u00e9 sans m\u00e9nagement"},"content":{"rendered":"<p><a href=\"https:\/\/www.leprogres.fr\/sport\/2026\/01\/27\/les-fans-lyonnais-en-colere-contre-john-textor\" target=\"_blank\" rel=\"noopener\">Les supporters de l\u2019OL vont-ils pouvoir sabrer le champagne<\/a> et f\u00eater pour de bon la fin du bail de <a href=\"https:\/\/www.leprogres.fr\/p\/john-textor\" target=\"_blank\" rel=\"noopener\">John Textor<\/a> \u00e0 Lyon, plus de trois ans apr\u00e8s sa prise de pouvoir et un semestre apr\u00e8s sa mise \u00e0 l\u2019\u00e9cart par <a href=\"https:\/\/www.leprogres.fr\/p\/michele-kang\" target=\"_blank\" rel=\"noopener\">Michele Kang<\/a> et Ares Management\u00a0? S\u2019il faut s\u2019attendre encore \u00e0 une riposte juridique de la derni\u00e8re chance de sa part, John Textor n\u2019a plus aucun pouvoir depuis ce mercredi dans Eagle Football BitCo, la structure d\u00e9tenant les actions et les droits juridiques des clubs d\u00e9tenus dans le cadre de la multipropri\u00e9t\u00e9.<\/p>\n<p>Le cr\u00e9ancier Ares Management, qui lui avait donc pr\u00eat\u00e9 plus de 400M\u20ac en 2022 pour le rachat de l\u2019OL, l\u2019en a officiellement \u00e9vinc\u00e9 \u00ab\u00a0avec effets imm\u00e9diats\u00a0\u00bb, apr\u00e8s que Textor a tent\u00e9 d\u2019abattre sa derni\u00e8re carte.<\/p>\n<p>  Textor a essay\u00e9 de reprendre le contr\u00f4le<\/p>\n<p>Comme r\u00e9v\u00e9l\u00e9 ces derni\u00e8res heures par le quotidien br\u00e9silien Globo et RMC Info, John Textor a bien tent\u00e9 depuis 48 heures de tisser une toile machiav\u00e9lique pour reprendre le contr\u00f4le des op\u00e9rations \u00e0 Lyon et \u00e9vincer Michele Kang et ses \u00e9quipes, \u00e0 quelques heures de l\u2019assembl\u00e9e g\u00e9n\u00e9rale d\u2019Eagle Football Group (ex-OL Groupe) qui doit se tenir ce mercredi matin. Comment\u00a0? En tentant de r\u00e9voquer, avec ses avocats, deux administrateurs ind\u00e9pendants, Hemen Tseayo et Stephen Welch, afin de rendre leurs votes caducs. Cela aurait pu, in fine, lui permettre de pr\u00e9senter une motion \u00e0 son avantage, m\u00eame si dans les faits, cela aurait surtout g\u00e9n\u00e9r\u00e9 une \u00e9norme pagaille.<\/p>\n<p>Finalement, Michele Kang et ses conseils ont obtenu l\u2019annulation de cette r\u00e9vocation des deux administrateurs, et <a href=\"https:\/\/www.leprogres.fr\/sport\/2025\/06\/26\/retrogradation-de-l-ol-pourquoi-john-textor-est-sous-pression\" target=\"_blank\" rel=\"noopener\">Ares Management, \u00e0 qui Textor doit toujours beaucoup d\u2019argent<\/a> , a pris le relais pour siffler la fin de la r\u00e9cr\u00e9ation\u00a0: dans un courrier, le cr\u00e9ancier a confirm\u00e9 que la r\u00e9vocation des administrateurs ind\u00e9pendants n\u2019avait pas lieu d\u2019\u00eatre, au contraire de celle de John Textor.<\/p>\n<p>On se dirige donc bel et bien vers sa sortie de piste, ce qui ne s\u00e9curise pas pour autant l\u2019avenir \u00e0 court ou moyen terme de l\u2019OL. Alors que le club <a href=\"https:\/\/www.leprogres.fr\/sport\/2024\/10\/01\/les-inquietants-soucis-de-tresorerie-de-l-ol\" target=\"_blank\" rel=\"noopener\">doit toujours \u00e9purer ses finances massacr\u00e9es par les folies du Floridien<\/a> , ses fans ont toujours cette question dans un coin de la t\u00eate\u00a0: pas franchement destin\u00e9s \u00e0 garder le contr\u00f4le dans la dur\u00e9e, que vont faire Michele Kang et Ares \u00e0 terme avec l\u2019OL\u00a0?<\/p>\n","protected":false},"excerpt":{"rendered":"Les supporters de l\u2019OL vont-ils pouvoir sabrer le champagne et f\u00eater pour de bon la fin du bail&hellip;\n","protected":false},"author":2,"featured_media":694762,"comment_status":"","ping_status":"","sticky":false,"template":"","format":"standard","meta":{"footnotes":""},"categories":[9],"tags":[2757,107,63,1011,27,2428,2756,2755,2429,517,60],"class_list":{"0":"post-694761","1":"post","2":"type-post","3":"status-publish","4":"format-standard","5":"has-post-thumbnail","7":"category-sports","8":"tag-edition-lyon-villeurbanne","9":"tag-fil-info","10":"tag-football","11":"tag-fr","12":"tag-france","13":"tag-lyon","14":"tag-lyon-bassin","15":"tag-ol-olympique-lyonnais-football","16":"tag-rhone","17":"tag-sport","18":"tag-sports"},"share_on_mastodon":{"url":"https:\/\/pubeurope.com\/@fr\/115972264716567669","error":""},"_links":{"self":[{"href":"https:\/\/www.europesays.com\/fr\/wp-json\/wp\/v2\/posts\/694761","targetHints":{"allow":["GET"]}}],"collection":[{"href":"https:\/\/www.europesays.com\/fr\/wp-json\/wp\/v2\/posts"}],"about":[{"href":"https:\/\/www.europesays.com\/fr\/wp-json\/wp\/v2\/types\/post"}],"author":[{"embeddable":true,"href":"https:\/\/www.europesays.com\/fr\/wp-json\/wp\/v2\/users\/2"}],"replies":[{"embeddable":true,"href":"https:\/\/www.europesays.com\/fr\/wp-json\/wp\/v2\/comments?post=694761"}],"version-history":[{"count":0,"href":"https:\/\/www.europesays.com\/fr\/wp-json\/wp\/v2\/posts\/694761\/revisions"}],"wp:featuredmedia":[{"embeddable":true,"href":"https:\/\/www.europesays.com\/fr\/wp-json\/wp\/v2\/media\/694762"}],"wp:attachment":[{"href":"https:\/\/www.europesays.com\/fr\/wp-json\/wp\/v2\/media?parent=694761"}],"wp:term":[{"taxonomy":"category","embeddable":true,"href":"https:\/\/www.europesays.com\/fr\/wp-json\/wp\/v2\/categories?post=694761"},{"taxonomy":"post_tag","embeddable":true,"href":"https:\/\/www.europesays.com\/fr\/wp-json\/wp\/v2\/tags?post=694761"}],"curies":[{"name":"wp","href":"https:\/\/api.w.org\/{rel}","templated":true}]}}