{"id":694781,"date":"2026-01-28T10:40:13","date_gmt":"2026-01-28T10:40:13","guid":{"rendered":"https:\/\/www.europesays.com\/fr\/694781\/"},"modified":"2026-01-28T10:40:13","modified_gmt":"2026-01-28T10:40:13","slug":"rugby-une-joueuse-de-nancy-seichamps-integre-le-top-50-national-des-moins-de-18-ans","status":"publish","type":"post","link":"https:\/\/www.europesays.com\/fr\/694781\/","title":{"rendered":"Rugby. Une joueuse de Nancy-Seichamps int\u00e8gre le Top 50 national des moins de 18 ans"},"content":{"rendered":"<p>Elle n\u2019en est pas \u00e0 son coup d\u2019essai. Pourtant, <a href=\"https:\/\/www.estrepublicain.fr\/sport\/2025\/02\/15\/alexia-le-floc-h-dans-les-50-meilleures-joueuses-nationales-de-sa-categorie\" target=\"_blank\" rel=\"noopener\">Alexia Le Floc\u2019h<\/a> \u00e9prouve toujours la m\u00eame \u00e9motion quand son nom appara\u00eet dans la liste des meilleures joueuses de moins de 18 ans au niveau national. La Nanc\u00e9o-Seichanaise de 17 ans, qui \u00e9volue en F\u00e9d\u00e9rale 1 avec les Louves, a en effet de nouveau \u00e9t\u00e9 retenue pour int\u00e9grer le Top 50 national. C\u2019est la troisi\u00e8me fois qu\u2019elle fait partie de cette liste serr\u00e9e, avec cette ann\u00e9e, en point de mire, le Tournoi des VI Nations U18 en Angleterre, qu\u2019elle n\u2019a pas encore eu la chance de vivre.<\/p>\n<p>Du 9 au 17\u00a0f\u00e9vrier, Alexia Le Floc\u2019h participera donc \u00e0 cette derni\u00e8re semaine de \u00ab\u00a0s\u00e9lection\u00a0\u00bb primordiale pour la suite de son parcours.\u00a0Sa saison, avec le NSR, elle, est d\u00e9j\u00e0 bien r\u00e9ussie. En cinq matchs jou\u00e9s depuis l\u2019ouverture du championnat, la puissante troisi\u00e8me ligne centre en est d\u00e9j\u00e0 \u00e0 six essais.<\/p>\n","protected":false},"excerpt":{"rendered":"Elle n\u2019en est pas \u00e0 son coup d\u2019essai. Pourtant, Alexia Le Floc\u2019h \u00e9prouve toujours la m\u00eame \u00e9motion quand&hellip;\n","protected":false},"author":2,"featured_media":694782,"comment_status":"","ping_status":"","sticky":false,"template":"","format":"standard","meta":{"footnotes":""},"categories":[9635],"tags":[1111,11,1704,1777,674,107,1701,1011,27,775,1702,1703,12,25,479,13654,517,1700],"class_list":{"0":"post-694781","1":"post","2":"type-post","3":"status-publish","4":"format-standard","5":"has-post-thumbnail","7":"category-nancy","8":"tag-actu","9":"tag-actualites","10":"tag-edition-nancy-et-agglomeration","11":"tag-eu","12":"tag-europe","13":"tag-fil-info","14":"tag-fil-info-sport","15":"tag-fr","16":"tag-france","17":"tag-grand-est","18":"tag-nancy","19":"tag-nancy-ville-54b","20":"tag-news","21":"tag-republique-francaise","22":"tag-rugby","23":"tag-seichamps","24":"tag-sport","25":"tag-sport-lorrain"},"share_on_mastodon":{"url":"https:\/\/pubeurope.com\/@fr\/115972304032587691","error":""},"_links":{"self":[{"href":"https:\/\/www.europesays.com\/fr\/wp-json\/wp\/v2\/posts\/694781","targetHints":{"allow":["GET"]}}],"collection":[{"href":"https:\/\/www.europesays.com\/fr\/wp-json\/wp\/v2\/posts"}],"about":[{"href":"https:\/\/www.europesays.com\/fr\/wp-json\/wp\/v2\/types\/post"}],"author":[{"embeddable":true,"href":"https:\/\/www.europesays.com\/fr\/wp-json\/wp\/v2\/users\/2"}],"replies":[{"embeddable":true,"href":"https:\/\/www.europesays.com\/fr\/wp-json\/wp\/v2\/comments?post=694781"}],"version-history":[{"count":0,"href":"https:\/\/www.europesays.com\/fr\/wp-json\/wp\/v2\/posts\/694781\/revisions"}],"wp:featuredmedia":[{"embeddable":true,"href":"https:\/\/www.europesays.com\/fr\/wp-json\/wp\/v2\/media\/694782"}],"wp:attachment":[{"href":"https:\/\/www.europesays.com\/fr\/wp-json\/wp\/v2\/media?parent=694781"}],"wp:term":[{"taxonomy":"category","embeddable":true,"href":"https:\/\/www.europesays.com\/fr\/wp-json\/wp\/v2\/categories?post=694781"},{"taxonomy":"post_tag","embeddable":true,"href":"https:\/\/www.europesays.com\/fr\/wp-json\/wp\/v2\/tags?post=694781"}],"curies":[{"name":"wp","href":"https:\/\/api.w.org\/{rel}","templated":true}]}}