{"id":694796,"date":"2026-01-28T10:48:25","date_gmt":"2026-01-28T10:48:25","guid":{"rendered":"https:\/\/www.europesays.com\/fr\/694796\/"},"modified":"2026-01-28T10:48:25","modified_gmt":"2026-01-28T10:48:25","slug":"pro-d2-un-troisieme-biterrois-va-rejoindre-le-fcg-la-saison-prochaine","status":"publish","type":"post","link":"https:\/\/www.europesays.com\/fr\/694796\/","title":{"rendered":"Pro D2. Un troisi\u00e8me Biterrois va rejoindre le FCG la saison prochaine"},"content":{"rendered":"<p>C\u2019est une semaine d\u2019annonce au FC Grenoble en vue de la saison 2026-2027. <a title=\"rugby mercato FCG 2026 Pauta\" href=\"https:\/\/www.ledauphine.com\/sport\/2026\/01\/26\/le-fcg-officialise-sa-deuxieme-recrue-pour-la-saison-prochaine\" target=\"_blank\" rel=\"noopener\">Apr\u00e8s Otunuku Pauta lundi soir<\/a>, le club grenoblois a officialis\u00e9 ce mardi une nouvelle recrue en pr\u00e9vision de la saison prochaine. Il s\u2019agit de Baptiste Abescat Leroy (28 ans), actuel joueur de B\u00e9ziers\u2026 comme Pauta.<\/p>\n<p>  Un joueur d\u2019espaces pour la 3e ligne du FCG<\/p>\n<p>\u00ab\u00a0Baptiste est un joueur de couloir rapide, tr\u00e8s disponible dans le jeu\u00a0\u00bb, a d\u00e9crit Aubin Hueber, directeur du rugby, sur le communiqu\u00e9 officiel du FCG. \u00ab\u00a0Son profil correspond parfaitement \u00e0 nos besoins. Il est JIFF et s\u2019inscrit pleinement dans le projet de jeu que nous souhaitons mettre en place. Il a \u00e0 la fois la puissance et la v\u00e9locit\u00e9.\u00a0\u00bb<\/p>\n<p>Originaire de la r\u00e9gion toulousaine, Baptiste Abescat Leroy a fait ses classes \u00e0 Castanet-Tolosan, avant de prendre du grade \u00e0 Narbonne (Pro D2 puis Nationale, 2020-2024) puis de faire les beaux jours de l\u2019ASBH depuis deux saisons.<\/p>\n<p>Dans l\u2019H\u00e9rault, le flanker occitan a disput\u00e9 41 rencontres, pour quatre essais marqu\u00e9s.<\/p>\n<p>Au stade Lesdigui\u00e8res, il devrait retrouver Pierre Caillet, son manager \u00e0 l\u2019ABSH lors de la saison 2024-2025 et futur entra\u00eeneur des avants du FCG.<\/p>\n","protected":false},"excerpt":{"rendered":"C\u2019est une semaine d\u2019annonce au FC Grenoble en vue de la saison 2026-2027. Apr\u00e8s Otunuku Pauta lundi soir,&hellip;\n","protected":false},"author":2,"featured_media":694797,"comment_status":"","ping_status":"","sticky":false,"template":"","format":"standard","meta":{"footnotes":""},"categories":[9566],"tags":[1111,11,2430,112,1777,674,2727,1701,1011,27,2731,2732,108,12,2308,25,479,517,1947],"class_list":{"0":"post-694796","1":"post","2":"type-post","3":"status-publish","4":"format-standard","5":"has-post-thumbnail","7":"category-grenoble","8":"tag-actu","9":"tag-actualites","10":"tag-auvergne-rhone-alpes","11":"tag-edition-grenoble-agglomeration","12":"tag-eu","13":"tag-europe","14":"tag-fcg-fc-grenoble-rugby","15":"tag-fil-info-sport","16":"tag-fr","17":"tag-france","18":"tag-grenoble","19":"tag-grenoble-bassin","20":"tag-isere","21":"tag-news","22":"tag-pro-d2","23":"tag-republique-francaise","24":"tag-rugby","25":"tag-sport","26":"tag-sport-national"},"share_on_mastodon":{"url":"https:\/\/pubeurope.com\/@fr\/115972335487227613","error":""},"_links":{"self":[{"href":"https:\/\/www.europesays.com\/fr\/wp-json\/wp\/v2\/posts\/694796","targetHints":{"allow":["GET"]}}],"collection":[{"href":"https:\/\/www.europesays.com\/fr\/wp-json\/wp\/v2\/posts"}],"about":[{"href":"https:\/\/www.europesays.com\/fr\/wp-json\/wp\/v2\/types\/post"}],"author":[{"embeddable":true,"href":"https:\/\/www.europesays.com\/fr\/wp-json\/wp\/v2\/users\/2"}],"replies":[{"embeddable":true,"href":"https:\/\/www.europesays.com\/fr\/wp-json\/wp\/v2\/comments?post=694796"}],"version-history":[{"count":0,"href":"https:\/\/www.europesays.com\/fr\/wp-json\/wp\/v2\/posts\/694796\/revisions"}],"wp:featuredmedia":[{"embeddable":true,"href":"https:\/\/www.europesays.com\/fr\/wp-json\/wp\/v2\/media\/694797"}],"wp:attachment":[{"href":"https:\/\/www.europesays.com\/fr\/wp-json\/wp\/v2\/media?parent=694796"}],"wp:term":[{"taxonomy":"category","embeddable":true,"href":"https:\/\/www.europesays.com\/fr\/wp-json\/wp\/v2\/categories?post=694796"},{"taxonomy":"post_tag","embeddable":true,"href":"https:\/\/www.europesays.com\/fr\/wp-json\/wp\/v2\/tags?post=694796"}],"curies":[{"name":"wp","href":"https:\/\/api.w.org\/{rel}","templated":true}]}}