{"id":694819,"date":"2026-01-28T11:01:20","date_gmt":"2026-01-28T11:01:20","guid":{"rendered":"https:\/\/www.europesays.com\/fr\/694819\/"},"modified":"2026-01-28T11:01:20","modified_gmt":"2026-01-28T11:01:20","slug":"la-cyclerie-roubaisienne-le-velo-solidaire-sinstalle-en-centre-ville","status":"publish","type":"post","link":"https:\/\/www.europesays.com\/fr\/694819\/","title":{"rendered":"La Cyclerie Roubaisienne, le v\u00e9lo solidaire s\u2019installe en centre-ville"},"content":{"rendered":"<p class=\"introduction\">\u00c0 deux pas de la Grand\u2019Place, un nouveau lieu engag\u00e9 a ouvert ses portes : la Cyclerie Roubaisienne, premi\u00e8re ressourcerie 100 % v\u00e9lo de la M\u00e9tropole europ\u00e9enne de Lille. Port\u00e9 par l\u2019association ReCycle-Moi, ce projet solidaire et convivial r\u00e9pond \u00e0 un enjeu majeur \u00e0 Roubaix : l\u2019acc\u00e8s \u00e0 une mobilit\u00e9 durable et abordable.<\/p>\n<p>Dans cet espace d\u00e9di\u00e9 \u00e0 l\u2019\u00e9conomie circulaire, les habitants peuvent trouver des v\u00e9los r\u00e9employ\u00e9s, r\u00e9vis\u00e9s et garantis \u00e0 prix solidaire, mais aussi des pi\u00e8ces d\u00e9tach\u00e9es et des accessoires issus du r\u00e9emploi. L\u2019objectif est clair : prolonger la vie des v\u00e9los, r\u00e9duire les d\u00e9chets et permettre \u00e0 chacun de se d\u00e9placer \u00e0 moindre co\u00fbt.<\/p>\n<p>Depuis 2023, ReCycle-Moi a d\u00e9j\u00e0 collect\u00e9 pr\u00e8s de 6 000 v\u00e9los, dont 2 500 ont \u00e9t\u00e9 redistribu\u00e9s. La Cyclerie rassemble \u00e9galement d\u2019autres acteurs engag\u00e9s, l\u2019association Busabiclou, qui proposera bient\u00f4t des services de r\u00e9paration pour les particuliers, et le projet Vebo\u00b0, un moteur amovible permettant de transformer un v\u00e9lo classique en v\u00e9lo \u00e9lectrique.<\/p>\n<p>Plus qu\u2019une boutique, la Cyclerie Roubaisienne se veut un lieu de partage et de transmission, avec l\u2019ambition de redonner toute sa place au v\u00e9lo dans la ville et de faire de Roubaix un territoire pionnier de la mobilit\u00e9 solidaire.<\/p>\n","protected":false},"excerpt":{"rendered":"\u00c0 deux pas de la Grand\u2019Place, un nouveau lieu engag\u00e9 a ouvert ses portes : la Cyclerie Roubaisienne,&hellip;\n","protected":false},"author":2,"featured_media":694820,"comment_status":"","ping_status":"","sticky":false,"template":"","format":"standard","meta":{"footnotes":""},"categories":[2815],"tags":[1111,11,1777,674,1011,27,811,1307,12,25,208],"class_list":{"0":"post-694819","1":"post","2":"type-post","3":"status-publish","4":"format-standard","5":"has-post-thumbnail","7":"category-lille","8":"tag-actu","9":"tag-actualites","10":"tag-eu","11":"tag-europe","12":"tag-fr","13":"tag-france","14":"tag-hauts-de-france","15":"tag-lille","16":"tag-news","17":"tag-republique-francaise","18":"tag-velo"},"share_on_mastodon":{"url":"https:\/\/pubeurope.com\/@fr\/115972386635444127","error":""},"_links":{"self":[{"href":"https:\/\/www.europesays.com\/fr\/wp-json\/wp\/v2\/posts\/694819","targetHints":{"allow":["GET"]}}],"collection":[{"href":"https:\/\/www.europesays.com\/fr\/wp-json\/wp\/v2\/posts"}],"about":[{"href":"https:\/\/www.europesays.com\/fr\/wp-json\/wp\/v2\/types\/post"}],"author":[{"embeddable":true,"href":"https:\/\/www.europesays.com\/fr\/wp-json\/wp\/v2\/users\/2"}],"replies":[{"embeddable":true,"href":"https:\/\/www.europesays.com\/fr\/wp-json\/wp\/v2\/comments?post=694819"}],"version-history":[{"count":0,"href":"https:\/\/www.europesays.com\/fr\/wp-json\/wp\/v2\/posts\/694819\/revisions"}],"wp:featuredmedia":[{"embeddable":true,"href":"https:\/\/www.europesays.com\/fr\/wp-json\/wp\/v2\/media\/694820"}],"wp:attachment":[{"href":"https:\/\/www.europesays.com\/fr\/wp-json\/wp\/v2\/media?parent=694819"}],"wp:term":[{"taxonomy":"category","embeddable":true,"href":"https:\/\/www.europesays.com\/fr\/wp-json\/wp\/v2\/categories?post=694819"},{"taxonomy":"post_tag","embeddable":true,"href":"https:\/\/www.europesays.com\/fr\/wp-json\/wp\/v2\/tags?post=694819"}],"curies":[{"name":"wp","href":"https:\/\/api.w.org\/{rel}","templated":true}]}}