{"id":694823,"date":"2026-01-28T11:03:12","date_gmt":"2026-01-28T11:03:12","guid":{"rendered":"https:\/\/www.europesays.com\/fr\/694823\/"},"modified":"2026-01-28T11:03:12","modified_gmt":"2026-01-28T11:03:12","slug":"marseille-contrat-dassassinat-visant-la-directrice-des-baumettes-deux-detenus-condamnes","status":"publish","type":"post","link":"https:\/\/www.europesays.com\/fr\/694823\/","title":{"rendered":"Marseille. \u00ab Contrat \u00bb d&rsquo;assassinat\u00a0visant\u00a0la directrice des Baumettes :\u00a0deux d\u00e9tenus condamn\u00e9s"},"content":{"rendered":"<p>Un tribunal de Marseille a condamn\u00e9 mercredi \u00e0 deux ans et demi de prison ferme deux prisonniers pour avoir relay\u00e9 sur Snapchat un \u00ab contrat \u00bb de 120 000 euros pour un projet d&rsquo;assassinat contre la directrice de la prison des Baumettes, commandit\u00e9 par la DZ Mafia.<\/p>\n<p>Othmane B. et Sabrina M., tous deux trentenaires, ont \u00e9t\u00e9 condamn\u00e9s pour apologie de crime et d\u00e9lit. Ils assistaient par visioconf\u00e9rence au d\u00e9lib\u00e9r\u00e9 du tribunal correctionnel, assis chacun dans une pi\u00e8ce \u00e9troite de leur \u00e9tablissement p\u00e9nitentiaire respectif. Les deux pr\u00e9venus multir\u00e9cidivistes ont n\u00e9anmoins \u00e9t\u00e9 relax\u00e9s pour les faits d&rsquo;\u00ab intimidation et menaces \u00bb.<\/p>\n<p>Il leur \u00e9tait reproch\u00e9 d&rsquo;avoir repost\u00e9, sur leurs comptes Snapchat et depuis leurs cellules, une \u00ab offre d&#8217;emploi \u00bb circulant sur le r\u00e9seau social et promettant 120 000 euros \u00e0 quiconque assassinerait la directrice de la prison des Baumettes, l&rsquo;un des plus grands \u00e9tablissements p\u00e9nitentiaires de France. Un \u00ab contrat \u00bb revendiqu\u00e9 par le groupe criminel DZ Mafia, n\u00e9buleuse majeure du narcotrafic marseillais.<\/p>\n<p>  \u00ab\u00a0Vous avez bris\u00e9 ma vie\u00a0\u00bb<\/p>\n<p>La procureure avait requis \u00e0 leur encontre deux ans de prison, dont six mois avec sursis probatoire, assortis d&rsquo;un mandat de d\u00e9p\u00f4t, pour \u00ab apologie publique de crime \u00bb et \u00ab menace, violence ou acte d&rsquo;intimidation envers un d\u00e9positaire de l&rsquo;autorit\u00e9 publique pour qu&rsquo;il s&rsquo;abstienne d&rsquo;un acte de sa fonction \u00bb.<\/p>\n<p>La directrice de la prison des Baumettes s&rsquo;\u00e9tait exprim\u00e9e publiquement pour la premi\u00e8re fois \u00e0 la barre des t\u00e9moins \u00e0 l&rsquo;ouverture de ce proc\u00e8s le 13 janvier. Elle \u00e9tait arriv\u00e9e v\u00eatue d&rsquo;un gilet pare-balles, accompagn\u00e9e d&rsquo;un gardien de la paix, alors qu&rsquo;elle fait toujours l&rsquo;objet de mesures de protection apr\u00e8s avoir \u00e9t\u00e9 exfiltr\u00e9e de Marseille.<\/p>\n<p>\u00ab <a href=\"https:\/\/www.ledauphine.com\/faits-divers-justice\/2024\/12\/06\/menacee-de-mort-la-directrice-de-la-prison-des-baumettes-placee-sous-protection\" target=\"_blank\" rel=\"noopener\">Vous avez bris\u00e9 ma vie.<\/a> Je ne vais pas bien du tout \u00bb, avait-elle t\u00e9moign\u00e9, soulignant avoir \u00e9t\u00e9 contrainte de \u00ab quitter l&rsquo;administration p\u00e9nitentiaire \u00bb malgr\u00e9 \u00ab l&rsquo;avoir aim\u00e9e \u00bb. Interdits d&rsquo;entr\u00e9e dans les Bouches-du-Rh\u00f4ne et de tout contact avec la directrice du centre p\u00e9nitentiaire, les deux pr\u00e9venus disposent d&rsquo;un d\u00e9lai de dix jours pour faire appel.<\/p>\n","protected":false},"excerpt":{"rendered":"Un tribunal de Marseille a condamn\u00e9 mercredi \u00e0 deux ans et demi de prison ferme deux prisonniers pour&hellip;\n","protected":false},"author":2,"featured_media":694824,"comment_status":"","ping_status":"","sticky":false,"template":"","format":"standard","meta":{"footnotes":""},"categories":[2814],"tags":[1111,11,1687,1777,674,274,107,1011,27,329,884,12,882,25],"class_list":{"0":"post-694823","1":"post","2":"type-post","3":"status-publish","4":"format-standard","5":"has-post-thumbnail","7":"category-marseille","8":"tag-actu","9":"tag-actualites","10":"tag-culture-loisirs","11":"tag-eu","12":"tag-europe","13":"tag-faits-divers-justice","14":"tag-fil-info","15":"tag-fr","16":"tag-france","17":"tag-france-monde","18":"tag-marseille","19":"tag-news","20":"tag-provence-alpes-cote-dazur","21":"tag-republique-francaise"},"share_on_mastodon":{"url":"https:\/\/pubeurope.com\/@fr\/115972394452067527","error":""},"_links":{"self":[{"href":"https:\/\/www.europesays.com\/fr\/wp-json\/wp\/v2\/posts\/694823","targetHints":{"allow":["GET"]}}],"collection":[{"href":"https:\/\/www.europesays.com\/fr\/wp-json\/wp\/v2\/posts"}],"about":[{"href":"https:\/\/www.europesays.com\/fr\/wp-json\/wp\/v2\/types\/post"}],"author":[{"embeddable":true,"href":"https:\/\/www.europesays.com\/fr\/wp-json\/wp\/v2\/users\/2"}],"replies":[{"embeddable":true,"href":"https:\/\/www.europesays.com\/fr\/wp-json\/wp\/v2\/comments?post=694823"}],"version-history":[{"count":0,"href":"https:\/\/www.europesays.com\/fr\/wp-json\/wp\/v2\/posts\/694823\/revisions"}],"wp:featuredmedia":[{"embeddable":true,"href":"https:\/\/www.europesays.com\/fr\/wp-json\/wp\/v2\/media\/694824"}],"wp:attachment":[{"href":"https:\/\/www.europesays.com\/fr\/wp-json\/wp\/v2\/media?parent=694823"}],"wp:term":[{"taxonomy":"category","embeddable":true,"href":"https:\/\/www.europesays.com\/fr\/wp-json\/wp\/v2\/categories?post=694823"},{"taxonomy":"post_tag","embeddable":true,"href":"https:\/\/www.europesays.com\/fr\/wp-json\/wp\/v2\/tags?post=694823"}],"curies":[{"name":"wp","href":"https:\/\/api.w.org\/{rel}","templated":true}]}}