{"id":694831,"date":"2026-01-28T11:08:10","date_gmt":"2026-01-28T11:08:10","guid":{"rendered":"https:\/\/www.europesays.com\/fr\/694831\/"},"modified":"2026-01-28T11:08:10","modified_gmt":"2026-01-28T11:08:10","slug":"ile-de-france-une-nouvelle-etape-et-non-des-moindres-dans-la-dematerialisation-des-titres-de-transports","status":"publish","type":"post","link":"https:\/\/www.europesays.com\/fr\/694831\/","title":{"rendered":"\u00cele-de-France\u00a0: une nouvelle \u00e9tape (et non des moindres) dans la d\u00e9mat\u00e9rialisation des titres de transports"},"content":{"rendered":"\n<p style=\"margin-bottom: 0cm;\">La mutation engag\u00e9e par \u00cele-de-France Mobilit\u00e9s franchira une nouvelle \u00e9tape \u00e0 l\u2019\u00e9t\u00e9 2026, avec l\u2019arriv\u00e9e du forfait Navigo Annuel sur smartphone. Cela permettra aux usagers de voyager sans support physique. D\u00e9j\u00e0 engag\u00e9e depuis fin 2025, cette transition vise \u00e0 simplifier l\u2019achat, la validation et le rechargement des titres&#8230; tout en r\u00e9duisant l\u2019usage du papier. Les abonn\u00e9s pourront d\u00e9mat\u00e9rialiser leur Passe Annuel en un clic depuis l\u2019application \u00cele-de-France Mobilit\u00e9s et valider directement leurs trajets avec leur t\u00e9l\u00e9phone, une fois leur carte re\u00e7ue s\u2019ils ne sont pas encore abonn\u00e9s.<\/p>\n<p style=\"margin-bottom: 0cm;\">\u00a0<\/p>\n<p lang=\"fr-FR\" style=\"margin-bottom: 0cm;\">Nicolas Chacun<\/p>\n<p>!function(f,b,e,v,n,t,s){if(f.fbq)return;n=f.fbq=function(){n.callMethod?<br \/>\nn.callMethod.apply(n,arguments):n.queue.push(arguments)};if(!f._fbq)f._fbq=n;<br \/>\nn.push=n;n.loaded=!0;n.version=&rsquo;2.0&prime;;n.queue=[];t=b.createElement(e);t.async=!0;<br \/>\nt.src=v;s=b.getElementsByTagName(e)[0];s.parentNode.insertBefore(t,s)}(window,<br \/>\ndocument,&rsquo;script&rsquo;,&rsquo;https:\/\/connect.facebook.net\/en_US\/fbevents.js&rsquo;);<br \/>\nfbq(&lsquo;init&rsquo;, &lsquo;278974969201861&rsquo;); \/\/ Insert your pixel ID here.<br \/>\nfbq(&lsquo;track&rsquo;, &lsquo;PageView&rsquo;);<\/p>\n","protected":false},"excerpt":{"rendered":"La mutation engag\u00e9e par \u00cele-de-France Mobilit\u00e9s franchira une nouvelle \u00e9tape \u00e0 l\u2019\u00e9t\u00e9 2026, avec l\u2019arriv\u00e9e du forfait Navigo&hellip;\n","protected":false},"author":2,"featured_media":694832,"comment_status":"","ping_status":"","sticky":false,"template":"","format":"standard","meta":{"footnotes":""},"categories":[1592],"tags":[1111,11,1933,1936,1777,1939,674,1011,27,662,1934,12,1940,626,1935,25,1937,1941,1938],"class_list":{"0":"post-694831","1":"post","2":"type-post","3":"status-publish","4":"format-standard","5":"has-post-thumbnail","7":"category-ile-de-france","8":"tag-actu","9":"tag-actualites","10":"tag-actualites-locales","11":"tag-essonne","12":"tag-eu","13":"tag-eure-et-loir","14":"tag-europe","15":"tag-fr","16":"tag-france","17":"tag-ile-de-france","18":"tag-infos-locales","19":"tag-news","20":"tag-oise","21":"tag-paris","22":"tag-pres-de-chez-vous","23":"tag-republique-francaise","24":"tag-seine-et-marne","25":"tag-somme","26":"tag-yvelines"},"share_on_mastodon":{"url":"https:\/\/pubeurope.com\/@fr\/115972414128167178","error":""},"_links":{"self":[{"href":"https:\/\/www.europesays.com\/fr\/wp-json\/wp\/v2\/posts\/694831","targetHints":{"allow":["GET"]}}],"collection":[{"href":"https:\/\/www.europesays.com\/fr\/wp-json\/wp\/v2\/posts"}],"about":[{"href":"https:\/\/www.europesays.com\/fr\/wp-json\/wp\/v2\/types\/post"}],"author":[{"embeddable":true,"href":"https:\/\/www.europesays.com\/fr\/wp-json\/wp\/v2\/users\/2"}],"replies":[{"embeddable":true,"href":"https:\/\/www.europesays.com\/fr\/wp-json\/wp\/v2\/comments?post=694831"}],"version-history":[{"count":0,"href":"https:\/\/www.europesays.com\/fr\/wp-json\/wp\/v2\/posts\/694831\/revisions"}],"wp:featuredmedia":[{"embeddable":true,"href":"https:\/\/www.europesays.com\/fr\/wp-json\/wp\/v2\/media\/694832"}],"wp:attachment":[{"href":"https:\/\/www.europesays.com\/fr\/wp-json\/wp\/v2\/media?parent=694831"}],"wp:term":[{"taxonomy":"category","embeddable":true,"href":"https:\/\/www.europesays.com\/fr\/wp-json\/wp\/v2\/categories?post=694831"},{"taxonomy":"post_tag","embeddable":true,"href":"https:\/\/www.europesays.com\/fr\/wp-json\/wp\/v2\/tags?post=694831"}],"curies":[{"name":"wp","href":"https:\/\/api.w.org\/{rel}","templated":true}]}}