{"id":694838,"date":"2026-01-28T11:12:10","date_gmt":"2026-01-28T11:12:10","guid":{"rendered":"https:\/\/www.europesays.com\/fr\/694838\/"},"modified":"2026-01-28T11:12:10","modified_gmt":"2026-01-28T11:12:10","slug":"municipales-2026-a-paris-mais-qui-est-sophia-chikirou-portrait-de-la-femme-du-chef-candidate-lfi-qui-ne-baisse-jamais-les-yeux","status":"publish","type":"post","link":"https:\/\/www.europesays.com\/fr\/694838\/","title":{"rendered":"Municipales 2026 \u00e0 Paris : mais qui est Sophia Chikirou ? Portrait de \u00ab\u00a0la femme du chef\u00a0\u00bb, candidate LFI \u00ab\u00a0qui ne baisse jamais les yeux\u00a0\u00bb"},"content":{"rendered":"<p>\n                                                                    l&rsquo;essentiel<br \/>\n                                                                La d\u00e9put\u00e9e de Paris ambitionne de ravir la mairie aux socialistes. Elle m\u00e8ne une campagne dynamique, n\u2019h\u00e9sitant pas \u00e0 \u00e9gratigner ses adversaires. Portrait de celle qui porte les couleurs insoumises dans la capitale.\n                            <\/p>\n<p>Ambitieuse, grande gueule, autoritaire, intelligente\u2026 De nombreux qualificatifs peuvent permettre de faire le portrait de Sophia Chikirou. Mais il en existe un plus important que tous les autres : \u00ab\u00a0A la France Insoumise, elle se pr\u00e9sente comme la femme du Chef\u00a0\u00bb\u2026 C\u2019est ainsi que les deux auteurs du livre enqu\u00eate sur LFI <a href=\"https:\/\/www.ladepeche.fr\/2025\/05\/07\/systeme-melenchon-menaces-humiliation-excommunication-danciens-fideles-ces-cinq-anecdotes-devoilees-par-le-livre-enquete-la-meute-12681829.php\" target=\"_self\" rel=\"noopener\">La Meute<\/a> (1) commencent leur chapitre \u00e0 son sujet. C\u2019est donc la femme du chef Jean-Luc M\u00e9lenchon qui ambitionne de ravir la mairie de Paris \u00e0 la gauche. Et cette caract\u00e9ristique conditionne toutes les autres, elle d\u00e9finit notamment son rapport au parti, \u00e0 ses cadres et \u00e0 ses militants. Elle explique aussi pourquoi elle a \u00e9t\u00e9 parachut\u00e9e dans cette circonscription en or dans laquelle elle a \u00e9t\u00e9 parachut\u00e9e en 2022, et sa candidature aujourd\u2019hui. Mais qui se cache derri\u00e8re \u00ab\u00a0la femme du chef\u00a0\u00bb ?<\/p>\n<p>Sophia Chikirou a eu une vie avant LFI, un parcours fait de t\u00e2tonnements\u2026 Elle adh\u00e8re au Parti socialiste \u00e0 l\u2019\u00e2ge de 18 ans. En 2002, elle devient l\u2019assistante parlementaire du d\u00e9put\u00e9 du 20e arrondissement de Paris, Michel Charzat, avant d\u2019\u00eatre choisie comme porte-parole de Laurent Fabius dans le cadre de la primaire pour l\u2019\u00e9lection pr\u00e9sidentielle de 2007. Apr\u00e8s l\u2019\u00e9chec de l\u2019ancien Premier ministre, Sophia Chikirou int\u00e8gre La Gauche moderne fond\u00e9e par Jean-Marie Bockel. Ce dernier est alors secr\u00e9taire d\u2019\u00c9tat du gouvernement Fillon, sous la pr\u00e9sidence de<a href=\"https:\/\/www.ladepeche.fr\/2026\/01\/26\/nicolas-sarkozy-pour-eviter-de-porter-un-bracelet-electronique-il-engage-une-procedure-judiciaire-13187498.php\" target=\"_self\" rel=\"noopener\"> Nicolas Sarkozy.<\/a> Elle ne rejoint officiellement Jean-Luc M\u00e9lenchon qu\u2019en 2012 comme attach\u00e9e de presse. Mais rapidement, elle prend une place bien plus importante.<\/p>\n<p>Elle part, pour le compte de son mentor, suivre la campagne de l\u2019outsider d\u00e9mocrate \u00e0 la Maison-Blanche, Bernie Sanders. Elle s\u00e9journe aussi en Espagne pour piocher des id\u00e9es au sein du mouvement Podemos. Entre deux voyages, les liens se tissent avec le leader insoumis. En 2018, Sophia Chikirou fonde une web t\u00e9l\u00e9, Le M\u00e9dia, pour soutenir la candidature de celui qui est d\u00e9sormais son compagnon. Elle est \u00ab\u00a0d\u00e9crite par ceux qui la c\u00f4toient comme une chef brutale, qui n\u2019h\u00e9site pas \u00e0 humilier les petites mains\u00a0\u00bb (1).<\/p>\n<p>Rapidement, Aude Rossigneux, la r\u00e9dactrice en chef, est d\u00e9barqu\u00e9e avec \u00ab\u00a0une brutalit\u00e9 qui serait peut-\u00eatre un sujet pour Le M\u00e9dia si elle \u00e9tait le fait d\u2019un Bollor\u00e9\u2026\u00a0\u00bb, d\u00e9nonce la jeune femme dans une lettre rendue publique. Ce qui n\u2019\u00e9branle pas Sophia Chikirou, qui aime r\u00e9p\u00e9ter qu\u2019elle ne baisse jamais les yeux. \u00ab\u00a0Il faudra me les crever d\u2019abord\u00a0\u00bb, a-t-elle coutume de dire (1). La jeune femme vit \u00e0 100 \u00e0 l\u2019heure. Elle se nourrit \u00ab\u00a0mal\u00a0\u00bb, dit-elle, de chips ou d\u2019une brioche. \u00ab\u00a0Il m\u2019arrive de rester quatre jours sans manger. Pas le temps\u00a0\u00bb, confie-t-elle au magazine VSD.<\/p>\n<p>En 2022, l\u2019Insoumise obtient un beau cadeau. Pour les l\u00e9gislatives, elle est parachut\u00e9e dans la 6e circonscription de Paris. Cette dr\u00f4le d\u2019enclave biscornue, \u00e0 cheval sur le 11e et le 20e arrondissement parisien, a toujours \u00e9t\u00e9 un terrain de jeu en or pour la gauche. Sophia Chikirou y est \u00e9lue et int\u00e8gre ainsi l\u2019h\u00e9micycle de l\u2019Assembl\u00e9e nationale. Elle n\u2019y prend pas souvent la parole, mais on peut l\u2019observer interpellant bruyamment les orateurs ou frappant son pupitre avec violence.<\/p>\n<p>C\u2019est avec cette m\u00eame virulence que Sophia Chikirou sillonne d\u00e9sormais Paris, o\u00f9 elle est candidate. Lors d\u2019un d\u00e9placement dans le centre de la capitale, elle lance au maire socialiste : \u00ab\u00a0Nous sommes tr\u00e8s fiers de ne pas \u00eatre avec vous \u00e0 soutenir un gouvernement g\u00e9nocidaire\u00a0\u00bb. Elle accuse Ariel Weil, pourtant proche du leader du parti de gauche isra\u00e9lien opposant \u00e0 l\u2019actuel gouvernement, de soutenir Benjamin Netanyahu.<\/p>\n<p>En revanche, Sophia Chikirou affiche une r\u00e9elle proximit\u00e9 avec <a href=\"https:\/\/www.ladepeche.fr\/2026\/01\/26\/municipales-2026-a-paris-le-rn-ouvre-la-porte-a-une-alliance-avec-rachida-dati-au-second-tour-13187750.php\" target=\"_self\" rel=\"noopener\">Rachida Dati.<\/a> Les deux femmes se sont rencontr\u00e9es durant des universit\u00e9s d\u2019\u00e9t\u00e9 insoumises auxquelles la ministre de la Culture avait \u00e9t\u00e9 convi\u00e9e. \u00ab\u00a0Elles se sont ador\u00e9es\u00a0\u00bb, nous raconte un \u00e9lu de Paris. Il faut dire qu\u2019elles ont d\u00e9sormais un ennemi commun en la personne du candidat socialiste Emmanuel Gr\u00e9goire. Un choix qui incarne bien le foss\u00e9 qui s\u00e9pare d\u00e9sormais le PS et LFI.<\/p>\n<p>(1) La Meute de Charlotte Bela\u00efch (Lib\u00e9ration) et Olivier P\u00e9rou (Le Monde), Editions Flammarion<\/p>\n","protected":false},"excerpt":{"rendered":"l&rsquo;essentiel La d\u00e9put\u00e9e de Paris ambitionne de ravir la mairie aux socialistes. Elle m\u00e8ne une campagne dynamique, n\u2019h\u00e9sitant&hellip;\n","protected":false},"author":2,"featured_media":694839,"comment_status":"","ping_status":"","sticky":false,"template":"","format":"standard","meta":{"footnotes":""},"categories":[1888],"tags":[11,76517,1777,674,1011,27,329,3434,12,626,316,25,37919],"class_list":{"0":"post-694838","1":"post","2":"type-post","3":"status-publish","4":"format-standard","5":"has-post-thumbnail","7":"category-paris","8":"tag-actualites","9":"tag-candidats-des-municipales-2026","10":"tag-eu","11":"tag-europe","12":"tag-fr","13":"tag-france","14":"tag-france-monde","15":"tag-municipales-2026","16":"tag-news","17":"tag-paris","18":"tag-politique","19":"tag-republique-francaise","20":"tag-u00c9lections"},"share_on_mastodon":{"url":"https:\/\/pubeurope.com\/@fr\/115972429833547375","error":""},"_links":{"self":[{"href":"https:\/\/www.europesays.com\/fr\/wp-json\/wp\/v2\/posts\/694838","targetHints":{"allow":["GET"]}}],"collection":[{"href":"https:\/\/www.europesays.com\/fr\/wp-json\/wp\/v2\/posts"}],"about":[{"href":"https:\/\/www.europesays.com\/fr\/wp-json\/wp\/v2\/types\/post"}],"author":[{"embeddable":true,"href":"https:\/\/www.europesays.com\/fr\/wp-json\/wp\/v2\/users\/2"}],"replies":[{"embeddable":true,"href":"https:\/\/www.europesays.com\/fr\/wp-json\/wp\/v2\/comments?post=694838"}],"version-history":[{"count":0,"href":"https:\/\/www.europesays.com\/fr\/wp-json\/wp\/v2\/posts\/694838\/revisions"}],"wp:featuredmedia":[{"embeddable":true,"href":"https:\/\/www.europesays.com\/fr\/wp-json\/wp\/v2\/media\/694839"}],"wp:attachment":[{"href":"https:\/\/www.europesays.com\/fr\/wp-json\/wp\/v2\/media?parent=694838"}],"wp:term":[{"taxonomy":"category","embeddable":true,"href":"https:\/\/www.europesays.com\/fr\/wp-json\/wp\/v2\/categories?post=694838"},{"taxonomy":"post_tag","embeddable":true,"href":"https:\/\/www.europesays.com\/fr\/wp-json\/wp\/v2\/tags?post=694838"}],"curies":[{"name":"wp","href":"https:\/\/api.w.org\/{rel}","templated":true}]}}