{"id":694860,"date":"2026-01-28T11:23:11","date_gmt":"2026-01-28T11:23:11","guid":{"rendered":"https:\/\/www.europesays.com\/fr\/694860\/"},"modified":"2026-01-28T11:23:11","modified_gmt":"2026-01-28T11:23:11","slug":"dp-world-tour-sergio-garcia-parmi-4-stars-de-la-liv-de-retour-cette-semaine","status":"publish","type":"post","link":"https:\/\/www.europesays.com\/fr\/694860\/","title":{"rendered":"DP World Tour : Sergio Garcia parmi 4 stars de la LIV de retour cette semaine"},"content":{"rendered":"<p><strong>Sergio Garcia, ancien vainqueur du Masters, fait son retour sur le DP World Tour cette semaine, accompagn\u00e9 de trois autres golfeurs issus de la ligue LIV Golf. Une occasion pour ces joueurs de se pr\u00e9parer avant le d\u00e9but de la nouvelle saison de LIV Golf.<\/strong><\/p>\n<p><a href=\"https:\/\/mvz-sports.com\/fr\/golf\/players\/sergio-garcia\" target=\"_blank\" rel=\"noopener\">Sergio Garcia<\/a>, <strong>46 ans<\/strong>, fait son grand retour sur le <strong>DP World Tour<\/strong> cette semaine, apr\u00e8s une absence de plus de trois mois. L\u2019Espagnol, qui avait quitt\u00e9 le circuit europ\u00e9en en 2024 apr\u00e8s avoir \u00e9t\u00e9 \u00e9cart\u00e9 de la Ryder Cup par Luke Donald, participe au <strong>Bapco Energies Bahrain Championship<\/strong> gr\u00e2ce \u00e0 une invitation. Ce tournoi, qui d\u00e9bute jeudi au <strong>Royal Golf Club<\/strong>, marque \u00e9galement la pr\u00e9sence de trois autres golfeurs issus de la ligue <strong>LIV Golf<\/strong>, tous en qu\u00eate de comp\u00e9tition avant le d\u00e9but de la nouvelle saison de LIV la semaine prochaine.<\/p>\n<p><strong>Un retour sous conditions<\/strong><\/p>\n<p>Garcia avait <strong>r\u00e9sili\u00e9 son adh\u00e9sion<\/strong> au DP World Tour en 2024, apr\u00e8s avoir pay\u00e9 plus d\u2019<strong>un million de livres<\/strong> de p\u00e9nalit\u00e9s pour sa participation \u00e0 des tournois LIV Golf en conflit avec le calendrier europ\u00e9en. Malgr\u00e9 cela, il a pu r\u00e9int\u00e9grer le circuit et tenter de se qualifier pour le <strong>Championnat PGA \u00e0 Bethpage Black<\/strong>.<\/p>\n<p>Cependant, apr\u00e8s seulement deux tournois disput\u00e9s en 2025  le <strong>BMW International Open<\/strong> et l\u2019<strong>Open de Espa\u00f1a<\/strong> , il s\u2019\u00e9tait retir\u00e9 de l\u2019<strong>Amgen Irish Open<\/strong>. Garcia, <strong>16 fois vainqueur sur le circuit europ\u00e9en<\/strong>, n\u2019a plus remport\u00e9 de titre depuis le <strong>KLM Open en 2019<\/strong>. S\u2019il souhaite repr\u00e9senter \u00e0 nouveau l\u2019<strong>\u00e9quipe europ\u00e9enne en 2027<\/strong>, il devra <strong>r\u00e9int\u00e9grer officiellement le DP World Tour<\/strong>.<\/p>\n<p><strong>Les autres golfeurs de LIV Golf en lice<\/strong><\/p>\n<p>Trois autres joueurs issus de la ligue LIV Golf participent \u00e9galement \u00e0 ce tournoi \u00e0 Bahre\u00efn, dans le cadre de la troisi\u00e8me \u00e9tape de l\u2019<strong>International Swing<\/strong> du DP World Tour :<\/p>\n<ul class=\"wp-block-list\">\n<li><strong>Laurie Canter<\/strong> : Vainqueur en titre du Bapco Energies Bahrain Championship, il a rejoint <strong>Majesticks GC<\/strong> apr\u00e8s avoir obtenu sa carte pour le PGA Tour via la <strong>Race to Dubai<\/strong>. Il effectuera sa <strong>troisi\u00e8me apparition<\/strong> de la saison sur le DP World Tour.<\/li>\n<li><strong>Thomas Detry<\/strong> : Nouveau membre de <strong>4Aces GC<\/strong>, le Belge a termin\u00e9 <strong>14\u1d49<\/strong> du Hero Dubai Desert Classic la semaine derni\u00e8re. Il continue sa saison sur le circuit europ\u00e9en.<\/li>\n<li><strong>Patrick Reed<\/strong> : Vainqueur du <strong>Hero Dubai Desert Classic<\/strong> la semaine derni\u00e8re, Reed a domin\u00e9 le tournoi avec <strong>quatre coups d\u2019avance<\/strong>, ce qui lui a permis de remonter \u00e0 la <strong>29\u1d49 place du classement mondial<\/strong>. L\u2019Am\u00e9ricain de 35 ans a jou\u00e9 <strong>dix fois<\/strong> sur le DP World Tour en 2025, et son retour cette semaine soul\u00e8ve des questions sur son avenir avec LIV Golf. \u00ab Si je ne joue pas sur LIV cette ann\u00e9e, je serai probablement plus pr\u00e9sent sur ce circuit pour tenter de me qualifier parmi les dix premiers et retrouver le PGA Tour \u00bb, a-t-il d\u00e9clar\u00e9.<\/li>\n<\/ul>\n<p><strong>Un tournoi charni\u00e8re pour les golfeurs de LIV<\/strong><\/p>\n<p>Ce tournoi \u00e0 Bahre\u00efn repr\u00e9sente une <strong>opportunit\u00e9 cruciale<\/strong> pour les golfeurs de LIV Golf de <strong>se mesurer \u00e0 la comp\u00e9tition traditionnelle<\/strong> avant le d\u00e9but de leur saison. Alors que LIV Golf s\u2019appr\u00eate \u00e0 lancer sa nouvelle campagne, ces joueurs cherchent \u00e0 <strong>prouver leur forme<\/strong> et \u00e0 <strong>maintenir leur classement mondial<\/strong>, essentiel pour les grandes comp\u00e9titions comme les <strong>Majeurs<\/strong>. Pour Garcia, Canter, Detry et Reed, ce tournoi est aussi une occasion de <strong>montrer qu\u2019ils restent comp\u00e9titifs<\/strong> malgr\u00e9 leur engagement avec LIV <a href=\"http:\/\/mvz-sports.com\/fr\/golf\" target=\"_blank\" rel=\"noopener\">Golf<\/a>.<\/p>\n<p>Avec <strong>Sergio Garcia<\/strong> et trois autres stars de LIV Golf en comp\u00e9tition, le <strong>Bapco Energies Bahrain Championship<\/strong> s\u2019annonce comme un <strong>duel passionnant<\/strong> entre les circuits traditionnel et dissident. Ces golfeurs parviendront-ils \u00e0 <strong>confirmer leur niveau<\/strong> et \u00e0 <strong>marquer les esprits<\/strong> avant le d\u00e9but de la saison LIV Golf ?<\/p>\n","protected":false},"excerpt":{"rendered":"Sergio Garcia, ancien vainqueur du Masters, fait son retour sur le DP World Tour cette semaine, accompagn\u00e9 de&hellip;\n","protected":false},"author":2,"featured_media":694861,"comment_status":"","ping_status":"","sticky":false,"template":"","format":"standard","meta":{"footnotes":""},"categories":[1418],"tags":[1011,27,1472,60],"class_list":{"0":"post-694860","1":"post","2":"type-post","3":"status-publish","4":"format-standard","5":"has-post-thumbnail","7":"category-golf","8":"tag-fr","9":"tag-france","10":"tag-golf","11":"tag-sports"},"share_on_mastodon":{"url":"https:\/\/pubeurope.com\/@fr\/115972473104367622","error":""},"_links":{"self":[{"href":"https:\/\/www.europesays.com\/fr\/wp-json\/wp\/v2\/posts\/694860","targetHints":{"allow":["GET"]}}],"collection":[{"href":"https:\/\/www.europesays.com\/fr\/wp-json\/wp\/v2\/posts"}],"about":[{"href":"https:\/\/www.europesays.com\/fr\/wp-json\/wp\/v2\/types\/post"}],"author":[{"embeddable":true,"href":"https:\/\/www.europesays.com\/fr\/wp-json\/wp\/v2\/users\/2"}],"replies":[{"embeddable":true,"href":"https:\/\/www.europesays.com\/fr\/wp-json\/wp\/v2\/comments?post=694860"}],"version-history":[{"count":0,"href":"https:\/\/www.europesays.com\/fr\/wp-json\/wp\/v2\/posts\/694860\/revisions"}],"wp:featuredmedia":[{"embeddable":true,"href":"https:\/\/www.europesays.com\/fr\/wp-json\/wp\/v2\/media\/694861"}],"wp:attachment":[{"href":"https:\/\/www.europesays.com\/fr\/wp-json\/wp\/v2\/media?parent=694860"}],"wp:term":[{"taxonomy":"category","embeddable":true,"href":"https:\/\/www.europesays.com\/fr\/wp-json\/wp\/v2\/categories?post=694860"},{"taxonomy":"post_tag","embeddable":true,"href":"https:\/\/www.europesays.com\/fr\/wp-json\/wp\/v2\/tags?post=694860"}],"curies":[{"name":"wp","href":"https:\/\/api.w.org\/{rel}","templated":true}]}}