{"id":694866,"date":"2026-01-28T11:26:15","date_gmt":"2026-01-28T11:26:15","guid":{"rendered":"https:\/\/www.europesays.com\/fr\/694866\/"},"modified":"2026-01-28T11:26:15","modified_gmt":"2026-01-28T11:26:15","slug":"open-daustralie-une-finale-bleue-a-melbourne-le-figaro","status":"publish","type":"post","link":"https:\/\/www.europesays.com\/fr\/694866\/","title":{"rendered":"Open d\u2019Australie : une finale bleue \u00e0 Melbourne &#8211; Le Figaro"},"content":{"rendered":"<ol>\n<li><a href=\"https:\/\/news.google.com\/rss\/articles\/CBMiqwFBVV95cUxPQW5jX3lFckhTZVRadlBrSHhIMVVLdUtKSnBmYV9sbEo5eVJseW9HdTkxemJaYTR5LVg4bDE5dkZ2a3haQm4zR250bXcxM2JPRExQYXJtZENaQlBpZ3BtRHlCdWtXQU5zRE94N255RXZNdEFmd3JkVGpvQXYxaGNiZFJxQ05WYUxHTzhrWXVsM1l1V0VrTXhVRTR0X29oQjctSi16V2VIYlFhcjg?oc=5\" target=\"_blank\" rel=\"noopener\">Open d\u2019Australie : une finale bleue \u00e0 Melbourne<\/a>&nbsp;&nbsp;Le Figaro<\/li>\n<li><a href=\"https:\/\/news.google.com\/rss\/articles\/CBMiggFBVV95cUxOemlwOUI2Um1iZWw5Qm5JcDMxQzlJRmQ0alM4LWdTd24zRk55T01PRWVjR1pCUHFPOHBmMnQ4OHJVakZzNTNZVnVmYkxobmxpUTRGRmRod2Q1eUd5Z0p0OEthZkJxVUl6SlhxcWxKZVloc0wzS1NMQzlidnZaSS1fakNR?oc=5\" target=\"_blank\" rel=\"noopener\">Revoil\u00e0 Mladenovic !<\/a>&nbsp;&nbsp;Sports.fr<\/li>\n<li><a href=\"https:\/\/news.google.com\/rss\/articles\/CBMi8wFBVV95cUxNNlZpRkdEazJCLXlsM3F6SHkydjRFa0g0NHU2cFJMQnJNV2o1Zkt6VlF6NF93MzhMOWZZN0o2d1NRdnB3aFBmbFA2YTM4VzJTVktKR1FFQVMtNlZtNHNrRlpIcnJNMTRJbDhxbnVfUzhrdXdkUEwzUEIwQ0FaT3NTcU9hUVBMMkJremdkMFNPR1E2YXNWblc2cnNlcUp3N2Zpck5FQms1OWpLRGllcF9EcTNWVWpxUV9wdFJNdTFuME9COUVZU2ZEdWNVVEsxUl9qRDFPWWZaV3lfMnB1cnYtNlpQREttVllVNGs2NE02VXZXeEE?oc=5\" target=\"_blank\" rel=\"noopener\">Les Fran\u00e7ais Kristina Mladenovic et Manuel Guinard se qualifient pour la finale du double mixte \u00e0 l&rsquo;Open d&rsquo;Australie<\/a>&nbsp;&nbsp;L&rsquo;\u00c9quipe<\/li>\n<li><a href=\"https:\/\/news.google.com\/rss\/articles\/CBMi3gFBVV95cUxQUlVrUXJuQ0NxR2l0aHBRQnltMWQ1dkJIS1VzLTU0UG5uNTE5YlJXR3JiTTgtdnJhQ2ZtcmJ2aVVtTVhBQVgxV2ZOSkZiS3dVRnIxTGVpaDN6aVFYU1gxTDlZZVd3anM5em9oNEVGWktzWjFsMlBrSjNwekxXaDFKMERWbi1Md0QzdVJuSl95WnU5NVpQdElWN21fN2ltMlVRWjN2REZ5YkVIYnRNbVp6bVJBV2UzbGpGckdQYXNodktQVFNnN29SZHZEN0I2UnlvZE55LVhYR1FCY05ETkE?oc=5\" target=\"_blank\" rel=\"noopener\">Taylor Townsend\/Nikola Mektic &#8211; Irina Khromacheva\/Christian Harrison<\/a>&nbsp;&nbsp;Eurosport<\/li>\n<li><a href=\"https:\/\/news.google.com\/rss\/articles\/CBMiswFBVV95cUxPYThVNjBUT1NnMDI2MUJlTmJzRjYtZVVRQWk3RDExWjVCamNzWGFPVC1faVlQdTFDdF9UMlR2Q0VMWUhEZnVfaDNrY2MzQ01iSmJiME5RSnVaNlNTSTRwWUIzYVRpdFI3bmZoR2Z2MXZqc0ZZLVY5di1CNHk4YWVyUmtvcDJncUFzU0JKNThtLWJKVFJlWUhlZlJYeU9TRjdaQ2NvYUY1dUEtWFpGVlRCdzYxVQ?oc=5\" target=\"_blank\" rel=\"noopener\">Open d\u2019Australie : Kristina Mladenovic et Manuel Guinard en finale !<\/a>&nbsp;&nbsp;F\u00e9d\u00e9ration Fran\u00e7aise de Tennis<\/li>\n<\/ol>\n","protected":false},"excerpt":{"rendered":"Open d\u2019Australie : une finale bleue \u00e0 Melbourne&nbsp;&nbsp;Le Figaro Revoil\u00e0 Mladenovic !&nbsp;&nbsp;Sports.fr Les Fran\u00e7ais Kristina Mladenovic et Manuel&hellip;\n","protected":false},"author":2,"featured_media":694867,"comment_status":"","ping_status":"","sticky":false,"template":"","format":"standard","meta":{"footnotes":""},"categories":[1415],"tags":[47,4169,105,2199,1011,27,1114,35225,1960,4175,1980,60,1467,4170],"class_list":{"0":"post-694866","1":"post","2":"type-post","3":"status-publish","4":"format-standard","5":"has-post-thumbnail","7":"category-tennis","8":"tag-actualite","9":"tag-atp","10":"tag-djokovic","11":"tag-federer","12":"tag-fr","13":"tag-france","14":"tag-infos","15":"tag-murray","16":"tag-nadal","17":"tag-open-daustralie","18":"tag-resultats","19":"tag-sports","20":"tag-tennis","21":"tag-wta"},"share_on_mastodon":{"url":"https:\/\/pubeurope.com\/@fr\/115972484833041459","error":""},"_links":{"self":[{"href":"https:\/\/www.europesays.com\/fr\/wp-json\/wp\/v2\/posts\/694866","targetHints":{"allow":["GET"]}}],"collection":[{"href":"https:\/\/www.europesays.com\/fr\/wp-json\/wp\/v2\/posts"}],"about":[{"href":"https:\/\/www.europesays.com\/fr\/wp-json\/wp\/v2\/types\/post"}],"author":[{"embeddable":true,"href":"https:\/\/www.europesays.com\/fr\/wp-json\/wp\/v2\/users\/2"}],"replies":[{"embeddable":true,"href":"https:\/\/www.europesays.com\/fr\/wp-json\/wp\/v2\/comments?post=694866"}],"version-history":[{"count":0,"href":"https:\/\/www.europesays.com\/fr\/wp-json\/wp\/v2\/posts\/694866\/revisions"}],"wp:featuredmedia":[{"embeddable":true,"href":"https:\/\/www.europesays.com\/fr\/wp-json\/wp\/v2\/media\/694867"}],"wp:attachment":[{"href":"https:\/\/www.europesays.com\/fr\/wp-json\/wp\/v2\/media?parent=694866"}],"wp:term":[{"taxonomy":"category","embeddable":true,"href":"https:\/\/www.europesays.com\/fr\/wp-json\/wp\/v2\/categories?post=694866"},{"taxonomy":"post_tag","embeddable":true,"href":"https:\/\/www.europesays.com\/fr\/wp-json\/wp\/v2\/tags?post=694866"}],"curies":[{"name":"wp","href":"https:\/\/api.w.org\/{rel}","templated":true}]}}