{"id":694878,"date":"2026-01-28T11:37:12","date_gmt":"2026-01-28T11:37:12","guid":{"rendered":"https:\/\/www.europesays.com\/fr\/694878\/"},"modified":"2026-01-28T11:37:12","modified_gmt":"2026-01-28T11:37:12","slug":"le-film-avec-pierre-niney-vaut-il-le-coup-ce-quen-disent-les-critiques","status":"publish","type":"post","link":"https:\/\/www.europesays.com\/fr\/694878\/","title":{"rendered":"le film avec Pierre Niney vaut-il le coup\u00a0? Ce qu&rsquo;en disent les critiques"},"content":{"rendered":"<p class=\"app_entry_lead\">\n                                            <a title=\"\u00a0\u00a9\u00a0WY PRODUCTIONS - NINETY FILMS \u2013 STUDIOCANAL \u2013 M6 FILMS - Photographe J\u00e9rome Pr\u00e9bois \" href=\"https:\/\/img-4.linternaute.com\/hfXRDqgOZLBqzf0XhybDnq9HkUg=\/1240x\/smart\/ea24ee43c53444d7a542f70a7020bc70\/ccmcms-linternaute\/85473559.jpg\" class=\"fancy\" target=\"_blank\" rel=\"noopener\"><br \/>\n                            <img decoding=\"async\" alt=\"Gourou\u00a0: le film avec Pierre Niney vaut-il le coup\u00a0? Ce qu'en disent les critiques\" src=\"https:\/\/www.europesays.com\/fr\/wp-content\/uploads\/2026\/01\/85473559.jpg\" width=\"&quot;540&quot;\" height=\"&quot;360&quot;\"\/><br \/>\n                        <\/a><br \/>\n                                        Le nouveau thriller de Yann Gozlan sur un coach de d\u00e9veloppement personnel toxique sort au cin\u00e9ma le 28\u00a0janvier 2026.\n                <\/p>\n<p>Presque deux ans apr\u00e8s\u00a0Le Comte de Monte-Cristo, <a href=\"https:\/\/www.linternaute.fr\/cinema\/biographie\/1773370-pierre-niney-sa-femme-natasha-andrews-et-ses-deux-filles-famille-inseparable\/\" title=\"Pierre Niney\" target=\"_blank\" rel=\"noopener\">Pierre Niney<\/a> endosse un nouveau r\u00f4le au cin\u00e9ma. L&rsquo;acteur fran\u00e7ais retrouve le r\u00e9alisateur Yann Gozlan, qui l&rsquo;avait d\u00e9j\u00e0 dirig\u00e9 dans\u00a0Un homme id\u00e9al\u00a0et\u00a0Bo\u00eete noire, dans son nouveau <a href=\"https:\/\/www.linternaute.fr\/cinema\/pratique\/2326476-thriller-les-meilleurs-films-a-voir\/\" title=\"Thrillers\" target=\"_blank\" rel=\"noopener\">thriller<\/a> qui d\u00e9nonce l&#8217;emprise qu&rsquo;exerce un coach en d\u00e9veloppement personnel sur ses \u00ab\u00a0fid\u00e8les\u00a0\u00bb. Gourou\u00a0raconte sa descente aux enfers au cin\u00e9ma ce mercredi 28 janvier 2026. Anthony Bajon, Marion Barbeau et Holt MacCallany compl\u00e8tent la distribution.<\/p>\n<p>Les films de Pierre Niney sont souvent tr\u00e8s suivis du public, qui ne cache pas son affection pour le com\u00e9dien de 36 ans. Ici, il est co-producteur du film en plus d&rsquo;y \u00eatre le principal interpr\u00e8te. De quoi donner confiance aux spectateurs. La critique, elle, est davantage divis\u00e9e.\u00a0Il faut dire que le d\u00e9fi du film est complexe : ne pas rester prisonnier du discours de son personnage et se servir des images pour d\u00e9crire l&rsquo;engrenage, la d\u00e9rive, et la chute de son protagoniste.\u00a0<\/p>\n<p>Le magazine sp\u00e9cialis\u00e9 <a href=\"https:\/\/www.premiere.fr\/Cinema\/News-Cinema\/Gourou-que-vaut-le-nouveau-Pierre-Niney---critique\" target=\"_blank\" rel=\"noopener\">Premi\u00e8re<\/a> admet que le long-m\u00e9trage \u00ab\u00a0avance sur un ligne de cr\u00eate\u00a0\u00bb et salue \u00ab\u00a0un thriller parano qui cherche \u00e0 interroger ses images autant que ses discours.\u00a0\u00bb Egalement sp\u00e9cialis\u00e9 dans l&rsquo;actualit\u00e9 du septi\u00e8me art, <a href=\"https:\/\/cinemateaser.com\/chroniques\/gourou\/\" target=\"_blank\" rel=\"noopener\">Cinemateaser<\/a> loue \u00e9galement \u00ab\u00a0un br\u00fblot politique\u00a0\u00bb \u00ab\u00a0impressionnant\u00a0\u00bb et la prestation de Pierre Niney, \u00ab\u00a0formidable interpre\u0300te d&rsquo;un anti-he\u0301ros charismatique\u00a0\u00bb. Gourou\u00a0est qualifi\u00e9 de \u00ab\u00a0thriller captivant\u00a0\u00bb (Elle), \u00ab\u00a0fascinant, terrifiant et mystique\u00a0\u00bb (Public) ou d'\u00a0\u00bbuppercut diablement efficace, immersif, parfois vertigineux, dont on ressort groggy\u00a0\u00bb (Le Figaro).<\/p>\n<p>Mais d&rsquo;autres m\u00e9dias ne se sont pas laiss\u00e9s forc\u00e9ment convaincre par la chute de \u00ab\u00a0coach Matt\u00a0\u00bb. C&rsquo;est particuli\u00e8rement le sc\u00e9nario du film et la qualit\u00e9 de son \u00e9criture qui sont \u00e9pingl\u00e9s par plusieurs titres de presse. Pour <a href=\"https:\/\/www.lebleudumiroir.fr\/critique-gourou\/\" target=\"_blank\" rel=\"noopener\">Le Bleu du miroir<\/a>, en revanche, le long-m\u00e9trage reste \u00ab\u00a0frustrant\u00a0\u00bb, plomb\u00e9 par \u00ab\u00a0des \u00e9cueils d&rsquo;\u00e9criture\u00a0\u00bb et \u00ab\u00a0des d\u00e9fauts qui finissent par affaiblir la port\u00e9e politique de l&rsquo;ensemble\u00a0\u00bb. M\u00eame son de cloche du c\u00f4t\u00e9 de <a href=\"https:\/\/www.franceinfo.fr\/culture\/cinema\/sorties-de-films\/gourou-pierre-niney-en-manipulateur-professionnel-dans-un-film-caricatural-signe-yann-gozlan_7760786.html\" target=\"_blank\" rel=\"noopener\">franceinfo<\/a>, qui d\u00e9nonce \u00ab\u00a0un film caricatural\u00a0\u00bb g\u00e2ch\u00e9 par \u00ab\u00a0un sc\u00e9nario brouillon et une mise en sc\u00e8ne indigeste\u00a0\u00bb. M\u00eame son de cloche du c\u00f4t\u00e9 de <a href=\"https:\/\/www.liberation.fr\/culture\/cinema\/gourou-avec-pierre-niney-coach-toi-la-20260127_P7P725JZLZFRHMR4ZNNGYOG2KU\/\" target=\"_blank\" rel=\"noopener\">Lib\u00e9ration<\/a>, qui d\u00e9nonce \u00ab\u00a0une fable hypocrite\u00a0la bonne et la mauvaise notori\u00e9t\u00e9 produite et interpr\u00e9t\u00e9e par l&rsquo;un des acteurs les plus lucratifs du cin\u00e9ma fran\u00e7ais.\u00a0\u00bb<\/p>\n<p><a id=\"synopsis\" name=\"synopsis\"><strong>Synopsis<\/strong><\/a> &#8211; Matt est le coach en d\u00e9veloppement personnel le plus suivi de France. Dans une soci\u00e9t\u00e9 en qu\u00eate de sens o\u00f9 la r\u00e9ussite individuelle est devenue sacr\u00e9e, il propose \u00e0 ses adeptes une catharsis qui \u00e9lectrise les foules autant qu&rsquo;elle inqui\u00e8te les autorit\u00e9s. Sous le feu des critiques, Matt s&rsquo;engage dans une fuite en avant qui le m\u00e8ne aux fronti\u00e8res de la folie, et peut-\u00eatre de la gloire&#8230;<\/p>\n","protected":false},"excerpt":{"rendered":"Le nouveau thriller de Yann Gozlan sur un coach de d\u00e9veloppement personnel toxique sort au cin\u00e9ma le 28\u00a0janvier&hellip;\n","protected":false},"author":2,"featured_media":694879,"comment_status":"","ping_status":"","sticky":false,"template":"","format":"standard","meta":{"footnotes":""},"categories":[1354],"tags":[79047,51761,58,59,70825,1346,51763,1011,27,1360,51767],"class_list":{"0":"post-694878","1":"post","2":"type-post","3":"status-publish","4":"format-standard","5":"has-post-thumbnail","7":"category-films","8":"tag-cms-linternaute-9559708","9":"tag-controller-content","10":"tag-divertissement","11":"tag-entertainment","12":"tag-film-dramatique","13":"tag-films","14":"tag-format-papier","15":"tag-fr","16":"tag-france","17":"tag-movies","18":"tag-parallaxeinfeed"},"share_on_mastodon":{"url":"https:\/\/pubeurope.com\/@fr\/115972528411164086","error":""},"_links":{"self":[{"href":"https:\/\/www.europesays.com\/fr\/wp-json\/wp\/v2\/posts\/694878","targetHints":{"allow":["GET"]}}],"collection":[{"href":"https:\/\/www.europesays.com\/fr\/wp-json\/wp\/v2\/posts"}],"about":[{"href":"https:\/\/www.europesays.com\/fr\/wp-json\/wp\/v2\/types\/post"}],"author":[{"embeddable":true,"href":"https:\/\/www.europesays.com\/fr\/wp-json\/wp\/v2\/users\/2"}],"replies":[{"embeddable":true,"href":"https:\/\/www.europesays.com\/fr\/wp-json\/wp\/v2\/comments?post=694878"}],"version-history":[{"count":0,"href":"https:\/\/www.europesays.com\/fr\/wp-json\/wp\/v2\/posts\/694878\/revisions"}],"wp:featuredmedia":[{"embeddable":true,"href":"https:\/\/www.europesays.com\/fr\/wp-json\/wp\/v2\/media\/694879"}],"wp:attachment":[{"href":"https:\/\/www.europesays.com\/fr\/wp-json\/wp\/v2\/media?parent=694878"}],"wp:term":[{"taxonomy":"category","embeddable":true,"href":"https:\/\/www.europesays.com\/fr\/wp-json\/wp\/v2\/categories?post=694878"},{"taxonomy":"post_tag","embeddable":true,"href":"https:\/\/www.europesays.com\/fr\/wp-json\/wp\/v2\/tags?post=694878"}],"curies":[{"name":"wp","href":"https:\/\/api.w.org\/{rel}","templated":true}]}}