{"id":694888,"date":"2026-01-28T11:43:14","date_gmt":"2026-01-28T11:43:14","guid":{"rendered":"https:\/\/www.europesays.com\/fr\/694888\/"},"modified":"2026-01-28T11:43:14","modified_gmt":"2026-01-28T11:43:14","slug":"leuro-franchit-120-dollar-ce-que-cela-implique-pour-leurope-28-01-2026-a-1023","status":"publish","type":"post","link":"https:\/\/www.europesays.com\/fr\/694888\/","title":{"rendered":"L\u2019euro franchit 1,20 dollar : ce que cela implique pour l\u2019Europe &#8211; 28\/01\/2026 \u00e0 10:23"},"content":{"rendered":"<p>        <img decoding=\"async\" src=\"https:\/\/www.europesays.com\/fr\/wp-content\/uploads\/2026\/01\/89584902942674346a974c3a25affc2e-760x507.jpg\" alt=\"Lors de son lancement en 1999, la monnaie unique europ\u00e9enne \u00e9tait fix\u00e9e \u00e0 1,17 dollar. ( AFP \/ KIRILL KUDRYAVTSEV )\" loading=\"eager\" fetchpriority=\"high\" width=\"760\" height=\"507\" style=\"max-width: 100%!important; height: auto;\"\/><\/p>\n<p class=\"c-image-news__legend\">Lors de son lancement en 1999, la monnaie unique europ\u00e9enne \u00e9tait fix\u00e9e \u00e0 1,17 dollar. ( AFP \/ KIRILL KUDRYAVTSEV )<\/p>\n<p> La monnaie europ\u00e9enne a d\u00e9pass\u00e9 mardi 27 janvier le seuil de 1,20 dollar, une premi\u00e8re depuis 2021. Entre gain de pouvoir d\u2019achat et difficult\u00e9s pour certains secteurs exportateurs, les effets sont contrast\u00e9s pour l&rsquo;\u00e9conomie europ\u00e9enne.<\/p>\n<p>\n Le d\u00e9clencheur a \u00e9t\u00e9 l&rsquo;indiff\u00e9rence exprim\u00e9e la veille par Donald Trump vis-\u00e0-vis de la chute de la devise am\u00e9ricaine,<br \/>\n <strong><br \/>\n  le chef d&rsquo;Etat estimant que \u00ab\u00a0le dollar se porte tr\u00e8s bien\u00a0\u00bb<br \/>\n <\/strong><br \/>\n .\n<\/p>\n<p>\n Lanc\u00e9e en 1999 \u00e0 1,17 dollar, la monnaie unique europ\u00e9enne \u00e9tait mont\u00e9e jusqu&rsquo;\u00e0 un record \u00e0 plus de 1,60 dollar lors de la crise des subprimes de 2008, qui avait affaibli la monnaie am\u00e9ricaine, avant de redescendre.\n<\/p>\n<p>\n L&rsquo;euro n&rsquo;avait pas repass\u00e9 le seuil des 1,20 dollar depuis quatre ans, lorsque les \u00e9conomies europ\u00e9ennes b\u00e9n\u00e9ficiaient du soutien des politiques publiques durant la p\u00e9riode de la pand\u00e9mie de Covid-19.\n<\/p>\n<p>\n Entre gain de pouvoir d&rsquo;achat pour les m\u00e9nages de la zone euro mais difficult\u00e9s pour ses exportateurs, un euro fort fait des gagnants mais aussi des perdants.\n<\/p>\n<p> Le pouvoir d\u2019achat des m\u00e9nages dop\u00e9 par la hausse de l\u2019euro<\/p>\n<p>\n Une grande partie des produits import\u00e9s dans la zone euro le sont en dollars, le p\u00e9trole et les mati\u00e8res premi\u00e8res sont en g\u00e9n\u00e9ral libell\u00e9s dans la devise am\u00e9ricaine.\n<\/p>\n<p>\n Un euro plus fort soutient donc<br \/>\n <strong><br \/>\n  \u00ab\u00a0le pouvoir d&rsquo;achat des m\u00e9nages europ\u00e9ens, favorisant la consommation et le tourisme \u00e0 l&rsquo;\u00e9tranger\u00a0\u00bb<br \/>\n <\/strong><br \/>\n , explique \u00e0 l&rsquo;<\/p>\n<p>  AFP<\/p>\n<p> John Plassard, responsable de la strat\u00e9gie d&rsquo;investissement chez Cit\u00e9 Gestion Private Bank.\n<\/p>\n<p>\n A contrario, les Am\u00e9ricains perdent au change lors de leurs voyages en zone euro ou lorsqu&rsquo;ils importent des produits europ\u00e9ens, d&rsquo;autant plus chers s&rsquo;ils sont soumis \u00e0 des surtaxes suppl\u00e9mentaires impos\u00e9es par l&rsquo;administration Trump.\n<\/p>\n<p>\n \u00a0\u00bb<br \/>\n <strong><br \/>\n  Un euro fort est une bonne nouvelle pour les entreprises importatrices europ\u00e9ennes, en particulier dans la chimie, la construction, l&rsquo;a\u00e9rien ou les secteurs fortement consommateurs d&rsquo;\u00e9nergie et de mati\u00e8res premi\u00e8res<br \/>\n <\/strong><br \/>\n \u00ab\u00a0, ajoute l&rsquo;analyste.\n<\/p>\n<p> Le secteur du luxe impact\u00e9<\/p>\n<p>\n \u00ab\u00a0En revanche, c&rsquo;est un vent contraire pour les exportateurs, notamment l&rsquo;automobile, la m\u00e9canique et les biens d&rsquo;\u00e9quipement\u00a0\u00bb, note John Plassard.\n<\/p>\n<p>\n C&rsquo;est aussi<br \/>\n <strong><br \/>\n  un frein \u00ab\u00a0pour les groupes du luxe comme LVMH, d\u00e9j\u00e0 confront\u00e9s \u00e0 une baisse de la demande\u00a0\u00bb<br \/>\n <\/strong><br \/>\n , note Kathleen Brooks, analyste pour XTB.\n<\/p>\n<p>\n L\u2019Allemagne et son industrie exportatrice sont particuli\u00e8rement vuln\u00e9rables.\n<\/p>\n<p>\n Les entreprises de l&rsquo;UE subissent d\u00e9j\u00e0 l&rsquo;accord scell\u00e9 en juillet dernier avec les Etats-Unis, qui impose des droits de douane de 15% \u00e0 leurs importations sur le territoire am\u00e9ricain.\n<\/p>\n<p>\n A contrario, en tirant l&rsquo;inflation vers le bas,<br \/>\n <strong><br \/>\n  la faiblesse de l&rsquo;euro pourrait encourager la Banque centrale europ\u00e9enne \u00e0 de nouvelles baisses de taux<br \/>\n <\/strong><br \/>\n , ouvrant la voie \u00e0 des cr\u00e9dits plus avantageux pour les Europ\u00e9ens.\n<\/p>\n<p> \u00ab\u00a0La mont\u00e9e du populisme compromet la discipline budg\u00e9taire\u00a0\u00bb<\/p>\n<p>\n Le gouverneur de la Banque de France, Fran\u00e7ois Villeroy de Galhau, a affirm\u00e9 en octobre dernier qu&rsquo;<br \/>\n <strong><br \/>\n  il ne fallait \u00ab\u00a0pas \u00eatre na\u00effs\u00a0\u00bb en croyant que \u00ab\u00a0l&rsquo;euro remplacera bient\u00f4t le dollar<br \/>\n <\/strong><br \/>\n \u00ab\u00a0.\n<\/p>\n<p>\n Mais sans supplanter le billet vert comme devise de r\u00e9f\u00e9rence dans les \u00e9changes internationaux et comme r\u00e9serve de valeur, l&rsquo;euro gagne en attractivit\u00e9, et avec lui la dette europ\u00e9enne.\n<\/p>\n<p>\n Les Etats europ\u00e9ens pourraient alors profiter du \u00ab\u00a0privil\u00e8ge exorbitant\u00a0\u00bb jusqu&rsquo;ici r\u00e9serv\u00e9 aux Etats-Unis, une expression de l&rsquo;ancien pr\u00e9sident de la R\u00e9publique Val\u00e9ry Giscard d&rsquo;Estaing d\u00e9signant la position dominante du billet vert qui a permis \u00e0 Washington de s&rsquo;endetter \u00e0 moindre co\u00fbt.\n<\/p>\n<p>\n Mais pour Ipek Ozkardeskaya, de Swissquote Bank, interrog\u00e9e par l&rsquo;<\/p>\n<p>  AFP<\/p>\n<p> , \u00ab\u00a0la mont\u00e9e du populisme compromet la discipline budg\u00e9taire\u00a0\u00bb et reste un \u00ab\u00a0obstacles \u00e0 l&rsquo;essor de l&rsquo;euro\u00a0\u00bb et des devises en g\u00e9n\u00e9ral, les investisseurs internationaux leur pr\u00e9f\u00e9rant des actifs tangibles comme les mati\u00e8res premi\u00e8res.\n<\/p>\n<p> L&rsquo;Europe, une institution stable<\/p>\n<p>\n Il y a un an, l&rsquo;euro avait fr\u00f4l\u00e9 la parit\u00e9 avec un dollar dop\u00e9 par la perspective que les droits de douane promis par Donald Trump fassent grimper l&rsquo;inflation aux Etats-Unis. Mais depuis son investiture, la monnaie unique europ\u00e9enne est remont\u00e9e de 15% face au dollar.\n<\/p>\n<p>\n <strong><br \/>\n  Les investisseurs sont rebut\u00e9s par une politique changeante, faite de menaces militaires et douani\u00e8res, de revirements incessants, et de pressions sur la R\u00e9serve f\u00e9d\u00e9rale pour qu&rsquo;elle abaisse ses taux, mena\u00e7ant son ind\u00e9pendance<br \/>\n <\/strong><br \/>\n .\n<\/p>\n<p>\n La politique int\u00e9rieure contest\u00e9e du pr\u00e9sident am\u00e9ricain &#8211; en particulier apr\u00e8s la mort samedi 24 janvier d&rsquo;un second citoyen am\u00e9ricain tu\u00e9 par un agent f\u00e9d\u00e9ral de l&rsquo;immigration &#8211; fait en outre planer la menace d&rsquo;une nouvelle paralysie budg\u00e9taire.\n<\/p>\n<p>\n <strong><br \/>\n  \u00ab\u00a0A l&rsquo;inverse, l&rsquo;Europe appara\u00eet comme une zone de relative stabilit\u00e9 institutionnelle<br \/>\n <\/strong><br \/>\n \u00ab\u00a0, explique John Plassard.<\/p>\n","protected":false},"excerpt":{"rendered":"Lors de son lancement en 1999, la monnaie unique europ\u00e9enne \u00e9tait fix\u00e9e \u00e0 1,17 dollar. ( AFP \/&hellip;\n","protected":false},"author":2,"featured_media":694889,"comment_status":"","ping_status":"","sticky":false,"template":"","format":"standard","meta":{"footnotes":""},"categories":[6],"tags":[400,398,408,35,405,33,34,1011,27,403,402,399,404,401,406,407],"class_list":{"0":"post-694888","1":"post","2":"type-post","3":"status-publish","4":"format-standard","5":"has-post-thumbnail","7":"category-economie","8":"tag-action-cac-40","9":"tag-bourse-de-paris","10":"tag-boursorama","11":"tag-business","12":"tag-cotations","13":"tag-economie","14":"tag-economy","15":"tag-fr","16":"tag-france","17":"tag-indices-devises","18":"tag-investir","19":"tag-investissement","20":"tag-marche-boursier","21":"tag-sicav","22":"tag-trackers","23":"tag-warrants"},"share_on_mastodon":{"url":"","error":""},"_links":{"self":[{"href":"https:\/\/www.europesays.com\/fr\/wp-json\/wp\/v2\/posts\/694888","targetHints":{"allow":["GET"]}}],"collection":[{"href":"https:\/\/www.europesays.com\/fr\/wp-json\/wp\/v2\/posts"}],"about":[{"href":"https:\/\/www.europesays.com\/fr\/wp-json\/wp\/v2\/types\/post"}],"author":[{"embeddable":true,"href":"https:\/\/www.europesays.com\/fr\/wp-json\/wp\/v2\/users\/2"}],"replies":[{"embeddable":true,"href":"https:\/\/www.europesays.com\/fr\/wp-json\/wp\/v2\/comments?post=694888"}],"version-history":[{"count":0,"href":"https:\/\/www.europesays.com\/fr\/wp-json\/wp\/v2\/posts\/694888\/revisions"}],"wp:featuredmedia":[{"embeddable":true,"href":"https:\/\/www.europesays.com\/fr\/wp-json\/wp\/v2\/media\/694889"}],"wp:attachment":[{"href":"https:\/\/www.europesays.com\/fr\/wp-json\/wp\/v2\/media?parent=694888"}],"wp:term":[{"taxonomy":"category","embeddable":true,"href":"https:\/\/www.europesays.com\/fr\/wp-json\/wp\/v2\/categories?post=694888"},{"taxonomy":"post_tag","embeddable":true,"href":"https:\/\/www.europesays.com\/fr\/wp-json\/wp\/v2\/tags?post=694888"}],"curies":[{"name":"wp","href":"https:\/\/api.w.org\/{rel}","templated":true}]}}