{"id":694894,"date":"2026-01-28T11:46:11","date_gmt":"2026-01-28T11:46:11","guid":{"rendered":"https:\/\/www.europesays.com\/fr\/694894\/"},"modified":"2026-01-28T11:46:11","modified_gmt":"2026-01-28T11:46:11","slug":"donald-trump-assure-quune-deuxieme-armada-se-dirige-vers-liran","status":"publish","type":"post","link":"https:\/\/www.europesays.com\/fr\/694894\/","title":{"rendered":"Donald Trump assure qu\u2019une \u00abdeuxi\u00e8me armada\u00bb se dirige vers l\u2019Iran"},"content":{"rendered":"<p>\n    Un groupe a\u00e9ronaval, form\u00e9 autour du porte-avions USS Abraham Lincoln, est d\u00e9j\u00e0 arriv\u00e9 dans le golfe Persique, mais le pr\u00e9sident am\u00e9ricain renforce encore la pression sur la R\u00e9publique islamique.<\/p>\n<p class=\"fig-paragraph\">Donald Trump continue de mettre la pression \u00e0 l\u2019Iran. \u00abIl y a une autre<a href=\"http:\/\/www.lefigaro.fr\/international\/iran-donald-trump-affirme-qu-une-armada-navale-americaine-est-en-route-pour-le-golfe-persique-20260123\" target=\"_blank\" data-fig-type=\"NewsFlash\" rel=\"noopener\" data-gtm-custom-categorie=\"navigation\" data-gtm-custom-action=\"crossclick\" data-gtm-custom-label=\"Contextuel\" data-gtm-event=\"customEventSPE\" data-fig-domain=\"LEFIGARO\">\u00a0belle armada<\/a> \u00a0qui flotte magnifiquement vers l\u2019Iran en ce moment. [&#8230;] J\u2019esp\u00e8re qu\u2019ils parviendront \u00e0 un accord. Ils auraient d\u00fb en conclure un la premi\u00e8re fois qu\u2019ils en avaient l\u2019occasion\u00bb, a-t-il lanc\u00e9 mardi 27 janvier lors d\u2019un rassemblement \u00e0 Clive, dans l\u2019Iowa. \u00abEn juin, nous avons an\u00e9anti la capacit\u00e9 nucl\u00e9aire de l\u2019Iran lors de l\u2019op\u00e9ration Midnight Hammer\u00bb, a-t-il ajout\u00e9. Le pr\u00e9sident am\u00e9ricain n\u2019a pas donn\u00e9 de d\u00e9tails sur la composition de cette flotte. Impossible d\u2019en trouver la trace dans les diff\u00e9rents outils de renseignement en source ouverte (ROSO ou OSINT en anglais)<\/p>\n<p class=\"fig-paragraph\">Cependant, un premier groupe a\u00e9ronaval, form\u00e9 autour du porte-avions USS Abraham Lincoln, est bien arriv\u00e9 dans le golfe Persique. Celui-ci a appareill\u00e9 de San Diego, son port d\u2019attache, en novembre. Sa destination finale n\u2019avait pas &#8211; et n\u2019a toujours pas &#8211; \u00e9t\u00e9 annonc\u00e9e par le secr\u00e9tariat \u00e0 la Guerre. Il a crois\u00e9 au large de la mer de Chine m\u00e9ridionale durant l\u2019hiver, se livrant \u00e0 des exercices de tir r\u00e9el ou de ravitaillement en mer.<\/p>\n<p>                                            <a class=\"fig-a11y-skip\" href=\"#fig-a11y-skip-main-inarticle\" data-module=\"a11y-skip\" data-context=\"was @visible\"><br \/>\n    Passer la publicit\u00e9<br \/>\n<\/a>            <\/p>\n<p class=\"fig-paragraph\">\u00c0 bord, il a embarqu\u00e9 le Carrier Air Wing 9 &#8211; une escadre a\u00e9rienne de la marine am\u00e9ricaine &#8211; compos\u00e9e de chasseurs F\/A-18E Super Hornet, d\u2019avions de surveillance Hawkeye, d\u2019avion de guerre \u00e9lectronique EA-18G Growler et de F-35C. Il poss\u00e8de \u00e9galement des h\u00e9licopt\u00e8res MH\u201160R\/S Seahawks. Par ailleurs, comme tout groupe a\u00e9ronaval, il est accompagn\u00e9 de plusieurs b\u00e2timents. Au moins trois destroyers &#8211; USS Spruance (DDG-111), USS Michael Murphy (DDG-112) et USS Frank E. Petersen Jr. (DDG-121) voguent \u00e0 ses c\u00f4t\u00e9s, pouvant fournir une couverture, mais aussi une capacit\u00e9 de frappes via\u00a0les missiles Tomahawk emport\u00e9s \u00e0 bord.<\/p>\n<p class=\"fig-body-link\">\n            \u00c0 lire aussi<br \/>\n        <a class=\"fig-body-link__link\" href=\"http:\/\/www.lefigaro.fr\/international\/menaces-de-trump-contre-l-iran-ce-que-l-on-sait-de-l-armada-americaine-en-route-pour-le-golfe-persique-20260123\" target=\"_blank\" data-fig-type=\"Article\" rel=\"noopener\" data-gtm-custom-categorie=\"navigation\" data-gtm-custom-action=\"crossclick\" data-gtm-custom-label=\"Contextuel\" data-gtm-event=\"customEventSPE\" data-fig-domain=\"LEFIGARO\"><\/p>\n<p>        Menaces de Trump contre l\u2019Iran\u00a0: ce que l&rsquo;on sait de l&rsquo;\u00abarmada\u00bb am\u00e9ricaine en route pour le golfe Persique<br \/>\n    <\/a>\n<\/p>\n<p class=\"fig-paragraph\">Plusieurs villes d\u2019Iran\u00a0<a href=\"http:\/\/www.lefigaro.fr\/international\/dossier\/manifestations-en-iran-et-repression-sanglante-notre-dossier-pour-tout-comprendre-a-la-mobilisation-du-peuple\" target=\"_blank\" data-fig-type=\"Topic\" rel=\"noopener\" data-gtm-custom-categorie=\"navigation\" data-gtm-custom-action=\"crossclick\" data-gtm-custom-label=\"Contextuel\" data-gtm-event=\"customEventSPE\" data-fig-domain=\"LEFIGARO\">sont secou\u00e9es par des manifestations<\/a>\u00a0depuis le 28 d\u00e9cembre, culminant le 8 janvier dernier avec des slogans ouvertement hostiles au pouvoir en place, qui les a f\u00e9rocement r\u00e9prim\u00e9es. Certaines sources \u00e9voquent d\u00e9sormais le chiffre de\u00a0<a href=\"http:\/\/www.lefigaro.fr\/international\/iran-avec-plus-de-30-000-morts-selon-certaines-sources-la-repression-serait-l-une-des-plus-meurtrieres-du-21e-siecle-20260127\" target=\"_blank\" data-fig-type=\"Article\" rel=\"noopener\" data-gtm-custom-categorie=\"navigation\" data-gtm-custom-action=\"crossclick\" data-gtm-custom-label=\"Contextuel\" data-gtm-event=\"customEventSPE\" data-fig-domain=\"LEFIGARO\">30.000 morts<\/a>. Washington lui avait conseill\u00e9 la mod\u00e9ration sans quoi il s\u2019exposait \u00e0 des repr\u00e9sailles. Finalement, le pr\u00e9sident am\u00e9ricain\u00a0<a href=\"http:\/\/www.lefigaro.fr\/international\/les-tueries-en-iran-ont-pris-fin-donald-trump-cherche-une-porte-de-sortie-mais-laisse-planer-la-menace-d-une-intervention-americaine-20260115\" target=\"_blank\" data-fig-type=\"NewsFlash\" rel=\"noopener\" data-gtm-custom-categorie=\"navigation\" data-gtm-custom-action=\"crossclick\" data-gtm-custom-label=\"Contextuel\" data-gtm-event=\"customEventSPE\" data-fig-domain=\"LEFIGARO\">avait annonc\u00e9 que les \u00abtueries\u00bb<\/a> \u00a0avaient pris fin \u00e0 la mi-janvier. Plusieurs \u00c9tats, alli\u00e9s des \u00c9tats-Unis, comme l\u2019Arabie saoudite ou les \u00c9mirats arabes unis ont publiquement annonc\u00e9 ne pas vouloir participer \u00e0 des frappes contre le r\u00e9gime des Mollahs, craignant une d\u00e9stabilisation de la r\u00e9gion. Pourtant, mardi, les \u00c9tats-Unis ont annonc\u00e9 vouloir conduire un exercice a\u00e9rien de plusieurs jours au Moyen-Orient.<\/p>\n<p class=\"fig-paragraph\">\u00abCette fois, nous traiterons toute attaque \u2013 limit\u00e9e, illimit\u00e9e, chirurgicale, cin\u00e9tique, peu importe comment ils l\u2019appellent \u2013 comme une guerre totale contre nous, et nous r\u00e9pondrons de la mani\u00e8re la plus dure possible pour r\u00e9gler cela\u00bb, a fait savoir un haut responsable iranien \u00e0 Reuters. \u00abNous esp\u00e9rons que ce d\u00e9ploiement militaire n\u2019est pas destin\u00e9 \u00e0 une confrontation r\u00e9elle mais nos forces arm\u00e9es sont pr\u00eates au pire\u00bb, a-t-il ajout\u00e9.<\/p>\n","protected":false},"excerpt":{"rendered":"Un groupe a\u00e9ronaval, form\u00e9 autour du porte-avions USS Abraham Lincoln, est d\u00e9j\u00e0 arriv\u00e9 dans le golfe Persique, mais&hellip;\n","protected":false},"author":2,"featured_media":694895,"comment_status":"","ping_status":"","sticky":false,"template":"","format":"standard","meta":{"footnotes":""},"categories":[2],"tags":[11,75,1011,27,3019,12],"class_list":{"0":"post-694894","1":"post","2":"type-post","3":"status-publish","4":"format-standard","5":"has-post-thumbnail","7":"category-actualites","8":"tag-actualites","9":"tag-donald-trump","10":"tag-fr","11":"tag-france","12":"tag-iran","13":"tag-news"},"share_on_mastodon":{"url":"https:\/\/pubeurope.com\/@fr\/115972563553737012","error":""},"_links":{"self":[{"href":"https:\/\/www.europesays.com\/fr\/wp-json\/wp\/v2\/posts\/694894","targetHints":{"allow":["GET"]}}],"collection":[{"href":"https:\/\/www.europesays.com\/fr\/wp-json\/wp\/v2\/posts"}],"about":[{"href":"https:\/\/www.europesays.com\/fr\/wp-json\/wp\/v2\/types\/post"}],"author":[{"embeddable":true,"href":"https:\/\/www.europesays.com\/fr\/wp-json\/wp\/v2\/users\/2"}],"replies":[{"embeddable":true,"href":"https:\/\/www.europesays.com\/fr\/wp-json\/wp\/v2\/comments?post=694894"}],"version-history":[{"count":0,"href":"https:\/\/www.europesays.com\/fr\/wp-json\/wp\/v2\/posts\/694894\/revisions"}],"wp:featuredmedia":[{"embeddable":true,"href":"https:\/\/www.europesays.com\/fr\/wp-json\/wp\/v2\/media\/694895"}],"wp:attachment":[{"href":"https:\/\/www.europesays.com\/fr\/wp-json\/wp\/v2\/media?parent=694894"}],"wp:term":[{"taxonomy":"category","embeddable":true,"href":"https:\/\/www.europesays.com\/fr\/wp-json\/wp\/v2\/categories?post=694894"},{"taxonomy":"post_tag","embeddable":true,"href":"https:\/\/www.europesays.com\/fr\/wp-json\/wp\/v2\/tags?post=694894"}],"curies":[{"name":"wp","href":"https:\/\/api.w.org\/{rel}","templated":true}]}}