{"id":694896,"date":"2026-01-28T11:47:11","date_gmt":"2026-01-28T11:47:11","guid":{"rendered":"https:\/\/www.europesays.com\/fr\/694896\/"},"modified":"2026-01-28T11:47:11","modified_gmt":"2026-01-28T11:47:11","slug":"loire-la-premiere-femme-a-integrer-lecole-des-mines-de-saint-etienne-honoree-sur-la-tour-eiffel","status":"publish","type":"post","link":"https:\/\/www.europesays.com\/fr\/694896\/","title":{"rendered":"Loire. La premi\u00e8re femme \u00e0 int\u00e9grer l\u2019\u00c9cole des Mines de Saint-\u00c9tienne honor\u00e9e sur la tour Eiffel"},"content":{"rendered":"<p>Elle s\u2019appelle Anne-Marcelle\u00a0Schrameck. Elle fait partie des 72 femmes scientifiques dont le nom sera inscrit sur la frise de la tour Eiffel o\u00f9 figurent d\u00e9j\u00e0 ceux de scientifiques, que des hommes, que Gustave Eiffel avait fait graver \u00e0 la construction du monument.<\/p>\n<p>Les noms de ces dames illustres \u2013 qui doivent \u00eatre soumis aux Acad\u00e9mies des sciences, des technologies et de la m\u00e9decine pour validation \u2013 ont \u00e9t\u00e9 annonc\u00e9s, lundi par la maire de Paris, <a href=\"https:\/\/www.leprogres.fr\/p\/anne-hidalgo\" target=\"_blank\" rel=\"noopener\">Anne Hidalgo<\/a>.<\/p>\n<p>  Elle r\u00e9ussit \u00e0 rejoindre la France libre \u00e0 Londres<\/p>\n<p>Si aucune Lig\u00e9rienne n\u2019en fait partie, Anne-Marcelle Kahn (1898-1965), n\u00e9e \u00e0 Paris dans une famille d\u2019origine alsacienne, a une histoire avec le d\u00e9partement, et plus pr\u00e9cis\u00e9ment avec Saint-\u00c9tienne. Elle fut la premi\u00e8re femme \u00e0 int\u00e9grer <a href=\"https:\/\/www.leprogres.fr\/economie\/2026\/01\/24\/ecole-des-mines-un-campus-du-futur-a-36-millions-d-euros\" target=\"_blank\" rel=\"noopener\">l\u2019\u00c9cole des Mines st\u00e9phanoise<\/a> au terme de longues n\u00e9gociations, car l\u2019\u00e9tablissement \u00e9tait r\u00e9ticent \u00e0 l\u2019accueillir et il a fallu en modifier le r\u00e8glement pour y admettre les femmes.<\/p>\n<p>Apr\u00e8s l\u2019obtention de son dipl\u00f4me d\u2019ing\u00e9nieure en 1919, Anne Marcelle Schrameck travaille dans une usine de produits chimiques en Lorraine avant d\u2019\u00e9pouse en 1922 l\u2019amiral Louis Kahn, qu\u2019elle suivra \u00e0 Brest puis Sa\u00efgon. Son mari \u00e9vinc\u00e9 de l\u2019arm\u00e9e en 1941 parce que juif, elle r\u00e9ussit \u00e0 rejoindre la France libre \u00e0 Londres en 1943 puis l\u2019Espagne avec\u00a0ses deux enfants sous une fausse identit\u00e9.<\/p>\n<p>Apr\u00e8s la Lib\u00e9ration, elle occupera des fonctions administratives \u00e0 Alger puis au minist\u00e8re des Affaires \u00e9trang\u00e8res \u00e0 Paris, o\u00f9 elle d\u00e9c\u00e9dera en 1965.<\/p>\n","protected":false},"excerpt":{"rendered":"Elle s\u2019appelle Anne-Marcelle\u00a0Schrameck. Elle fait partie des 72 femmes scientifiques dont le nom sera inscrit sur la frise&hellip;\n","protected":false},"author":2,"featured_media":694897,"comment_status":"","ping_status":"","sticky":false,"template":"","format":"standard","meta":{"footnotes":""},"categories":[9653],"tags":[1111,11,2430,7539,1777,674,1011,27,937,3367,12,25,4001,7538,10806,104],"class_list":{"0":"post-694896","1":"post","2":"type-post","3":"status-publish","4":"format-standard","5":"has-post-thumbnail","7":"category-saint-etienne","8":"tag-actu","9":"tag-actualites","10":"tag-auvergne-rhone-alpes","11":"tag-edition-loire-sud","12":"tag-eu","13":"tag-europe","14":"tag-fr","15":"tag-france","16":"tag-histoire","17":"tag-loire","18":"tag-news","19":"tag-republique-francaise","20":"tag-saint-etienne","21":"tag-saint-etienne-ville","22":"tag-selection-de-la-redaction-42","23":"tag-societe"},"share_on_mastodon":{"url":"https:\/\/pubeurope.com\/@fr\/115972567492312215","error":""},"_links":{"self":[{"href":"https:\/\/www.europesays.com\/fr\/wp-json\/wp\/v2\/posts\/694896","targetHints":{"allow":["GET"]}}],"collection":[{"href":"https:\/\/www.europesays.com\/fr\/wp-json\/wp\/v2\/posts"}],"about":[{"href":"https:\/\/www.europesays.com\/fr\/wp-json\/wp\/v2\/types\/post"}],"author":[{"embeddable":true,"href":"https:\/\/www.europesays.com\/fr\/wp-json\/wp\/v2\/users\/2"}],"replies":[{"embeddable":true,"href":"https:\/\/www.europesays.com\/fr\/wp-json\/wp\/v2\/comments?post=694896"}],"version-history":[{"count":0,"href":"https:\/\/www.europesays.com\/fr\/wp-json\/wp\/v2\/posts\/694896\/revisions"}],"wp:featuredmedia":[{"embeddable":true,"href":"https:\/\/www.europesays.com\/fr\/wp-json\/wp\/v2\/media\/694897"}],"wp:attachment":[{"href":"https:\/\/www.europesays.com\/fr\/wp-json\/wp\/v2\/media?parent=694896"}],"wp:term":[{"taxonomy":"category","embeddable":true,"href":"https:\/\/www.europesays.com\/fr\/wp-json\/wp\/v2\/categories?post=694896"},{"taxonomy":"post_tag","embeddable":true,"href":"https:\/\/www.europesays.com\/fr\/wp-json\/wp\/v2\/tags?post=694896"}],"curies":[{"name":"wp","href":"https:\/\/api.w.org\/{rel}","templated":true}]}}