{"id":694915,"date":"2026-01-28T11:58:11","date_gmt":"2026-01-28T11:58:11","guid":{"rendered":"https:\/\/www.europesays.com\/fr\/694915\/"},"modified":"2026-01-28T11:58:11","modified_gmt":"2026-01-28T11:58:11","slug":"grenoble-kraken-nouveau-supercalculateur-dedie-a-la-recherche","status":"publish","type":"post","link":"https:\/\/www.europesays.com\/fr\/694915\/","title":{"rendered":"Grenoble: Kraken, nouveau supercalculateur d\u00e9di\u00e9 \u00e0 la recherche"},"content":{"rendered":"<p><a href=\"https:\/\/www.europesays.com\/fr\/wp-content\/uploads\/2026\/01\/inauguration-kraken-maureen-dufournet-placegrenet4-scaled.jpg\"><img fetchpriority=\"high\" decoding=\"async\" aria-describedby=\"caption-attachment-670284\" class=\"size-full wp-image-670284\" src=\"data:image\/svg+xml,%3Csvg%20xmlns=\" http:=\"\" alt=\"Inauguration supercalculateur Kraken. \u00a9 Maureen Dufournet - Place Gre'net\" width=\"2048\" height=\"1152\" data-lazy- data-lazy- data-lazy-src=\"https:\/\/www.europesays.com\/fr\/wp-content\/uploads\/2026\/01\/inauguration-kraken-maureen-dufournet-placegrenet4-scaled.jpg\"\/><\/a><\/p>\n<p id=\"caption-attachment-670284\" class=\"wp-caption-text\">Inauguration du super\u00adcal\u00adcu\u00adla\u00adteur Kraken sur le site du Laboratoire de phy\u00adsique sub\u00adato\u00admique et de cos\u00admo\u00adlo\u00adgie, au\u00a0c\u0153ur de la pres\u00adqu\u2019\u00eele scien\u00adti\u00adfique de Grenoble. \u00a9 Maureen Dufournet \u2013 Place Gre\u2019net<\/p>\n<p>Co-financ\u00e9 par l\u2019\u00c9tat, la R\u00e9gion Auvergne-Rh\u00f4ne-Alpes, Grenoble-Alpes M\u00e9tropole et l\u2019Union euro\u00adp\u00e9enne, Kraken est le fruit d\u2019une col\u00adla\u00adbo\u00adra\u00adtion entre l\u2019Universit\u00e9 Grenoble Alpes, Grenoble INP-UGA, le <a href=\"https:\/\/www.grenoble.cnrs.fr\" rel=\"nofollow noopener\" target=\"_blank\">CNRS<\/a> et l\u2019Institut natio\u00adnal de recherche en sciences et tech\u00adno\u00adlo\u00adgies du num\u00e9\u00adrique (Inria). \u00c0 pr\u00e9\u00adsent, tous les cher\u00adcheurs de la r\u00e9gion gre\u00adno\u00adbloise vont pou\u00advoir aug\u00admen\u00adter leur capa\u00adcit\u00e9 de cal\u00adculs gr\u00e2ce \u00e0 ce nou\u00advel\u00a0outil.<\/p>\n<p>\u00ab\u00a0Les besoins en simu\u00adla\u00adtion et en cal\u00adculs ne cessent de cro\u00eetre dans de nom\u00adbreux domaines, et l\u2019ex\u00adplo\u00adsion de l\u2019in\u00adtel\u00adli\u00adgence arti\u00adfi\u00adcielle ampli\u00adfie ces besoins expo\u00adnen\u00adtiels\u00a0\u00bb, sou\u00adligne Fr\u00e9d\u00e9ric Desprez, direc\u00adteur de l\u2019<a href=\"https:\/\/www.inria.fr\/fr\" rel=\"nofollow noopener\" target=\"_blank\">Inria<\/a>.<\/p>\n<p>\u00ab\u00a0Il est essen\u00adtiel de four\u00adnir aux cher\u00adcheuses et aux cher\u00adcheurs les moyens de mener leurs tra\u00advaux, tant en puis\u00adsance de cal\u00adcul qu\u2019en sto\u00adckage, pour res\u00adter \u00e0 la pointe de la recherche dans ces domaines cl\u00e9s\u00a0\u00bb, pour\u00adsuit-il. L\u2019inauguration, qui a r\u00e9uni les acteurs locaux, marque ainsi une \u00e9tape impor\u00adtante pour la recherche grenobloise.<\/p>\n","protected":false},"excerpt":{"rendered":"Inauguration du super\u00adcal\u00adcu\u00adla\u00adteur Kraken sur le site du Laboratoire de phy\u00adsique sub\u00adato\u00admique et de cos\u00admo\u00adlo\u00adgie, au\u00a0c\u0153ur de la&hellip;\n","protected":false},"author":2,"featured_media":694916,"comment_status":"","ping_status":"","sticky":false,"template":"","format":"standard","meta":{"footnotes":"","_share_on_mastodon":"0"},"categories":[9566],"tags":[1111,11,2430,79049,79050,1777,674,1011,27,2731,79051,79052,5206,12,25,22648,23907],"class_list":["post-694915","post","type-post","status-publish","format-standard","has-post-thumbnail","category-grenoble","tag-actu","tag-actualites","tag-auvergne-rhone-alpes","tag-cinaura-kraken","tag-cnrs-grenoble","tag-eu","tag-europe","tag-fr","tag-france","tag-grenoble","tag-gricad","tag-inp-uga","tag-inria","tag-news","tag-republique-francaise","tag-supercalculateur","tag-uga"],"share_on_mastodon":{"url":"https:\/\/pubeurope.com\/@fr\/115972610730182208","error":""},"_links":{"self":[{"href":"https:\/\/www.europesays.com\/fr\/wp-json\/wp\/v2\/posts\/694915","targetHints":{"allow":["GET"]}}],"collection":[{"href":"https:\/\/www.europesays.com\/fr\/wp-json\/wp\/v2\/posts"}],"about":[{"href":"https:\/\/www.europesays.com\/fr\/wp-json\/wp\/v2\/types\/post"}],"author":[{"embeddable":true,"href":"https:\/\/www.europesays.com\/fr\/wp-json\/wp\/v2\/users\/2"}],"replies":[{"embeddable":true,"href":"https:\/\/www.europesays.com\/fr\/wp-json\/wp\/v2\/comments?post=694915"}],"version-history":[{"count":0,"href":"https:\/\/www.europesays.com\/fr\/wp-json\/wp\/v2\/posts\/694915\/revisions"}],"wp:featuredmedia":[{"embeddable":true,"href":"https:\/\/www.europesays.com\/fr\/wp-json\/wp\/v2\/media\/694916"}],"wp:attachment":[{"href":"https:\/\/www.europesays.com\/fr\/wp-json\/wp\/v2\/media?parent=694915"}],"wp:term":[{"taxonomy":"category","embeddable":true,"href":"https:\/\/www.europesays.com\/fr\/wp-json\/wp\/v2\/categories?post=694915"},{"taxonomy":"post_tag","embeddable":true,"href":"https:\/\/www.europesays.com\/fr\/wp-json\/wp\/v2\/tags?post=694915"}],"curies":[{"name":"wp","href":"https:\/\/api.w.org\/{rel}","templated":true}]}}