{"id":69492,"date":"2025-05-02T14:13:09","date_gmt":"2025-05-02T14:13:09","guid":{"rendered":"https:\/\/www.europesays.com\/fr\/69492\/"},"modified":"2025-05-02T14:13:09","modified_gmt":"2025-05-02T14:13:09","slug":"le-chanteur-michael-bolton-raconte-sa-bataille-contre-un-cancer-du-cerveau-agressif","status":"publish","type":"post","link":"https:\/\/www.europesays.com\/fr\/69492\/","title":{"rendered":"Le chanteur Michael Bolton raconte sa bataille contre un cancer du cerveau agressif"},"content":{"rendered":"<p> \u00abTr\u00e8s vite entra\u00een\u00e9 dans un duel\u00a0\u00bb. Michael Bolton, connu pour ses tubes How am I supposed to live without you ou encore I said I love you\u2026 but I lied, a \u00e9t\u00e9 diagnostiqu\u00e9 d\u2019un <a href=\"https:\/\/www.20minutes.fr\/sante\/4143317-20250315-cancer-pourquoi-tumeurs-agressives-cerveau-progressent-elles-plus-chez-jeunes\" target=\"_blank\" class=\"color-ultramarine c-link\" rel=\"noopener\">glioblastome<\/a>, une tumeur au cerveau agressive op\u00e9r\u00e9e en urgence, en d\u00e9cembre\u00a02023. Le chanteur de 72 ans \u00e9voque son combat contre la maladie dans le <a href=\"https:\/\/www.instagram.com\/p\/DJEfHhROS-R\/?utm_source=ig_embed\" rel=\"nofollow noopener\" target=\"_blank\" class=\"color-ultramarine c-link\">magazine People<\/a>.<\/p>\n<p>Sa m\u00e9moire, sa parole et sa mobilit\u00e9 affect\u00e9es<\/p>\n<p>\u00ab\u00a0On puise dans ses ressources et sa d\u00e9termination comme on ne l\u2019aurait jamais imagin\u00e9\u00a0\u00bb, a assur\u00e9 Michael Bolton \u00e0 nos confr\u00e8res am\u00e9ricains. En janvier dernier, l\u2019artiste, qui avait d\u00fb annuler sa tourn\u00e9e pour des raisons de sant\u00e9, a subi une seconde op\u00e9ration au cerveau, en raison d\u2019une infection. \u00ab\u00a0C\u00e9der \u00e0 la difficult\u00e9 n\u2019est pas une option, a-t-il d\u00e9clar\u00e9. Vous \u00eates tr\u00e8s vite entra\u00een\u00e9 dans un duel. Je suppose que c\u2019est ainsi que l\u2019on d\u00e9couvre de quoi on est fait.\u00a0\u00bb<\/p>\n<p>Le chanteur aux 75\u00a0millions de disques vendus voit sa m\u00e9moire \u00e0 court terme, sa parole et sa mobilit\u00e9 affect\u00e9es par les traitements. \u00ab\u00a0Quand on se retrouve dans une situation difficile, le simple fait de savoir qu\u2019on n\u2019est pas seul \u00e0 la traverser est un moment important, poursuit-il. \u00c7a aide vraiment les gens de savoir. \u00c7a leur rappelle qu\u2019ils ne sont pas seuls\u00a0\u00bb. L\u2019artiste aux deux <a href=\"https:\/\/www.20minutes.fr\/dossier\/grammy_awards\" class=\"color-ultramarine c-link\" target=\"_blank\" rel=\"noopener\">Grammy Awards<\/a> se r\u00e9jouit de pouvoir compter sur le soutien de ses trois filles et de ses six petits-enfants.<\/p>\n<p>La tumeur la plus \u00ab\u00a0agressive, invasive et mortelle\u00a0\u00bb<\/p>\n<p>A 72 ans, Michael Bolton planche sur un nouveau morceau Ain\u2019t Going Down Without a Fight (Je ne partirai pas sans me battre, en fran\u00e7ais). Ses derniers examens effectu\u00e9s le mois dernier se veulent rassurants, l\u2019artiste reste sous surveillance.<\/p>\n<\/p>\n<p>L\u2019<a href=\"https:\/\/www.20minutes.fr\/dossier\/institut_pasteur\" class=\"color-ultramarine c-link\" target=\"_blank\" rel=\"noopener\">Institut Pasteur<\/a> indique que le glioblastome est la tumeur du cerveau la plus \u00ab\u00a0agressive, invasive et mortelle\u00a0\u00bb. \u00ab\u00a0Forme incurable de <a href=\"https:\/\/www.20minutes.fr\/dossier\/cancer\" class=\"color-ultramarine c-link\" target=\"_blank\" rel=\"noopener\">cancer<\/a>, sa survie m\u00e9diane est de 14,6 mois. Malgr\u00e9 les traitements actuels, reposant sur une chirurgie suivie d\u2019une radioth\u00e9rapie et d\u2019une chimioth\u00e9rapie concomitantes, la rechute de GBM est presque in\u00e9vitable\u00a0\u00bb, d\u00e9taille l\u2019Institut Pasteur.<\/p>\n<p><script async src=\"\/\/www.instagram.com\/embed.js\"><\/script><\/p>\n","protected":false},"excerpt":{"rendered":"\u00abTr\u00e8s vite entra\u00een\u00e9 dans un duel\u00a0\u00bb. Michael Bolton, connu pour ses tubes How am I supposed to live&hellip;\n","protected":false},"author":2,"featured_media":69493,"comment_status":"","ping_status":"","sticky":false,"template":"","format":"standard","meta":{"footnotes":""},"categories":[1355],"tags":[101,1695,58,59,73,1011,27,17169,226,1361,873,973],"class_list":{"0":"post-69492","1":"post","2":"type-post","3":"status-publish","4":"format-standard","5":"has-post-thumbnail","7":"category-musique","8":"tag-cancer","9":"tag-chanson","10":"tag-divertissement","11":"tag-entertainment","12":"tag-etats-unis","13":"tag-fr","14":"tag-france","15":"tag-institut-pasteur","16":"tag-maladie","17":"tag-music","18":"tag-musique","19":"tag-people"},"share_on_mastodon":{"url":"https:\/\/pubeurope.com\/@fr\/114438655594346464","error":""},"_links":{"self":[{"href":"https:\/\/www.europesays.com\/fr\/wp-json\/wp\/v2\/posts\/69492","targetHints":{"allow":["GET"]}}],"collection":[{"href":"https:\/\/www.europesays.com\/fr\/wp-json\/wp\/v2\/posts"}],"about":[{"href":"https:\/\/www.europesays.com\/fr\/wp-json\/wp\/v2\/types\/post"}],"author":[{"embeddable":true,"href":"https:\/\/www.europesays.com\/fr\/wp-json\/wp\/v2\/users\/2"}],"replies":[{"embeddable":true,"href":"https:\/\/www.europesays.com\/fr\/wp-json\/wp\/v2\/comments?post=69492"}],"version-history":[{"count":0,"href":"https:\/\/www.europesays.com\/fr\/wp-json\/wp\/v2\/posts\/69492\/revisions"}],"wp:featuredmedia":[{"embeddable":true,"href":"https:\/\/www.europesays.com\/fr\/wp-json\/wp\/v2\/media\/69493"}],"wp:attachment":[{"href":"https:\/\/www.europesays.com\/fr\/wp-json\/wp\/v2\/media?parent=69492"}],"wp:term":[{"taxonomy":"category","embeddable":true,"href":"https:\/\/www.europesays.com\/fr\/wp-json\/wp\/v2\/categories?post=69492"},{"taxonomy":"post_tag","embeddable":true,"href":"https:\/\/www.europesays.com\/fr\/wp-json\/wp\/v2\/tags?post=69492"}],"curies":[{"name":"wp","href":"https:\/\/api.w.org\/{rel}","templated":true}]}}