{"id":694929,"date":"2026-01-28T12:06:13","date_gmt":"2026-01-28T12:06:13","guid":{"rendered":"https:\/\/www.europesays.com\/fr\/694929\/"},"modified":"2026-01-28T12:06:13","modified_gmt":"2026-01-28T12:06:13","slug":"chambray-herite-de-nice-en-coupe-de-france","status":"publish","type":"post","link":"https:\/\/www.europesays.com\/fr\/694929\/","title":{"rendered":"Chambray h\u00e9rite de Nice en Coupe de France"},"content":{"rendered":"<p>\u00ab\u00a0On va se r\u00e9galer, avec plein de maths extraordinaires\u00a0!\u00a0\u00bb Philippe Bana, le pr\u00e9sident de la F\u00e9d\u00e9ration fran\u00e7aise de handball, a effectu\u00e9 le tirage au sort des quarts de finale de la Coupe de France de handball, ce 28\u00a0janvier 2026 en fin de matin\u00e9e.\u00a0Et le sort a pr\u00e9vu deux chocs entre les quatre \u00e9quipes actuellement en t\u00eate du championnat. En effet, Metz (2e) recevra Brest (1er) et Chambray (4e) accueillera Nice (3e), le 28\u00a0f\u00e9vrier prochain.<\/p>\n<p>\u00ab\u00a0Nice reste un gros morceau\u00a0\u00bb<\/p>\n<p>Pour les Chambraisiennes, historiquement malchanceuses au tirage, il s\u2019agit plut\u00f4t d\u2019une bonne nouvelle. Premi\u00e8rement, elles \u00e9vitent pour une fois les orges messin et brestois. \u00ab\u00a0Apr\u00e8s, Nice reste un gros morceau, qui est venu <a target=\"_blank\" href=\"https:\/\/www.lanouvellerepublique.fr\/indre-et-loire\/commune\/chambray-les-tours\/lbe-chambray-victime-d-un-ralentissement-force-et-defait-par-nice-1758750748\" rel=\"noopener\">gagner chez nous<\/a> en LBE, rappelle\u00a0Guillaume Marqu\u00e8s, le directeur g\u00e9n\u00e9ral du CTHB. Ce sera compliqu\u00e9 mais\u2026 jouable\u00a0!\u00a0\u00bb<\/p>\n<p>Deuxi\u00e8mement, les Chambraisiennes recevront, ce qui n\u2019est pas n\u00e9gligeable dans le contexte d\u2019un mois de f\u00e9vrier \u00e0 sept matchs\u00a0: \u00ab\u00a0On sortira alors de la phase de poules de la Ligue europ\u00e9enne et \u00e7a aurait \u00e9t\u00e9 emb\u00eatant de devoir faire un d\u00e9placement suppl\u00e9mentaire. On est \u00e9galement tr\u00e8s contents car cela faisait longtemps que l\u2019on n\u2019avait pas offert un quart de Coupe de France aux Chambraisiens. \u00c7a doit faire cinq ans que l\u2019on jouait syst\u00e9matiquement \u00e0 l\u2019ext\u00e9rieur\u2026\u00a0\u00bb Le public de la Fontaine Blanche va donc pouvoir \u00ab\u00a0se r\u00e9galer\u00a0\u00bb\u00a0!\ufeff<\/p>\n<p><strong>&gt;\u00a0Les quarts de finale\u00a0:<\/strong> Metz\u00a0&#8211; Brest, Dijon\u00a0&#8211; Saint-Amand, Chambray\u00a0&#8211; Nice, Paris 92\u00a0&#8211; Besan\u00e7on.<\/p>\n<p class=\"alireaussi\"><b>&gt;\u00a0Rejoignez la communaut\u00e9 NR\u00a0&#8211; Les sports en Touraine sur Facebook.<\/b><\/p>\n","protected":false},"excerpt":{"rendered":"\u00ab\u00a0On va se r\u00e9galer, avec plein de maths extraordinaires\u00a0!\u00a0\u00bb Philippe Bana, le pr\u00e9sident de la F\u00e9d\u00e9ration fran\u00e7aise de&hellip;\n","protected":false},"author":2,"featured_media":694930,"comment_status":"","ping_status":"","sticky":false,"template":"","format":"standard","meta":{"footnotes":""},"categories":[2819],"tags":[1392,1111,11,12891,14662,79063,1777,674,1011,27,1792,1387,12,2401,882,25,60],"class_list":{"0":"post-694929","1":"post","2":"type-post","3":"status-publish","4":"format-standard","5":"has-post-thumbnail","7":"category-nice","8":"tag-a-la-une-local","9":"tag-actu","10":"tag-actualites","11":"tag-chambray-touraine-handball","12":"tag-chambray-les-tours","13":"tag-coupe-de-france-handball","14":"tag-eu","15":"tag-europe","16":"tag-fr","17":"tag-france","18":"tag-handball","19":"tag-indre-et-loire","20":"tag-news","21":"tag-nice","22":"tag-provence-alpes-cote-dazur","23":"tag-republique-francaise","24":"tag-sports"},"share_on_mastodon":{"url":"https:\/\/pubeurope.com\/@fr\/115972642222295712","error":""},"_links":{"self":[{"href":"https:\/\/www.europesays.com\/fr\/wp-json\/wp\/v2\/posts\/694929","targetHints":{"allow":["GET"]}}],"collection":[{"href":"https:\/\/www.europesays.com\/fr\/wp-json\/wp\/v2\/posts"}],"about":[{"href":"https:\/\/www.europesays.com\/fr\/wp-json\/wp\/v2\/types\/post"}],"author":[{"embeddable":true,"href":"https:\/\/www.europesays.com\/fr\/wp-json\/wp\/v2\/users\/2"}],"replies":[{"embeddable":true,"href":"https:\/\/www.europesays.com\/fr\/wp-json\/wp\/v2\/comments?post=694929"}],"version-history":[{"count":0,"href":"https:\/\/www.europesays.com\/fr\/wp-json\/wp\/v2\/posts\/694929\/revisions"}],"wp:featuredmedia":[{"embeddable":true,"href":"https:\/\/www.europesays.com\/fr\/wp-json\/wp\/v2\/media\/694930"}],"wp:attachment":[{"href":"https:\/\/www.europesays.com\/fr\/wp-json\/wp\/v2\/media?parent=694929"}],"wp:term":[{"taxonomy":"category","embeddable":true,"href":"https:\/\/www.europesays.com\/fr\/wp-json\/wp\/v2\/categories?post=694929"},{"taxonomy":"post_tag","embeddable":true,"href":"https:\/\/www.europesays.com\/fr\/wp-json\/wp\/v2\/tags?post=694929"}],"curies":[{"name":"wp","href":"https:\/\/api.w.org\/{rel}","templated":true}]}}