{"id":694933,"date":"2026-01-28T12:08:17","date_gmt":"2026-01-28T12:08:17","guid":{"rendered":"https:\/\/www.europesays.com\/fr\/694933\/"},"modified":"2026-01-28T12:08:17","modified_gmt":"2026-01-28T12:08:17","slug":"le-journaliste-christophe-gleizes-condamne-en-algerie-nantes-en-soutien","status":"publish","type":"post","link":"https:\/\/www.europesays.com\/fr\/694933\/","title":{"rendered":"Le journaliste Christophe Gleizes condamn\u00e9 en Alg\u00e9rie : Nantes en soutien"},"content":{"rendered":"<p><img decoding=\"async\" class=\"\" style=\"width:100%\" src=\"https:\/\/www.europesays.com\/fr\/wp-content\/uploads\/2026\/01\/NANTES_CHRISTOPHE_GLEIZES1769599518223.jpg\" alt=\"Affiche de soutien, avec Bassem Asseh\"\/><\/p>\n<p>Affiche de soutien, avec Bassem Asseh (adjoint au maire de Nantes)<\/p>\n<p>Cr\u00e9dit : Lily l&rsquo;Abbaye<\/p>\n<p>Ce mercredi 28 janvier, la ville de Nantes a accroch\u00e9 une affiche, en soutien \u00e0 Christophe Gleizes, sur la fa\u00e7ade du M\u00e9dia Campus.\u00a0Le journaliste fran\u00e7ais a \u00e9t\u00e9 arr\u00eat\u00e9 en 2024 alors qu\u2019il se rendait \u00e0 l\u2019est d\u2019Alger pour r\u00e9aliser un article sur la <a href=\"https:\/\/hitwest.ouest-france.fr\/detention-de-christophe-gleizes-en-algerie-un-recruteur-du-fc-nantes-evoque-la-js-kabylie\" rel=\"noopener\" target=\"_blank\">Jeunesse Sportive de Kabylie<\/a> (JSK), le club de football le plus titr\u00e9 du pays. La justice alg\u00e9rienne lui reproche des contacts avec des personnes li\u00e9es au Mouvement pour l\u2019autod\u00e9termination de la Kabylie (MAK), class\u00e9 terroriste par les autorit\u00e9s.<\/p>\n<p>Il a \u00e9t\u00e9 condamn\u00e9 en appel, en d\u00e9cembre 2025, \u00e0 sept ans de prison ferme. Christophe Gleizes s\u2019est pourvu en cassation et esp\u00e8re obtenir un nouveau proc\u00e8s.<\/p>\n<p>\u00a0<\/p>\n<blockquote><p>\nLe soutien de la Ville de Nantes\n<\/p><\/blockquote>\n<p>\u00a0<\/p>\n<p>Pour la Ville de Nantes, <strong>cet affichage est un geste fort en faveur du journaliste, mais aussi de la libert\u00e9 de la presse. <\/strong>Comme l\u2019explique Bassem Asseh, premier adjoint au maire, le choix du M\u00e9dias Campus n\u2019est pas anodin : il permet de sensibiliser les jeunes et futurs reporters. \u00ab\u00a0Nous l&rsquo;avions d\u00e9j\u00e0 fait pour Olivier Dubois lorsqu&rsquo;il \u00e9tait pris en otage par un groupe terroriste. L&rsquo;affichage ici au M\u00e9dia Campus, \u00e0 l&rsquo;endroit m\u00eame o\u00f9 de futurs journalistes travaillent en tant qu&rsquo;\u00e9tudiants et peut-\u00eatre se pr\u00e9parent demain \u00e0 exercer ce m\u00e9tier, c&rsquo;est un \u00e9l\u00e9ment important.\u00a0<\/p>\n<p>Pour nous, la libert\u00e9 d&rsquo;expression, c&rsquo;est quelque chose qui est fondamental en d\u00e9mocratie et donc l&rsquo;aspiration d\u00e9mocratique des peuples, \u00e9videmment, se traduit aussi par le fait d&rsquo;exercer le m\u00e9tier de journaliste.\u00a0\u00bb<\/p>\n<blockquote><p>\nL\u2019importance de la libert\u00e9 de la presse\n<\/p><\/blockquote>\n<p>\u00a0<\/p>\n<p>Le Club de la presse de Nantes, compos\u00e9 d\u2019une centaine de journalistes, s\u2019est joint au rassemblement. Pour ses membres, il s\u2019agit \u00e0 la fois de d\u00e9noncer une atteinte \u00e0 la libert\u00e9 de la presse et d\u2019apporter un soutien moral au journaliste et \u00e0 ses proches.<\/p>\n<p>Pour Samuel Hauraix, co-pr\u00e9sident du Club de la presse local,\u00a0\u00bbfaire exister le sujet est un acte positif dans le fait de trouver une solution et de garder de l&rsquo;espoir, et surtout de ne pas \u00eatre en accord avec l&rsquo;id\u00e9e que Christophe Gleizes aille au bout de cette condamnation de 7 ans qui est compl\u00e8tement ubuesque. <\/p>\n<p>Il faut garder de l&rsquo;optimisme, et il faut aussi lui envoyer de l&rsquo;optimisme parce que cette mobilisation est tr\u00e8s importante pour qu&rsquo;il garde le moral.\u00a0\u00bb<\/p>\n<blockquote><p>\nUne mobilisation nationale au Bataclan\n<\/p><\/blockquote>\n<p>\u00a0<\/p>\n<p>La ville de Nantes n\u2019est pas la premi\u00e8re \u00e0 afficher son soutien, Bordeaux \u00e9galement.<\/p>\n<p>Demain jeudi 29 janvier, une<strong> soir\u00e9e de soutien \u00e0 Christophe Gleizes et \u00e0 la libert\u00e9 de la presse est organis\u00e9e au Bataclan,<\/strong> \u00e0 Paris, par Reporters sans fronti\u00e8res, en pr\u00e9sence notamment des artistes nantais Jeanne Cherhal et Elephanz.<\/p>\n","protected":false},"excerpt":{"rendered":"Affiche de soutien, avec Bassem Asseh (adjoint au maire de Nantes) Cr\u00e9dit : Lily l&rsquo;Abbaye Ce mercredi 28&hellip;\n","protected":false},"author":2,"featured_media":694934,"comment_status":"","ping_status":"","sticky":false,"template":"","format":"standard","meta":{"footnotes":""},"categories":[2818],"tags":[1111,11,35621,79064,1777,674,1011,27,766,12,2636,4048,25],"class_list":{"0":"post-694933","1":"post","2":"type-post","3":"status-publish","4":"format-standard","5":"has-post-thumbnail","7":"category-nantes","8":"tag-actu","9":"tag-actualites","10":"tag-christophe-gleizes","11":"tag-club-de-la-presse","12":"tag-eu","13":"tag-europe","14":"tag-fr","15":"tag-france","16":"tag-nantes","17":"tag-news","18":"tag-pays-de-la-loire","19":"tag-presse","20":"tag-republique-francaise"},"share_on_mastodon":{"url":"https:\/\/pubeurope.com\/@fr\/115972650152663210","error":""},"_links":{"self":[{"href":"https:\/\/www.europesays.com\/fr\/wp-json\/wp\/v2\/posts\/694933","targetHints":{"allow":["GET"]}}],"collection":[{"href":"https:\/\/www.europesays.com\/fr\/wp-json\/wp\/v2\/posts"}],"about":[{"href":"https:\/\/www.europesays.com\/fr\/wp-json\/wp\/v2\/types\/post"}],"author":[{"embeddable":true,"href":"https:\/\/www.europesays.com\/fr\/wp-json\/wp\/v2\/users\/2"}],"replies":[{"embeddable":true,"href":"https:\/\/www.europesays.com\/fr\/wp-json\/wp\/v2\/comments?post=694933"}],"version-history":[{"count":0,"href":"https:\/\/www.europesays.com\/fr\/wp-json\/wp\/v2\/posts\/694933\/revisions"}],"wp:featuredmedia":[{"embeddable":true,"href":"https:\/\/www.europesays.com\/fr\/wp-json\/wp\/v2\/media\/694934"}],"wp:attachment":[{"href":"https:\/\/www.europesays.com\/fr\/wp-json\/wp\/v2\/media?parent=694933"}],"wp:term":[{"taxonomy":"category","embeddable":true,"href":"https:\/\/www.europesays.com\/fr\/wp-json\/wp\/v2\/categories?post=694933"},{"taxonomy":"post_tag","embeddable":true,"href":"https:\/\/www.europesays.com\/fr\/wp-json\/wp\/v2\/tags?post=694933"}],"curies":[{"name":"wp","href":"https:\/\/api.w.org\/{rel}","templated":true}]}}