{"id":694955,"date":"2026-01-28T12:21:14","date_gmt":"2026-01-28T12:21:14","guid":{"rendered":"https:\/\/www.europesays.com\/fr\/694955\/"},"modified":"2026-01-28T12:21:14","modified_gmt":"2026-01-28T12:21:14","slug":"rixe-sanglante-entre-ados-squatteurs-voleurs-de-bijoux-et-jardins-rouverts-linfo-a-midi-en-ile-de-france","status":"publish","type":"post","link":"https:\/\/www.europesays.com\/fr\/694955\/","title":{"rendered":"Rixe sanglante entre ados, squatteurs voleurs de bijoux et jardins rouverts\u2026 l\u2019info \u00e0 midi en \u00cele-de-France"},"content":{"rendered":"<p>                    Par<br \/>\n        <strong><br \/>\n            <a href=\"https:\/\/actu.fr\/auteur\/redaction-essonne\" title=\"Consulter tous les articles de R\u00e9daction Essonne\" target=\"_blank\" rel=\"noopener\">R\u00e9daction Essonne<\/a><br \/>\n                    <\/strong><\/p>\n<p>        Publi\u00e9 le<\/p>\n<p>            28 janv. 2026 \u00e0 12h09        <\/p>\n<p>Quels sont les principaux titres de l\u2019actualit\u00e9 en \u00cele-de-France ce mercredi 28\u00a0janvier 2026\u2009? En Seine-et-Marne, l\u2019auteur pr\u00e9sum\u00e9 d\u2019un coup de couteau a \u00e9t\u00e9 arr\u00eat\u00e9 plusieurs semaines apr\u00e8s la rixe sanglante dans le quartier de la gare de Fontainebleau-Avon. <strong>Il est \u00e2g\u00e9 de 14\u00a0ans.<\/strong><\/p>\n<p class=\" wall-content\">Dans les Yvelines, un couple a \u00e9t\u00e9 jug\u00e9, non pour avoir squatt\u00e9 une maison aux Mureaux. Mais bien pour s\u2019\u00eatre empar\u00e9s des rares bijoux de la <strong>propri\u00e9taire qui \u00e9tait d\u00e9c\u00e9d\u00e9e.<\/strong><\/p>\n<p class=\" wall-content\">\u00c0 Paris, les jardins de l\u2019h\u00f4pital d\u2019instruction des arm\u00e9es du Val-de-Gr\u00e2ce, situ\u00e9 boulevard du Port-Royal, dans le 5\u1d49 arrondissement de Paris,<strong> rouvrent au public.<\/strong><\/p>\n<p class=\" wall-content\">Dans le Val-de-Marne, un ancien g\u00e9rant d\u2019une sup\u00e9rette Franprix \u00e0 Saint-Mand\u00e9 est <strong>accus\u00e9 par plusieurs employ\u00e9es de viols,<\/strong> mais aussi de harc\u00e8lement sexuel.<\/p>\n<p class=\" wall-content\">Enfin, dans le Val-d\u2019Oise, Jo\u00eblle l\u2019habitante de Montmorency, disparue depuis le 5\u00a0janvier<strong>, a \u00e9t\u00e9 retrouv\u00e9e<\/strong> mardi au niveau de la commune de Montlignon.<\/p>\n<p>Les infos \u00e0 retenir<\/p>\n<p class=\"expresso-item wall-content\"><strong>Seine-et-Marne \u2013 <\/strong><a title=\"Lire l&#039;article\" href=\"https:\/\/actu.fr\/ile-de-france\/fontainebleau_77186\/rixe-sanglante-en-seine-et-marne-un-ado-de-14-ans-arrete-pour-avoir-assene-un-coup-de-couteau_63758836.html\" target=\"_blank\" rel=\"noopener\"><strong>Rixe sanglante\u2009: un ado de 14\u00a0ans arr\u00eat\u00e9 pour avoir ass\u00e9n\u00e9 un coup de couteau<\/strong><\/a><br \/>Plusieurs semaines apr\u00e8s la rixe sanglante dans le quartier de la gare de Fontainebleau-Avon, l\u2019auteur pr\u00e9sum\u00e9 d\u2019un coup de couteau a \u00e9t\u00e9 arr\u00eat\u00e9. Il est \u00e2g\u00e9 de 14\u00a0ans.<\/p>\n<p class=\"expresso-item wall-content\"><strong>Yvelines \u2013<\/strong><a title=\"Lire l&#039;article\" href=\"https:\/\/actu.fr\/ile-de-france\/les-mureaux_78440\/yvelines-les-squatteurs-en-profitent-pour-voler-les-bijoux-dune-femme-morte_63756949.html\" target=\"_blank\" rel=\"noopener\"><strong> Les squatteurs en profitent pour voler les bijoux d\u2019une femme morte<\/strong><\/a><br \/>Un couple a \u00e9t\u00e9 jug\u00e9, non pour avoir squatt\u00e9 une maison aux Mureaux (Yvelines). Mais bien pour s\u2019\u00eatre empar\u00e9s des rares bijoux de la propri\u00e9taire qui \u00e9tait d\u00e9c\u00e9d\u00e9e.<\/p>\n<p class=\"expresso-item wall-content\"><strong>Paris \u2013 <\/strong><a title=\"Lire l&#039;article\" href=\"https:\/\/actu.fr\/ile-de-france\/paris_75056\/fermes-dix-ans-ces-immenses-jardins-sur-un-site-historique-en-plein-coeur-de-paris-rouvrent-au-public_63757547.html\" target=\"_blank\" rel=\"noopener\"><strong>Ferm\u00e9s dix ans, ces immenses jardins sur un site historique en plein c\u0153ur de la capitale rouvrent au public<\/strong><\/a><br \/>Ils repr\u00e9sentent d\u00e9sormais le 2e plus grand espace vert de la capitale\u2009: les jardins de l\u2019ancien h\u00f4pital militaire du Val-de-Gr\u00e2ce, dans le 5e, rouvrent ce 28\u00a0janvier 2026.<\/p>\n<p class=\"expresso-item wall-content\"><strong>Val-de-Marne \u2013 <\/strong><a title=\"Lire l&#039;article\" href=\"https:\/\/actu.fr\/ile-de-france\/saint-mande_94067\/viols-avec-arme-harcelement-sexuel-a-saint-mande-le-gerant-du-franprix-accuse-d-etre-un-predateur_63732539.html\" target=\"_blank\" rel=\"noopener\"><strong>Viols avec arme, harc\u00e8lement sexuel\u2026 \u00c0 Saint-Mand\u00e9, le g\u00e9rant du Franprix accus\u00e9 d\u2019\u00eatre un pr\u00e9dateur<\/strong><\/a><br \/>Ce mercredi 28\u00a0janvier 2026 s\u2019ouvre \u00e0 Cr\u00e9teil le proc\u00e8s d\u2019un ancien g\u00e9rant de Franprix \u00e0 Saint-Mand\u00e9 qui aurait viol\u00e9 et harcel\u00e9 ses employ\u00e9es pendant plusieurs ann\u00e9es.<\/p>\n<p class=\"expresso-item wall-content\"><strong>Val-d\u2019Oise \u2013<\/strong><a title=\"Lire l&#039;article\" href=\"https:\/\/actu.fr\/ile-de-france\/montmorency_95428\/disparue-depuis-trois-semaines-joelle-a-ete-retrouvee-sans-vie-en-foret-de-montmorency_63758554.html\" target=\"_blank\" rel=\"noopener\"><strong> Disparue depuis trois semaines, Jo\u00eblle a \u00e9t\u00e9 retrouv\u00e9e sans vie en for\u00eat de Montmorency<\/strong><\/a><br \/>L\u2019habitante de Montmorency (Val-d\u2019Oise) a \u00e9t\u00e9 retrouv\u00e9e ce mardi au niveau de la commune de Montlignon. Jo\u00eblle avait disparu depuis le 5\u00a0janvier.<\/p>\n<p>Suivez-nous pour en savoir plus\u2009!<\/p>\n<p class=\" wall-content wall-content\">Vous voulez plus d\u2019infos sur l\u2019\u00cele-de-France\u2009? Vous pouvez nous retrouver sur actu \u00cele-de-France. Pour nous suivre sur les r\u00e9seaux sociaux, dans vos d\u00e9partements\u2009:<\/p>\n<p class=\" wall-content wall-content\"><strong>Paris<\/strong>\u2009: retrouvez\u00a0actu\u00a0Paris\u00a0sur\u00a0<a href=\"https:\/\/www.facebook.com\/actufr.paris\/\" target=\"_blank\" rel=\"noopener\">Facebook<\/a>\u00a0et\u00a0<a href=\"https:\/\/twitter.com\/actufrparis\" target=\"_blank\" rel=\"noopener\">Twitter<\/a>\u2009;<br \/><strong>Seine-et-Marne<\/strong>\u2009: retrouvez\u00a0La R\u00e9publique de Seine-et-Marne (sud) sur\u00a0<a href=\"https:\/\/www.facebook.com\/RepubliqueSeineMarne\/\" target=\"_blank\" rel=\"noopener\">Facebook<\/a>\u00a0et\u00a0<a href=\"https:\/\/twitter.com\/LaRep77\" target=\"_blank\" rel=\"noopener\">Twitter<\/a>\u2009; La Marne (nord) sur\u00a0<a href=\"https:\/\/www.facebook.com\/journallarmarne\/?__tn__=%2Cd%2CP-R&amp;eid=ARDLZc91LaHbXzDwChLLLQJVMBLx_ABJremTC2-RG0CYvg0f4f8CLvbV5G1Lli4g_6QoXDcKkU1_LX1W\" target=\"_blank\" rel=\"noopener\">Facebook<\/a>\u00a0et\u00a0<a href=\"https:\/\/twitter.com\/JournalLaMarne\" target=\"_blank\" rel=\"noopener\">Twitter<\/a>\u2009; et\u00a0Le Pays Briard\u00a0sur\u00a0<a href=\"https:\/\/www.facebook.com\/LePaysBriard\/?ref=bookmarks\" target=\"_blank\" rel=\"noopener\">Facebook<\/a>\u00a0et\u00a0<a href=\"https:\/\/twitter.com\/LePaysBriard\" target=\"_blank\" rel=\"noopener\">Twitter<\/a>\u2009;<br \/><strong>Yvelines\u2009:<\/strong> retrouvez\u00a078actu\u00a0sur\u00a0<a href=\"https:\/\/www.facebook.com\/78actu\/\" target=\"_blank\" rel=\"noopener\">Facebook<\/a>\u00a0et\u00a0<a href=\"https:\/\/x.com\/78actu\">Twitter<\/a>\u2009;<br \/><strong>Essonne\u2009:<\/strong> retrouvez\u00a0actu Essonne\u00a0sur\u00a0<a href=\"https:\/\/www.facebook.com\/actuessonne\/?ref=br_rs\" target=\"_blank\" rel=\"noopener\">Facebook<\/a>\u00a0et\u00a0<a href=\"https:\/\/twitter.com\/ActuEssonne\" target=\"_blank\" rel=\"noopener\">Twitter<\/a>\u2009;<br \/><strong>Hauts-de-Seine\u2009:<\/strong> retrouvez\u00a0actu\u00a0Hauts-de-Seine\u00a0sur\u00a0<a href=\"https:\/\/www.facebook.com\/actufr.hautsdeseine\/\" target=\"_blank\" rel=\"noopener\">Facebook<\/a>\u00a0et\u00a0<a href=\"https:\/\/twitter.com\/actufr92\" target=\"_blank\" rel=\"noopener\">Twitter<\/a>\u2009;<br \/><strong>Seine-Saint-Denis\u2009:<\/strong> retrouvez actu Seine-Saint-Denis sur\u00a0<a href=\"https:\/\/www.facebook.com\/actufr.seinesaintdenis\/\" target=\"_blank\" rel=\"noopener\">Facebook<\/a>\u00a0et\u00a0<a href=\"https:\/\/x.com\/Actufr93\">Twitter<\/a>\u2009;<br \/><strong>Val-de-Marne\u2009: <\/strong>retrouvez actu Val-de-Marne sur\u00a0<a href=\"https:\/\/www.facebook.com\/actu94.valdemarne\/\" target=\"_blank\" rel=\"noopener\">Facebook<\/a>\u00a0et\u00a0<a href=\"https:\/\/x.com\/actufr94\">Twitter<\/a>\u2009;<br \/><strong>Val-d\u2019Oise\u2009: <\/strong>retrouvez La Gazette du Val-d\u2019Oise sur\u00a0<a href=\"https:\/\/x.com\/actufr94\">Twitter<\/a><\/p>\n<p class=\" wall-content\">Personnalisez votre actualit\u00e9 en ajoutant vos villes et m\u00e9dias en favori avec <a href=\"https:\/\/moncompte.actu.fr\" title=\"D\u00e9couvez Mon Actu\" rel=\"nofollow noopener\" data-trk=\"{&quot;cta&quot;:{&quot;action&quot;:&quot;https:\\\/\\\/moncompte.actu.fr&quot;,&quot;category&quot;:&quot;mon compte&quot;,&quot;from&quot;:&quot;article footer&quot;,&quot;name&quot;:&quot;Mon actu&quot;,&quot;type&quot;:&quot;cta&quot;}}\" target=\"_blank\">Mon Actu<\/a>.<\/p>\n<p>                    <script async src=\"https:\/\/platform.twitter.com\/widgets.js\" charset=\"utf-8\"><\/script><\/p>\n","protected":false},"excerpt":{"rendered":"Par R\u00e9daction Essonne Publi\u00e9 le 28 janv. 2026 \u00e0 12h09 Quels sont les principaux titres de l\u2019actualit\u00e9 en&hellip;\n","protected":false},"author":2,"featured_media":694956,"comment_status":"","ping_status":"","sticky":false,"template":"","format":"standard","meta":{"footnotes":""},"categories":[1592],"tags":[1111,11,1777,674,1011,27,662,303,12,626,2551,1072,25,104],"class_list":{"0":"post-694955","1":"post","2":"type-post","3":"status-publish","4":"format-standard","5":"has-post-thumbnail","7":"category-ile-de-france","8":"tag-actu","9":"tag-actualites","10":"tag-eu","11":"tag-europe","12":"tag-fr","13":"tag-france","14":"tag-ile-de-france","15":"tag-justice","16":"tag-news","17":"tag-paris","18":"tag-patrimoine","19":"tag-police","20":"tag-republique-francaise","21":"tag-societe"},"share_on_mastodon":{"url":"https:\/\/pubeurope.com\/@fr\/115972701168853751","error":""},"_links":{"self":[{"href":"https:\/\/www.europesays.com\/fr\/wp-json\/wp\/v2\/posts\/694955","targetHints":{"allow":["GET"]}}],"collection":[{"href":"https:\/\/www.europesays.com\/fr\/wp-json\/wp\/v2\/posts"}],"about":[{"href":"https:\/\/www.europesays.com\/fr\/wp-json\/wp\/v2\/types\/post"}],"author":[{"embeddable":true,"href":"https:\/\/www.europesays.com\/fr\/wp-json\/wp\/v2\/users\/2"}],"replies":[{"embeddable":true,"href":"https:\/\/www.europesays.com\/fr\/wp-json\/wp\/v2\/comments?post=694955"}],"version-history":[{"count":0,"href":"https:\/\/www.europesays.com\/fr\/wp-json\/wp\/v2\/posts\/694955\/revisions"}],"wp:featuredmedia":[{"embeddable":true,"href":"https:\/\/www.europesays.com\/fr\/wp-json\/wp\/v2\/media\/694956"}],"wp:attachment":[{"href":"https:\/\/www.europesays.com\/fr\/wp-json\/wp\/v2\/media?parent=694955"}],"wp:term":[{"taxonomy":"category","embeddable":true,"href":"https:\/\/www.europesays.com\/fr\/wp-json\/wp\/v2\/categories?post=694955"},{"taxonomy":"post_tag","embeddable":true,"href":"https:\/\/www.europesays.com\/fr\/wp-json\/wp\/v2\/tags?post=694955"}],"curies":[{"name":"wp","href":"https:\/\/api.w.org\/{rel}","templated":true}]}}