{"id":694995,"date":"2026-01-28T12:46:16","date_gmt":"2026-01-28T12:46:16","guid":{"rendered":"https:\/\/www.europesays.com\/fr\/694995\/"},"modified":"2026-01-28T12:46:16","modified_gmt":"2026-01-28T12:46:16","slug":"le-premier-hollywood-francais-est-construit-en-seine-et-marne-par-un-cabinet-darchitectes-de-dreux","status":"publish","type":"post","link":"https:\/\/www.europesays.com\/fr\/694995\/","title":{"rendered":"Le premier \u00ab Hollywood fran\u00e7ais \u00bb est construit en Seine-et-Marne par un cabinet d\u2019architectes de Dreux"},"content":{"rendered":"<p class=\"paragraph text_align_left lp-f-body-02\">\u00ab Nous assurons la transition entre le monde du cin\u00e9ma et de l\u2019audiovisuel et celui du b\u00e2timent et des travaux publics \u00bb, explique en pr\u00e9ambule Philippe Giroux, l\u2019architecte drouais qui dirige le cabinet AMJ \u00e0 Dreux (<a href=\"https:\/\/www.leparisien.fr\/eure-et-loir-28\/\" target=\"_blank\" rel=\"noreferrer noopener\">Eure-et-Loir<\/a>) et r\u00e9alise le premier <a href=\"https:\/\/www.leparisien.fr\/seine-et-marne-77\/bientot-douze-studios-de-cinema-a-coulommiers-bienvenue-a-hollywood-en-brie-28-01-2023-K5MKYBWBBVATDA6X2JLHX2NOOQ.php\" target=\"_blank\" rel=\"noopener\">Hollywood fran\u00e7ais<\/a> \u00e0 Maisoncelles-en-Brie (Seine-et-Marne) pr\u00e8s de Coulommiers, sur une ancienne base de l\u2019Otan.<\/p>\n<p class=\"\">\u00ab Nous sommes l\u2019interface entre les chefs d\u00e9corateurs, la production et les r\u00e9alisateurs. Tout est con\u00e7u, notamment les d\u00e9cors ext\u00e9rieurs et int\u00e9rieurs, avec eux. Nous intervenons sur les questions r\u00e9glementaires et de s\u00e9curit\u00e9. Nous r\u00e9pondons aussi \u00e0 un cahier des charges qui tend \u00e0 d\u00e9carboner la production cin\u00e9matographique ou audiovisuelle fran\u00e7aise et \u00e0 la rendre plus p\u00e9renne que par le pass\u00e9 \u00bb, continue-t-il.<\/p>\n<p><img decoding=\"async\" class=\"image \" loading=\"lazy\" src=\"https:\/\/www.europesays.com\/fr\/wp-content\/uploads\/2026\/01\/NENRESFQ6VCXZD5BJSATAJ4GNY.jpg\" alt=\"Philippe Giroux et son \u00e9quipe d'architectes sont fin pr\u00eats pour construire les studios sur le site de Seine-et-Marne qui accueille d\u00e9j\u00e0 les d\u00e9cors ext\u00e9rieurs. LP\/Gilles Motteau\" align=\"\" data-rubrique-principale=\"\" data-article-type=\"\" fetchpriority=\"auto\"\/>Philippe Giroux et son \u00e9quipe d&rsquo;architectes sont fin pr\u00eats pour construire les studios sur le site de Seine-et-Marne qui accueille d\u00e9j\u00e0 les d\u00e9cors ext\u00e9rieurs. LP\/Gilles Motteau<\/p>\n<p class=\"\">Philippe Giroux et son cabinet d\u2019architectes, AMJ, travaillent \u00e0 l\u2019\u00e9dification d\u2019un site de quelque 50 ha consacr\u00e9 \u00e0 la production de fictions et de publicit\u00e9s fran\u00e7aises ou \u00e9trang\u00e8res. Et ce pour le compte <a href=\"https:\/\/www.leparisien.fr\/val-de-marne-94\/cinema-series-pubs-comment-lile-de-france-compte-rester-la-premiere-terre-de-tournage-francaise-16-01-2026-TTCDJHY7BVDR5BJGGGU3VPOVO4.php\" target=\"_blank\" rel=\"noreferrer noopener\">du groupe TSF, un des acteurs majeurs du secteur<\/a> depuis 1979. \u00ab Nous travaillons depuis de nombreuses ann\u00e9es avec eux \u00bb, rappelle Philippe Giroux. \u00ab Nous avons construit leur si\u00e8ge social, Plaine Saint-Denis en Seine-Saint-Denis. \u00bb<\/p>\n<p>Zidane film\u00e9 pour la c\u00e9r\u00e9monie d\u2019ouverture des JO<\/p>\n<p class=\"\">\u00ab Cette fois, TSF nous a command\u00e9s, dans un premier temps, un fac-simil\u00e9 des rues de Paris r\u00e9parties sur 1,5 ha, en ext\u00e9rieur \u00bb, d\u00e9taille l\u2019architecte. <a href=\"https:\/\/www.leparisien.fr\/seine-et-marne-77\/des-rues-de-paris-sortent-de-terre-en-seine-et-marne-plongee-dans-des-decors-de-cinema-permanents-uniques-13-03-2024-UB75VDF2TNAFJAHHSMKFTF2YNU.php\" target=\"_blank\" rel=\"noreferrer noopener\">Un kilom\u00e8tre de fa\u00e7ades<\/a> permet toutes sortes de d\u00e9ambulations \u00e0 pied, en voitures, ou par tout autre moyen de locomotion \u00e0 travers les art\u00e8res haussmanniennes de la capitale fran\u00e7aise. Arcades, boutiques, terrasses de caf\u00e9s et autres escaliers de c\u00e9l\u00e8bres quartiers comme Montmartre figurent en bonne place dans ce gigantesque d\u00e9cor.<\/p>\n<p class=\"\">\u00ab Les conditions de tournage dans Paris sont compliqu\u00e9es et parfois trop on\u00e9reuses, poursuit Philippe Giroux. C\u2019est pour \u00e7a que TSF nous a sollicit\u00e9s pour recr\u00e9er ce backlot (NDLR : une plate-forme de d\u00e9cors des rues parisiennes). Ainsi un r\u00e9alisateur peut effectuer un plan travelling de 8 minutes en voiture sans repasser par le m\u00eame endroit \u00bb. L\u2019un des tout premiers utilisateurs de ce d\u00e9cor n\u2019est autre que Thomas Jolly, le metteur en sc\u00e8ne des JO Paris 2024. Deux sc\u00e8nes du clip du prologue de la c\u00e9r\u00e9monie d\u2019ouverture ont \u00e9t\u00e9 r\u00e9alis\u00e9es ici, montrant <a href=\"https:\/\/www.leparisien.fr\/jo-paris-2024\/ceremonie-douverture-des-jo-2024-pour-zidane-cetait-une-premiere-dans-le-metro-parisien-27-07-2024-XJQNVMEBBNBAPK4SEBBKCPQSJU.php\" target=\"_blank\" rel=\"noreferrer noopener\">Zin\u00e9dine Zidane<\/a> courant, flambeau \u00e0 la main, \u00e0 travers un Paris vintage.<\/p>\n<p>Un projet \u00e0 100 millions d\u2019euros<\/p>\n<p class=\"\">\u00c0 ce jour, l\u2019ensemble des d\u00e9cors ext\u00e9rieurs reproduisant Paris \u00e0 l\u2019\u00e9chelle 1 sont construits. Le co\u00fbt de cette premi\u00e8re tranche est de 15 millions d\u2019euros. Restent les studios et leurs plateaux int\u00e9rieurs de tournage et autres locaux administratifs ou d\u00e9di\u00e9s au maquillage et aux costumes. \u00ab Nous entamons cette phase de construction en 2026 \u00bb, confirme Philippe Giroux. \u00ab Nous allons construire douze studios de tailles diff\u00e9rentes dont les surfaces varient entre 800 et 4 000 m2. Ils seront positionn\u00e9s les uns \u00e0 c\u00f4t\u00e9 des autres et communiqueront entre eux de fa\u00e7on \u00e0 optimiser leurs usages. En revanche le projet ne pr\u00e9voit pas d\u2019h\u00e9bergement sur le site. \u00bb<\/p>\n<p class=\"\">Co\u00fbt global du projet, int\u00e9rieur et ext\u00e9rieur : 100 millions d\u2019euros. Cet outil unique en France b\u00e9n\u00e9ficie d\u2019un soutien financier dans le cadre du dispositif France 2030. Sa r\u00e9alisation s\u2019affiche durable, p\u00e9renne.<\/p>\n<p class=\"\">\u00ab Nous nous situons dans une d\u00e9marche d\u2019\u00e9conomie circulaire \u00bb, souligne Philippe Giroux. \u00ab Notre volont\u00e9 commune avec TSF est de participer \u00e0 la d\u00e9carbonation du cin\u00e9ma et de l\u2019audiovisuel. Nous construisons des b\u00e2timents performants d\u2019un point de vue \u00e9nerg\u00e9tique. Tous les studios seront \u00e9quip\u00e9s de capteurs solaires qui doivent nous permettre de produire la moiti\u00e9 de l\u2019\u00e9lectricit\u00e9 n\u00e9cessaire aux tournages. Nous utilisons des mat\u00e9riaux biosourc\u00e9s. Enfin il est pr\u00e9vu de recycler et valoriser la grande majorit\u00e9 des d\u00e9chets du site. Y compris tous les \u00e9l\u00e9ments de d\u00e9cors qui trop longtemps ont \u00e9chapp\u00e9 \u00e0 ce type de d\u00e9marche et \u00e9taient jet\u00e9s. \u00bb<\/p>\n","protected":false},"excerpt":{"rendered":"\u00ab Nous assurons la transition entre le monde du cin\u00e9ma et de l\u2019audiovisuel et celui du b\u00e2timent et&hellip;\n","protected":false},"author":2,"featured_media":694996,"comment_status":"","ping_status":"","sticky":false,"template":"","format":"standard","meta":{"footnotes":""},"categories":[1358],"tags":[917,1348,1384,1385,872,459,1386,58,59,26844,1011,27],"class_list":{"0":"post-694995","1":"post","2":"type-post","3":"status-publish","4":"format-standard","5":"has-post-thumbnail","7":"category-arts-et-design","8":"tag-actu-locale","9":"tag-arts","10":"tag-arts-and-design","11":"tag-arts-et-design","12":"tag-culture-et-loisirs","13":"tag-departements-horsidfo","14":"tag-design","15":"tag-divertissement","16":"tag-entertainment","17":"tag-eure-et-loir-28","18":"tag-fr","19":"tag-france"},"share_on_mastodon":{"url":"https:\/\/pubeurope.com\/@fr\/115972799410289139","error":""},"_links":{"self":[{"href":"https:\/\/www.europesays.com\/fr\/wp-json\/wp\/v2\/posts\/694995","targetHints":{"allow":["GET"]}}],"collection":[{"href":"https:\/\/www.europesays.com\/fr\/wp-json\/wp\/v2\/posts"}],"about":[{"href":"https:\/\/www.europesays.com\/fr\/wp-json\/wp\/v2\/types\/post"}],"author":[{"embeddable":true,"href":"https:\/\/www.europesays.com\/fr\/wp-json\/wp\/v2\/users\/2"}],"replies":[{"embeddable":true,"href":"https:\/\/www.europesays.com\/fr\/wp-json\/wp\/v2\/comments?post=694995"}],"version-history":[{"count":0,"href":"https:\/\/www.europesays.com\/fr\/wp-json\/wp\/v2\/posts\/694995\/revisions"}],"wp:featuredmedia":[{"embeddable":true,"href":"https:\/\/www.europesays.com\/fr\/wp-json\/wp\/v2\/media\/694996"}],"wp:attachment":[{"href":"https:\/\/www.europesays.com\/fr\/wp-json\/wp\/v2\/media?parent=694995"}],"wp:term":[{"taxonomy":"category","embeddable":true,"href":"https:\/\/www.europesays.com\/fr\/wp-json\/wp\/v2\/categories?post=694995"},{"taxonomy":"post_tag","embeddable":true,"href":"https:\/\/www.europesays.com\/fr\/wp-json\/wp\/v2\/tags?post=694995"}],"curies":[{"name":"wp","href":"https:\/\/api.w.org\/{rel}","templated":true}]}}