{"id":694997,"date":"2026-01-28T12:48:12","date_gmt":"2026-01-28T12:48:12","guid":{"rendered":"https:\/\/www.europesays.com\/fr\/694997\/"},"modified":"2026-01-28T12:48:12","modified_gmt":"2026-01-28T12:48:12","slug":"free-bert-cest-quoi-cette-serie-netflix-qui-ne-compte-que-6-episodes","status":"publish","type":"post","link":"https:\/\/www.europesays.com\/fr\/694997\/","title":{"rendered":"Free Bert : C&rsquo;est quoi cette s\u00e9rie Netflix qui ne compte que 6 \u00e9pisodes ?"},"content":{"rendered":"<p>Ajout\u00e9e au catalogue Netflix le 22 janvier 2026, la s\u00e9rie Free Bert a int\u00e9gr\u00e9 le classement des s\u00e9ries les plus vues du moment sur la plateforme. Mais de quoi parle cette nouvelle fiction de six \u00e9pisodes ?<\/p>\n<p>En ce moment, le classement des s\u00e9ries les plus regard\u00e9es sur Netflix conna\u00eet pas mal de mouvements. <a href=\"https:\/\/www.programme-tv.net\/news\/series-tv\/396554-un-montant-completement-derisoire-alex-honnold-se-confie-sur-le-prix-paye-par-netflix-pour-escalader-sans-corde-l-un-des-gratte-ciels-les-plus-hauts-au-monde\/\" data-api-deeplink=\"teleloisirs:\/\/news\/396554\" target=\"_blank\" rel=\"noopener\">Apr\u00e8s avoir d\u00e9couvert en direct l\u2019ascension d\u2019Alex Honnold de l\u2019un des plus hauts gratte-ciel du monde situ\u00e9 \u00e0 Taipei, \u00e0 Ta\u00efwan<\/a>, l\u2019\u00e9mission est en replay et elle est d\u00e9sormais dixi\u00e8me du top 10. \u00c0 quelques heures de la <a href=\"https:\/\/www.programme-tv.net\/news\/series-tv\/353627-la-chronique-des-bridgerton-saison-4-netflix-couple-principal-casting-intrigues-les-premieres-infos\/\" data-api-deeplink=\"teleloisirs:\/\/news\/353627\" target=\"_blank\" rel=\"noopener\">saison 4 des Bridgerton<\/a>, la s\u00e9rie a fait un retour triomphal dans le classement en se hissant \u00e0 la neuvi\u00e8me place. Le podium, lui, est compos\u00e9 des Sept cadrans d\u2019Agatha Christie qui est troisi\u00e8me, <a href=\"https:\/\/www.programme-tv.net\/news\/series-tv\/396379-reve-de-glace-netflix-ma-vie-avec-les-walter-boys-dans-le-monde-du-patinage-vous-allez-devorer-cette-serie\/\" data-api-deeplink=\"teleloisirs:\/\/news\/396379\" target=\"_blank\" rel=\"noopener\">R\u00eave de glace, \u00e0 la place num\u00e9ro 2, met en lumi\u00e8re le monde du patinage artistique<\/a>, et His &amp; Hers est toujours num\u00e9ro 1 du classement. <a href=\"https:\/\/www.programme-tv.net\/news\/series-tv\/396066-his-hers-pas-de-saison-2-prevue-pour-la-serie-netflix-mais\/\" data-api-deeplink=\"teleloisirs:\/\/news\/396066\" target=\"_blank\" rel=\"noopener\">Malgr\u00e9 le succ\u00e8s de cette derni\u00e8re s\u00e9rie, une saison 2 n\u2019est pas \u00e0 l\u2019ordre du jour pour le g\u00e9ant de la SVOD.<\/a><\/p>\n<p>                        De quoi parle Free Bert, cette s\u00e9rie d\u00e9cal\u00e9e \u00e0 voir sur Netflix ?<\/p>\n<p>Dans ce classement se trouve aussi une toute nouvelle s\u00e9rie sign\u00e9e Netflix : il s\u2019agit de Free Bert, mise en ligne le 22 janvier dernier.<b> <\/b>Port\u00e9e par Bert Kreischer, qui joue son propre r\u00f4le, la s\u00e9rie est compos\u00e9e de six \u00e9pisodes. L\u2019histoire d\u00e9bute apr\u00e8s son \u00e9viction brutale d\u2019une \u00e9mission de t\u00e9l\u00e9vision apr\u00e8s avoir tenu des propos inappropri\u00e9s hors antenne alors qu\u2019un micro \u00e9tait rest\u00e9 ouvert. Un licenciement qui marque un tournant pour Bert Kreischer, qui passe de plus en plus de temps \u00e0 la maison et qui se heurte \u00e0 la cohabitation avec sa femme. Ses filles, elles, sont accept\u00e9es dans une \u00e9cole priv\u00e9e hupp\u00e9e de Beverly Hills. Un univers bien loin de leur monde, o\u00f9 r\u00e8gne plut\u00f4t la grossi\u00e8ret\u00e9. Bert Kreischer d\u00e9cide alors de temp\u00e9rer ses exc\u00e8s et d\u2019enfouir sa vraie nature pour mieux s\u2019int\u00e9grer.<\/p>\n<p>\u00c0 ce jour, Free Bert est sixi\u00e8me du classement des s\u00e9ries les plus vues du moment en France. Selon le site FlixPatrol, la nouvelle s\u00e9rie Netflix occupe \u00e9galement cette m\u00eame place dans le top 10 mondial et se hisse ainsi juste devant Stranger Things dont le final a \u00e9t\u00e9 d\u00e9voil\u00e9 le 1er janvier 2026 sur la plateforme de streaming. En seulement 6 \u00e9pisodes, il ne vous faudra donc que 2h30 pour rattraper l&rsquo;int\u00e9gralit\u00e9 de Free Bert sur Netflix.<\/p>\n<p>Article \u00e9crit avec la collaboration de 6m\u00e9dias.<\/p>\n","protected":false},"excerpt":{"rendered":"Ajout\u00e9e au catalogue Netflix le 22 janvier 2026, la s\u00e9rie Free Bert a int\u00e9gr\u00e9 le classement des s\u00e9ries&hellip;\n","protected":false},"author":2,"featured_media":694998,"comment_status":"","ping_status":"","sticky":false,"template":"","format":"standard","meta":{"footnotes":""},"categories":[1356],"tags":[2083,244,58,59,1011,27,79069,79068,127,1722,129,252,1364],"class_list":{"0":"post-694997","1":"post","2":"type-post","3":"status-publish","4":"format-standard","5":"has-post-thumbnail","7":"category-television","8":"tag-bandes-annonces","9":"tag-commentaire","10":"tag-divertissement","11":"tag-entertainment","12":"tag-fr","13":"tag-france","14":"tag-free-bert","15":"tag-free-bert-2026","16":"tag-netflix","17":"tag-pub-streaming-netflix","18":"tag-svod","19":"tag-television","20":"tag-tv"},"share_on_mastodon":{"url":"https:\/\/pubeurope.com\/@fr\/115972807342110004","error":""},"_links":{"self":[{"href":"https:\/\/www.europesays.com\/fr\/wp-json\/wp\/v2\/posts\/694997","targetHints":{"allow":["GET"]}}],"collection":[{"href":"https:\/\/www.europesays.com\/fr\/wp-json\/wp\/v2\/posts"}],"about":[{"href":"https:\/\/www.europesays.com\/fr\/wp-json\/wp\/v2\/types\/post"}],"author":[{"embeddable":true,"href":"https:\/\/www.europesays.com\/fr\/wp-json\/wp\/v2\/users\/2"}],"replies":[{"embeddable":true,"href":"https:\/\/www.europesays.com\/fr\/wp-json\/wp\/v2\/comments?post=694997"}],"version-history":[{"count":0,"href":"https:\/\/www.europesays.com\/fr\/wp-json\/wp\/v2\/posts\/694997\/revisions"}],"wp:featuredmedia":[{"embeddable":true,"href":"https:\/\/www.europesays.com\/fr\/wp-json\/wp\/v2\/media\/694998"}],"wp:attachment":[{"href":"https:\/\/www.europesays.com\/fr\/wp-json\/wp\/v2\/media?parent=694997"}],"wp:term":[{"taxonomy":"category","embeddable":true,"href":"https:\/\/www.europesays.com\/fr\/wp-json\/wp\/v2\/categories?post=694997"},{"taxonomy":"post_tag","embeddable":true,"href":"https:\/\/www.europesays.com\/fr\/wp-json\/wp\/v2\/tags?post=694997"}],"curies":[{"name":"wp","href":"https:\/\/api.w.org\/{rel}","templated":true}]}}