{"id":694999,"date":"2026-01-28T12:49:10","date_gmt":"2026-01-28T12:49:10","guid":{"rendered":"https:\/\/www.europesays.com\/fr\/694999\/"},"modified":"2026-01-28T12:49:10","modified_gmt":"2026-01-28T12:49:10","slug":"julien-lepers-revele-ce-que-lui-rapporte-la-chanson-pour-le-plaisir-chaque-mois","status":"publish","type":"post","link":"https:\/\/www.europesays.com\/fr\/694999\/","title":{"rendered":"Julien Lepers r\u00e9v\u00e8le ce que lui rapporte la chanson Pour le Plaisir chaque mois"},"content":{"rendered":"<p>    Julien Lepers dans \u00abLe Jet de Jordan De Luxe\u00bb.<br \/>\n                Capture d&rsquo;\u00e9cran Youtube.<\/p>\n<p>\n    <strong>VID\u00c9O<\/strong> &#8211; Invit\u00e9 de l\u2019\u00e9mission \u00abLe Jet de Luxe\u00bb sur Youtube, l\u2019ancien animateur de \u00abQuestions pour un champion\u00bb s\u2019est exprim\u00e9 sur les droits d\u2019auteur qu\u2019il per\u00e7oit, notamment gr\u00e2ce \u00e0 la chanson d\u2019Herbert L\u00e9onard qu\u2019il a compos\u00e9e.<\/p>\n<p class=\"fig-paragraph\">Plus de tabou pour<a href=\"https:\/\/www.lefigaro.fr\/tag\/julien-lepers?msockid=1762d01ad8396f7608dbc6f4d9686efe\" target=\"_blank\" rel=\"noopener\" data-gtm-custom-categorie=\"navigation\" data-gtm-custom-action=\"crossclick\" data-gtm-custom-label=\"Contextuel\" data-gtm-event=\"customEventSPE\">\u00a0Julien Lepers<\/a>, invit\u00e9 dans \u00abLe Jet de luxe\u00bb sur Youtube. L\u2019animateur phare de<a href=\"https:\/\/tvmag.lefigaro.fr\/programme-tv\/programme\/questions-pour-un-champion-d561581000\" target=\"_blank\" rel=\"noopener\" data-gtm-custom-categorie=\"navigation\" data-gtm-custom-action=\"crossclick\" data-gtm-custom-label=\"Contextuel\" data-gtm-event=\"customEventSPE\">\u00a0\u00abQuestions pour un champion\u00bb<\/a>\u00a0pendant pr\u00e8s de 30 ans a r\u00e9pondu aux questions de\u00a0<a href=\"https:\/\/www.lefigaro.fr\/tag\/jordan-de-luxe?msockid=1762d01ad8396f7608dbc6f4d9686efe\" target=\"_blank\" rel=\"noopener\" data-gtm-custom-categorie=\"navigation\" data-gtm-custom-action=\"crossclick\" data-gtm-custom-label=\"Contextuel\" data-gtm-event=\"customEventSPE\">Jordan de Luxe.\u00a0<\/a>\u00a0Dans la vid\u00e9o publi\u00e9e lundi 26 janvier 2026 sur Youtube, l\u2019ancienne vedette du service public, d\u00e9sormais \u00e0 la retraite, a r\u00e9v\u00e9l\u00e9 une partie de ses revenus mensuels.<\/p>\n<p class=\"fig-paragraph\">Julien\u00a0Lepers a non seulement \u00e9t\u00e9 pr\u00e9sentateur sur\u00a0<a href=\"https:\/\/tvmag.lefigaro.fr\/programme-tv\/chaine\/80\/tous-les-programmes-de-france-3\" target=\"_blank\" rel=\"noopener\" data-gtm-custom-categorie=\"navigation\" data-gtm-custom-action=\"crossclick\" data-gtm-custom-label=\"Contextuel\" data-gtm-event=\"customEventSPE\">France 3<\/a>\u00a0mais \u00e9galement le compositeur pour de nombreux chanteurs\u00a0comme\u00a0<a href=\"https:\/\/www.lefigaro.fr\/tag\/michel-delpech?msockid=1762d01ad8396f7608dbc6f4d9686efe\" target=\"_blank\" rel=\"noopener\" data-gtm-custom-categorie=\"navigation\" data-gtm-custom-action=\"crossclick\" data-gtm-custom-label=\"Contextuel\" data-gtm-event=\"customEventSPE\">Michel Delpech<\/a>,\u00a0<a href=\"https:\/\/www.lefigaro.fr\/tag\/sylvie-vartan?msockid=1762d01ad8396f7608dbc6f4d9686efe\" target=\"_blank\" rel=\"noopener\" data-gtm-custom-categorie=\"navigation\" data-gtm-custom-action=\"crossclick\" data-gtm-custom-label=\"Contextuel\" data-gtm-event=\"customEventSPE\">Sylvie Vartan<\/a>\u00a0ou encore\u00a0<a href=\"https:\/\/www.lefigaro.fr\/tag\/herbert-leonard?msockid=1762d01ad8396f7608dbc6f4d9686efe\" target=\"_blank\" rel=\"noopener\" data-gtm-custom-categorie=\"navigation\" data-gtm-custom-action=\"crossclick\" data-gtm-custom-label=\"Contextuel\" data-gtm-event=\"customEventSPE\">Herbert L\u00e9onard<\/a>. Pour ce dernier, il a compos\u00e9 Pour le plaisir, disque d\u2019or, et Amoureux Fous.<\/p>\n<blockquote class=\"fig-quote&#10;    \">\n<p class=\"fig-quote__text\">Je demande \u00e0 mon comptable de me donner 6 000 ou 7 000 euros par mois<\/p>\n<p>            Julien Lepers\n    <\/p><\/blockquote>\n<p>                                                                <a class=\"fig-a11y-skip\" href=\"#fig-a11y-skip-main-inarticle\" data-module=\"a11y-skip\" data-context=\"was @visible\"><br \/>\n    Passer la publicit\u00e9<br \/>\n<\/a>            <\/p>\n<p class=\"fig-paragraph\">\u00c0 76 ans, ces activit\u00e9s secondaires lui permettent de vivre confortablement. Gr\u00e2ce aux chansons qu\u2019il a compos\u00e9es dans les ann\u00e9es 1980, il per\u00e7oit une r\u00e9mun\u00e9ration comprise entre 10.000 et 15.000 euros par mois. \u00abL\u00e9g\u00e8rement moins que \u00e7a quand m\u00eame. Mais \u00e7a d\u00e9pend des moments\u00bb, r\u00e9pond Julien Lepers \u00e0 Jordan De Luxe. Le septuag\u00e9naire d\u00e9clare demander \u00e0 son comptable de lui verser \u00ab 6 000 ou 7 000 euros par moi\u00bb. \u00ab\u00c7a, c\u2019est pour moi et le reste il le garde et il paye les imp\u00f4ts avec. Apr\u00e8s on fait le point \u00e0 la fin de l\u2019ann\u00e9e et on voit ce qu\u2019il reste\u00bb, ajoute-t-il. La disparition d\u2019Herbert L\u00e9onard en 2025 a fait accro\u00eetre ses royalties. \u00abLes radios ont beaucoup pass\u00e9 les chansons donc \u00e7a fait des droits d\u2019auteur\u00bb, souligne-t-il encore.<\/p>\n<p class=\"fig-body-link\">\n            \u00c0 lire aussi<br \/>\n        <a class=\"fig-body-link__link\" href=\"http:\/\/tvmag.lefigaro.fr\/programme-tv\/actu-tele\/il-se-savait-malade-et-fragile-julien-lepers-evoque-la-disparition-de-son-ami-herbert-leonard-20250303\" target=\"_blank\" data-fig-type=\"Article\" rel=\"noopener\" data-gtm-custom-categorie=\"navigation\" data-gtm-custom-action=\"crossclick\" data-gtm-custom-label=\"Contextuel\" data-gtm-event=\"customEventSPE\" data-fig-domain=\"TVMAG\"><\/p>\n<p>        \u00abIl se savait malade et fragile\u00bb\u00a0: Julien Lepers \u00e9voque la disparition de son ami Herbert L\u00e9onard<br \/>\n    <\/a>\n<\/p>\n<p>                                                                800 euros par \u00e9mission<\/p>\n<p class=\"fig-paragraph\">Au cours de l\u2019interview avec le chroniqueur de\u00a0\u00abTout beau, tout n9uf\u00bb\u00a0<a href=\"https:\/\/www.lefigaro.fr\/tag\/w9\" target=\"_blank\" rel=\"noopener\" data-gtm-custom-categorie=\"navigation\" data-gtm-custom-action=\"crossclick\" data-gtm-custom-label=\"Contextuel\" data-gtm-event=\"customEventSPE\">W9<\/a>, Julien Lepers a \u00e9galement r\u00e9v\u00e9l\u00e9 la somme qu\u2019il gagnait \u00e0 l\u2019\u00e9poque quand il pr\u00e9sentait quotidiennement \u00abQuestions pour un champion\u00bb. \u00ab800 euros par \u00e9mission\u00bb, indique l\u2019int\u00e9ress\u00e9, multipli\u00e9 par \u00ab6 \u00e9missions par jour\u00bb, donc \u00ab24 \u00e9missions en 4 jours\u00bb, r\u00e9sume-t-il sans d\u00e9tour. L\u2019animateur recevait ainsi 4 800 \u20ac par journ\u00e9e de tournage. \u00ab Tu divises tout par 2 tout ce que tu gagnes et tu donnes aux imp\u00f4ts\u00bb, souligne l\u2019ancien candidat de la saison 7 de\u00a0<a href=\"https:\/\/www.lefigaro.fr\/tag\/danse-avec-les-stars\" target=\"_blank\" rel=\"noopener\" data-gtm-custom-categorie=\"navigation\" data-gtm-custom-action=\"crossclick\" data-gtm-custom-label=\"Contextuel\" data-gtm-event=\"customEventSPE\">\u00abDanse avec les stars\u00bb<\/a>. \u00abJe ne me suis jamais plaint\u00bb, confie le p\u00e8re de famille concernant son rythme de l\u2019\u00e9poque.<\/p>\n<p class=\"fig-paragraph\">En parall\u00e8le, celui qui a \u00e9t\u00e9 \u00e9vinc\u00e9 de France 3 en 2016 affirme avoir b\u00e2ti un patrimoine immobilier important. \u00abTu ne penses pas \u00e0 ce que tu gagnes, tu penses \u00e0 ce que tu vas en faire\u00bb, insiste Julien Lepers sur la situation. \u00abMais il y a plein de trucs \u00e0 payer. C\u2019est fragile tout \u00e7a\u00bb, pr\u00e9cise-il.<\/p>\n","protected":false},"excerpt":{"rendered":"Julien Lepers dans \u00abLe Jet de Jordan De Luxe\u00bb. Capture d&rsquo;\u00e9cran Youtube. VID\u00c9O &#8211; Invit\u00e9 de l\u2019\u00e9mission \u00abLe&hellip;\n","protected":false},"author":2,"featured_media":695000,"comment_status":"","ping_status":"","sticky":false,"template":"","format":"standard","meta":{"footnotes":""},"categories":[1355],"tags":[58,59,1011,27,876,1361,873,11254],"class_list":{"0":"post-694999","1":"post","2":"type-post","3":"status-publish","4":"format-standard","5":"has-post-thumbnail","7":"category-musique","8":"tag-divertissement","9":"tag-entertainment","10":"tag-fr","11":"tag-france","12":"tag-france-3","13":"tag-music","14":"tag-musique","15":"tag-salaires"},"share_on_mastodon":{"url":"https:\/\/pubeurope.com\/@fr\/115972811251656504","error":""},"_links":{"self":[{"href":"https:\/\/www.europesays.com\/fr\/wp-json\/wp\/v2\/posts\/694999","targetHints":{"allow":["GET"]}}],"collection":[{"href":"https:\/\/www.europesays.com\/fr\/wp-json\/wp\/v2\/posts"}],"about":[{"href":"https:\/\/www.europesays.com\/fr\/wp-json\/wp\/v2\/types\/post"}],"author":[{"embeddable":true,"href":"https:\/\/www.europesays.com\/fr\/wp-json\/wp\/v2\/users\/2"}],"replies":[{"embeddable":true,"href":"https:\/\/www.europesays.com\/fr\/wp-json\/wp\/v2\/comments?post=694999"}],"version-history":[{"count":0,"href":"https:\/\/www.europesays.com\/fr\/wp-json\/wp\/v2\/posts\/694999\/revisions"}],"wp:featuredmedia":[{"embeddable":true,"href":"https:\/\/www.europesays.com\/fr\/wp-json\/wp\/v2\/media\/695000"}],"wp:attachment":[{"href":"https:\/\/www.europesays.com\/fr\/wp-json\/wp\/v2\/media?parent=694999"}],"wp:term":[{"taxonomy":"category","embeddable":true,"href":"https:\/\/www.europesays.com\/fr\/wp-json\/wp\/v2\/categories?post=694999"},{"taxonomy":"post_tag","embeddable":true,"href":"https:\/\/www.europesays.com\/fr\/wp-json\/wp\/v2\/tags?post=694999"}],"curies":[{"name":"wp","href":"https:\/\/api.w.org\/{rel}","templated":true}]}}