{"id":695006,"date":"2026-01-28T12:53:10","date_gmt":"2026-01-28T12:53:10","guid":{"rendered":"https:\/\/www.europesays.com\/fr\/695006\/"},"modified":"2026-01-28T12:53:10","modified_gmt":"2026-01-28T12:53:10","slug":"charlotte-casiraghi-et-dimitri-rassam-separes-a-nouveau-en-couple-elle-a-quitte-monaco-et-officialise-pudiquement","status":"publish","type":"post","link":"https:\/\/www.europesays.com\/fr\/695006\/","title":{"rendered":"Charlotte Casiraghi et Dimitri Rassam s\u00e9par\u00e9s : \u00e0 nouveau en couple, elle a quitt\u00e9 Monaco et officialise pudiquement"},"content":{"rendered":"<p><a href=\"https:\/\/www.closermag.fr\/bio-people\/biographie-charlotte-casiraghi-112803\" target=\"_blank\" rel=\"noopener\"><br \/>\nLa princesse mon\u00e9gasque de 39 ans<\/a> a choisi de quitter le Rocher<br \/>\npour s&rsquo;installer dans la capitale fran\u00e7aise. Ce changement radical<br \/>\nde vie intervient alors qu\u2019elle publie son premier ouvrage<br \/>\npersonnel intitul\u00e9 <strong>La F\u00ealure , en librairie ce 29<br \/>\njanvier 2026<\/strong>. Dans ce livre, la fille de Caroline de<br \/>\nMonaco s&rsquo;\u00e9loigne des paillettes pour livrer une r\u00e9flexion<br \/>\nphilosophique sur les \u00e9preuves de l&rsquo;existence et l&rsquo;identit\u00e9.<\/p>\n<p>Fid\u00e8le \u00e0 sa r\u00e9putation de femme discr\u00e8te, elle a longtemps<br \/>\nprot\u00e9g\u00e9 son jardin secret face \u00e0 la curiosit\u00e9 m\u00e9diatique. Mais lors<br \/>\nd\u2019une rencontre avec nos confr\u00e8res de Lib\u00e9ration,<br \/>\nCharlotte Casiraghi a fini par l\u00e2cher quelques confidences sur sa<br \/>\nsituation actuelle. Elle a ainsi confirm\u00e9 qu&rsquo;elle ne vivait plus<br \/>\nseule. Elle a confirm\u00e9 qu\u2019elle r\u00e9sidait \u00e0 Paris depuis peu et<br \/>\npartage d\u00e9sormais son quotidien avec un nouveau compagnon.<\/p>\n<p>Une nouvelle vie parisienne<\/p>\n<p>M\u00eame si elle n&rsquo;a pas nomm\u00e9 officiellement l&rsquo;\u00e9lu de son c\u0153ur,<br \/>\ntout semble pointer vers <strong>l&rsquo;\u00e9crivain Nicolas<br \/>\nMathieu<\/strong>. Le prix Goncourt 2018 appara\u00eet r\u00e9guli\u00e8rement \u00e0<br \/>\nses c\u00f4t\u00e9s, depuis 2024. Le duo s\u2019affiche librement, avec une belle<br \/>\ncomplicit\u00e9. Ils ont r\u00e9cemment \u00e9t\u00e9 photographi\u00e9s par <a href=\"https:\/\/www.parismatch.com\/people\/charlotte-casiraghi-et-nicolas-mathieu-les-photos-exclusives-dun-roman-damour-235483\" target=\"_blank\" rel=\"noopener\"><br \/>\nParis Match<\/a>.<\/p>\n<p>M\u00e8re de deux gar\u00e7ons, n\u00e9s de ses unions pass\u00e9es avec Gad Elmaleh<br \/>\net <a href=\"https:\/\/www.closermag.fr\/royautes\/se-battre-intense-premiere-prise-de-parole-de-charlotte-casiraghi-divorcee-de-dimitri-rassam-3475654\" target=\"_blank\" rel=\"noopener\"><br \/>\nDimitri Rassam<\/a>, elle g\u00e8re sa c\u00e9l\u00e9brit\u00e9 avec prudence. Elle<br \/>\navoue que son statut de princesse est un h\u00e9ritage complexe \u00e0 porter<br \/>\nau quotidien. Dans son essai, elle \u00e9crit d&rsquo;ailleurs avec beaucoup<br \/>\nde lucidit\u00e9 : <strong>\u201cCes privil\u00e8ges sont ma chance et je n&rsquo;en<br \/>\nretire aucune fiert\u00e9, puisque j&rsquo;en b\u00e9n\u00e9ficie sans qu&rsquo;ils soient le<br \/>\nfruit d&rsquo;aucun m\u00e9rite\u201d.<\/strong><\/p>\n<p>Un besoin de s\u00e9r\u00e9nit\u00e9\u00a0<\/p>\n<p>La ni\u00e8ce du prince Albert II a toujours lutt\u00e9 contre<br \/>\nl&rsquo;exposition de sa vie priv\u00e9e. La vie sentimentale de la princesse<br \/>\na connu plusieurs chapitres importants. <strong>Elle a d&rsquo;abord eu<br \/>\nun fils, Rapha\u00ebl,<\/strong> <a href=\"https:\/\/www.closermag.fr\/people\/je-me-moque-gad-elmaleh-grincant-sur-sa-vie-avec-son-ex-charlotte-casiraghi-et-sa-mere-3581166\" target=\"_blank\" rel=\"noopener\"><br \/>\n<strong>avec Gad Elmaleh en 2013<\/strong><\/a><strong>,<\/strong><br \/>\navant d&rsquo;\u00e9pouser Dimitri Rassam en 2018. Le couple, qui a eu un<br \/>\npetit Balthazar la m\u00eame ann\u00e9e, s&rsquo;est finalement s\u00e9par\u00e9 en 2023.<br \/>\nAujourd&rsquo;hui, Charlotte Casiraghi semble avoir trouv\u00e9 un nouvel<br \/>\n\u00e9quilibre \u00e0 Paris.\u00a0<\/p>\n<p>La princesse est toujours en qu\u00eate de s\u00e9r\u00e9nit\u00e9. \u00c0 cela<br \/>\ns&rsquo;accompagne une r\u00e9flexion profonde sur les rapports humains. Comme<br \/>\nelle l&rsquo;a confi\u00e9 dans un texte pour <a href=\"https:\/\/www.closermag.fr\/royautes\/charlotte-casiraghi-plaisir-sadique-la-fille-de-caroline-de-monaco-surprend-3552974\" target=\"_blank\" rel=\"noopener\"><br \/>\nMadame Figaro en juin 2025<\/a>. L&rsquo;ancienne compagne de Gad Elmaleh<br \/>\nregrette la violence des mots, notant que \u201cparfois, il y a<br \/>\ncomme un plaisir sadique \u00e0 \u2018dire les quatre v\u00e9rit\u00e9s\u2019, \u00e0 figer les<br \/>\nchoses d\u2019une mani\u00e8re telle que l\u2019autre ne pourra que se sentir<br \/>\nviolent\u00e9\u201d. C&rsquo;est avec cette m\u00eame lucidit\u00e9 qu&rsquo;elle envisage son<br \/>\nr\u00f4le de m\u00e8re, sans chercher \u00e0 l&rsquo;id\u00e9aliser malgr\u00e9 son absence de<br \/>\n\u00ab\u00a0baby blues\u00a0\u00bb, explique l\u2019article de Lib\u00e9ration.<br \/>\nCette philosophie l&rsquo;aide \u00e0 prot\u00e9ger son nouveau foyer parisien,<br \/>\nloin du Palais princier.\u00a0<\/p>\n","protected":false},"excerpt":{"rendered":"La princesse mon\u00e9gasque de 39 ans a choisi de quitter le Rocher pour s&rsquo;installer dans la capitale fran\u00e7aise.&hellip;\n","protected":false},"author":2,"featured_media":695007,"comment_status":"","ping_status":"","sticky":false,"template":"","format":"standard","meta":{"footnotes":""},"categories":[8],"tags":[21303,58,59,1011,27,70426,65861],"class_list":{"0":"post-695006","1":"post","2":"type-post","3":"status-publish","4":"format-standard","5":"has-post-thumbnail","7":"category-divertissement","8":"tag-buzz_nonli","9":"tag-divertissement","10":"tag-entertainment","11":"tag-fr","12":"tag-france","13":"tag-marfeel_news","14":"tag-trend"},"share_on_mastodon":{"url":"https:\/\/pubeurope.com\/@fr\/115972827050009132","error":""},"_links":{"self":[{"href":"https:\/\/www.europesays.com\/fr\/wp-json\/wp\/v2\/posts\/695006","targetHints":{"allow":["GET"]}}],"collection":[{"href":"https:\/\/www.europesays.com\/fr\/wp-json\/wp\/v2\/posts"}],"about":[{"href":"https:\/\/www.europesays.com\/fr\/wp-json\/wp\/v2\/types\/post"}],"author":[{"embeddable":true,"href":"https:\/\/www.europesays.com\/fr\/wp-json\/wp\/v2\/users\/2"}],"replies":[{"embeddable":true,"href":"https:\/\/www.europesays.com\/fr\/wp-json\/wp\/v2\/comments?post=695006"}],"version-history":[{"count":0,"href":"https:\/\/www.europesays.com\/fr\/wp-json\/wp\/v2\/posts\/695006\/revisions"}],"wp:featuredmedia":[{"embeddable":true,"href":"https:\/\/www.europesays.com\/fr\/wp-json\/wp\/v2\/media\/695007"}],"wp:attachment":[{"href":"https:\/\/www.europesays.com\/fr\/wp-json\/wp\/v2\/media?parent=695006"}],"wp:term":[{"taxonomy":"category","embeddable":true,"href":"https:\/\/www.europesays.com\/fr\/wp-json\/wp\/v2\/categories?post=695006"},{"taxonomy":"post_tag","embeddable":true,"href":"https:\/\/www.europesays.com\/fr\/wp-json\/wp\/v2\/tags?post=695006"}],"curies":[{"name":"wp","href":"https:\/\/api.w.org\/{rel}","templated":true}]}}