{"id":695037,"date":"2026-01-28T13:09:26","date_gmt":"2026-01-28T13:09:26","guid":{"rendered":"https:\/\/www.europesays.com\/fr\/695037\/"},"modified":"2026-01-28T13:09:26","modified_gmt":"2026-01-28T13:09:26","slug":"grenoble-une-seance-de-dedicaces-deric-reinhardt-le-jeudi-29-janvier","status":"publish","type":"post","link":"https:\/\/www.europesays.com\/fr\/695037\/","title":{"rendered":"Grenoble. Une s\u00e9ance de d\u00e9dicaces d\u2019\u00c9ric Reinhardt le jeudi 29\u00a0janvier"},"content":{"rendered":"<p>\u00c9ric Reinhardt vient pr\u00e9senter son dernier r\u00e9cit, L\u2019Imparfait , publi\u00e9 aux \u00e9ditions Stock dans la collection \u201cMa nuit au mus\u00e9e\u201d, le jeudi 29\u00a0janvier \u00e0 19\u00a0h, \u00e0 la librairie Le Square \u00e0 Grenoble. \u00c0 partir de la statue de l\u2019Hermaphrodite de la galleria Borghese \u00e0 Rome, qui le fascine, Reinhardt explore ici la nature profonde de cette \u0153uvre, en y m\u00ealant l\u2019histoire d\u2019amour hors-norme entre la chanteuse Gloria, r\u00e9incarnation contemporaine d\u2019Hermaphrodite, et Bruno, dentiste d\u00e9senchant\u00e9. \u00c9ric Reinhardt a notamment publi\u00e9 L\u2019Amour et les for\u00eats , prix Renaudot des lyc\u00e9ens et prix des \u00e9tudiants France Culture T\u00e9l\u00e9rama.<\/p>\n<p class=\"note\">Jeudi 29\u00a0janvier \u00e0 19\u00a0h, \u00e0 la librairie Le Square. Renseignements au 04\u00a076\u00a046\u00a061\u00a063.<\/p>\n","protected":false},"excerpt":{"rendered":"\u00c9ric Reinhardt vient pr\u00e9senter son dernier r\u00e9cit, L\u2019Imparfait , publi\u00e9 aux \u00e9ditions Stock dans la collection \u201cMa nuit&hellip;\n","protected":false},"author":2,"featured_media":695038,"comment_status":"","ping_status":"","sticky":false,"template":"","format":"standard","meta":{"footnotes":""},"categories":[9566],"tags":[1111,11,2430,1687,112,1777,674,1011,27,2731,2732,108,12,25,3140],"class_list":{"0":"post-695037","1":"post","2":"type-post","3":"status-publish","4":"format-standard","5":"has-post-thumbnail","7":"category-grenoble","8":"tag-actu","9":"tag-actualites","10":"tag-auvergne-rhone-alpes","11":"tag-culture-loisirs","12":"tag-edition-grenoble-agglomeration","13":"tag-eu","14":"tag-europe","15":"tag-fr","16":"tag-france","17":"tag-grenoble","18":"tag-grenoble-bassin","19":"tag-isere","20":"tag-news","21":"tag-republique-francaise","22":"tag-spectacle"},"share_on_mastodon":{"url":"https:\/\/pubeurope.com\/@fr\/115972890367473366","error":""},"_links":{"self":[{"href":"https:\/\/www.europesays.com\/fr\/wp-json\/wp\/v2\/posts\/695037","targetHints":{"allow":["GET"]}}],"collection":[{"href":"https:\/\/www.europesays.com\/fr\/wp-json\/wp\/v2\/posts"}],"about":[{"href":"https:\/\/www.europesays.com\/fr\/wp-json\/wp\/v2\/types\/post"}],"author":[{"embeddable":true,"href":"https:\/\/www.europesays.com\/fr\/wp-json\/wp\/v2\/users\/2"}],"replies":[{"embeddable":true,"href":"https:\/\/www.europesays.com\/fr\/wp-json\/wp\/v2\/comments?post=695037"}],"version-history":[{"count":0,"href":"https:\/\/www.europesays.com\/fr\/wp-json\/wp\/v2\/posts\/695037\/revisions"}],"wp:featuredmedia":[{"embeddable":true,"href":"https:\/\/www.europesays.com\/fr\/wp-json\/wp\/v2\/media\/695038"}],"wp:attachment":[{"href":"https:\/\/www.europesays.com\/fr\/wp-json\/wp\/v2\/media?parent=695037"}],"wp:term":[{"taxonomy":"category","embeddable":true,"href":"https:\/\/www.europesays.com\/fr\/wp-json\/wp\/v2\/categories?post=695037"},{"taxonomy":"post_tag","embeddable":true,"href":"https:\/\/www.europesays.com\/fr\/wp-json\/wp\/v2\/tags?post=695037"}],"curies":[{"name":"wp","href":"https:\/\/api.w.org\/{rel}","templated":true}]}}