{"id":695050,"date":"2026-01-28T13:17:11","date_gmt":"2026-01-28T13:17:11","guid":{"rendered":"https:\/\/www.europesays.com\/fr\/695050\/"},"modified":"2026-01-28T13:17:11","modified_gmt":"2026-01-28T13:17:11","slug":"des-pluies-torrentielles-sabattent-sur-les-alpes-maritimes-la-vigilance-jaune-prolongee","status":"publish","type":"post","link":"https:\/\/www.europesays.com\/fr\/695050\/","title":{"rendered":"Des pluies torrentielles s\u2019abattent sur les Alpes-Maritimes, la vigilance jaune prolong\u00e9e"},"content":{"rendered":"<p>\n    \u00c0 Nice comme \u00e0 Antibes, des records de pr\u00e9cipitations ont \u00e9t\u00e9 battus. La vigilance jaune \u00abvagues-submersion\u00bb a \u00e9t\u00e9 prolong\u00e9e jusqu\u2019\u00e0 ce mercredi soir 21 heures tandis que celle pour les avalanches a \u00e9t\u00e9 r\u00e9trograd\u00e9e, malgr\u00e9 un risque toujours \u00e9lev\u00e9.<\/p>\n<p class=\"fig-paragraph\">La pluie est tomb\u00e9e sans rel\u00e2che dans la nuit de mardi \u00e0 mercredi sur les Alpes-Maritimes, et alors que le d\u00e9partement se trouve toujours en\u00a0<a href=\"http:\/\/www.lefigaro.fr\/meteo\/crues-la-bretagne-placee-en-vigilance-orange-des-records-de-pluie-attendus-dans-la-region-20260127\" data-fig-type=\"NewsFlash\" data-gtm-custom-categorie=\"navigation\" data-gtm-custom-action=\"crossclick\" data-gtm-custom-label=\"Contextuel\" data-gtm-event=\"customEventSPE\" data-fig-domain=\"LEFIGARO\" target=\"_blank\" rel=\"noopener\">vigilance jaune<\/a>\u00a0\u00abvagues-submersion\u00bb jusqu\u2019\u00e0 ce soir 21 heures. La vigilance devait originellement \u00eatre lev\u00e9e \u00e0 midi.<\/p>\n<p class=\"fig-paragraph\">Des records de pr\u00e9cipitations ont \u00e9t\u00e9 battus, avec notamment plus de 85,3\u00a0mm de pluie \u00e0 Nice &#8211; l\u2019\u00e9quivalent de plus d\u2019un mois de pluie. Soit du jamais-vu depuis 1994, m\u00eame si le record absolu de 1973, avec 191,4\u00a0mm reste encore bien loin. M\u00eame constat \u00e0\u00a0<a href=\"http:\/\/www.lefigaro.fr\/nice\/antibes-un-jeune-homme-de-21-ans-meurt-en-tentant-d-echapper-a-la-police-apres-une-rixe-20260112\" data-fig-type=\"NewsFlash\" data-gtm-custom-categorie=\"navigation\" data-gtm-custom-action=\"crossclick\" data-gtm-custom-label=\"Contextuel\" data-gtm-event=\"customEventSPE\" data-fig-domain=\"LEFIGARO\" target=\"_blank\" rel=\"noopener\">Antibes<\/a>, o\u00f9 pas moins de 128\u00a0mm de pr\u00e9cipitations ont \u00e9t\u00e9 relev\u00e9s en seulement 24 heures, battant l\u00e0 encore un record datant de janvier 1994.<\/p>\n<p>                                            <a class=\"fig-a11y-skip\" href=\"#fig-a11y-skip-main-inarticle\" data-module=\"a11y-skip\" data-context=\"was @visible\"><br \/>\n    Passer la publicit\u00e9<br \/>\n<\/a>            <\/p>\n<p>                                            Routes coup\u00e9es, risque d\u2019avalanches&#8230;<\/p>\n<p class=\"fig-paragraph\">L\u2019alerte, plus \u00e9lev\u00e9e pour les\u00a0<a href=\"http:\/\/www.lefigaro.fr\/flash-actu\/savoie-un-skieur-espagnol-tue-dans-une-avalanche-alors-qu-il-evoluait-hors-piste-20260126\" data-fig-type=\"NewsFlash\" data-gtm-custom-categorie=\"navigation\" data-gtm-custom-action=\"crossclick\" data-gtm-custom-label=\"Contextuel\" data-gtm-event=\"customEventSPE\" data-fig-domain=\"LEFIGARO\" target=\"_blank\" rel=\"noopener\">avalanches<\/a>, avec une vigilance orange et un risque d\u2019avalanche \u00abfort, de niveau 4\/5\u00bb comme indiqu\u00e9 par la pr\u00e9fecture d\u00e8s mardi soir, est d\u00e9sormais pass\u00e9e un niveau inf\u00e9rieur, en vigilance jaune. \u00abLa neige continue de s\u2019inviter \u00e0 basse altitude sur les reliefs de l\u2019est, tout en perdant progressivement en intensit\u00e9 au fil de la journ\u00e9e de ce mercredi\u00bb, indique La Cha\u00eene M\u00e9t\u00e9o*. Il est ainsi tomb\u00e9 70\u00a0cm de neige \u00e0 Isola 2000, indique la station, qui pr\u00e9cise que son domaine skiable doit d\u2019abord \u00eatre s\u00e9curis\u00e9 du fait du risque d\u2019avalanche. Sur les r\u00e9seaux sociaux, certains internautes azur\u00e9ens ont relev\u00e9 une trentaine de centim\u00e8tres au Mercantour.<\/p>\n<p>    La station d\u2019Isola 2000 indique que la hauteur moyenne de neige sur les pistes atteint 170 cm.<br \/>\n                Bureau d\u2019information d\u2019Isola 2000<\/p>\n<p class=\"fig-paragraph\">En cons\u00e9quence, la circulation \u00e9tait tr\u00e8s compliqu\u00e9e ce mercredi matin sur les routes azur\u00e9ennes. Le\u00a0<a href=\"http:\/\/www.lefigaro.fr\/nice\/on-va-mettre-la-pression-la-colere-des-elus-face-a-l-ouverture-tres-partielle-du-tunnel-de-tende-20251113\" data-fig-type=\"NewsFlash\" data-gtm-custom-categorie=\"navigation\" data-gtm-custom-action=\"crossclick\" data-gtm-custom-label=\"Contextuel\" data-gtm-event=\"customEventSPE\" data-fig-domain=\"LEFIGARO\" target=\"_blank\" rel=\"noopener\">tunnel de Tende<\/a>\u00a0a \u00e9t\u00e9 ferm\u00e9 \u00e0 la circulation, tout comme celui du Cap-Estel, dans les deux sens de circulation et pour une dur\u00e9e ind\u00e9termin\u00e9e. Plus d\u2019une quinzaine de kilom\u00e8tres de bouchons ont aussi \u00e9t\u00e9 recens\u00e9s sur l\u2019autoroute A8, en direction de l\u2019Italie, apr\u00e8s un accident survenu \u00e0 la hauteur de la bretelle d\u2019entr\u00e9e de l\u2019autoroute. Les routes de la\u00a0<a href=\"http:\/\/www.lefigaro.fr\/nice\/les-12-projets-retenus-pour-faire-revivre-la-vallee-de-la-vesubie-apres-les-tempetes-alex-et-aline-20250618\" data-fig-type=\"NewsFlash\" data-gtm-custom-categorie=\"navigation\" data-gtm-custom-action=\"crossclick\" data-gtm-custom-label=\"Contextuel\" data-gtm-event=\"customEventSPE\" data-fig-domain=\"LEFIGARO\" target=\"_blank\" rel=\"noopener\">vall\u00e9e de la V\u00e9subie<\/a>, tout comme celles Tende et Cast\u00e9rino dans\u00a0<a href=\"http:\/\/www.lefigaro.fr\/nice\/alpes-maritimes-les-incendies-de-la-roya-qui-ont-touche-plus-de-300-hectares-sont-enfin-fixes-20250310\" data-fig-type=\"NewsFlash\" data-gtm-custom-categorie=\"navigation\" data-gtm-custom-action=\"crossclick\" data-gtm-custom-label=\"Contextuel\" data-gtm-event=\"customEventSPE\" data-fig-domain=\"LEFIGARO\" target=\"_blank\" rel=\"noopener\">la Roya<\/a>\u00a0ne peuvent \u00eatre emprunt\u00e9es. L\u2019acc\u00e8s aux stations d\u2019Auron et d\u2019Isola 2000 reste tr\u00e8s compliqu\u00e9 et d\u00e9favorable. La pr\u00e9fecture conseille de limiter ses d\u00e9placements et de v\u00e9rifier imp\u00e9rativement l\u2019\u00e9tat du r\u00e9seau routier d\u2019altitude.<\/p>\n<p class=\"fig-paragraph\">*La Cha\u00eene M\u00e9t\u00e9o est une propri\u00e9t\u00e9 du groupe Figaro.<\/p>\n","protected":false},"excerpt":{"rendered":"\u00c0 Nice comme \u00e0 Antibes, des records de pr\u00e9cipitations ont \u00e9t\u00e9 battus. La vigilance jaune \u00abvagues-submersion\u00bb a \u00e9t\u00e9&hellip;\n","protected":false},"author":2,"featured_media":695051,"comment_status":"","ping_status":"","sticky":false,"template":"","format":"standard","meta":{"footnotes":""},"categories":[2819],"tags":[1111,11,73306,1777,674,1011,27,10584,12,2401,4459,882,25],"class_list":{"0":"post-695050","1":"post","2":"type-post","3":"status-publish","4":"format-standard","5":"has-post-thumbnail","7":"category-nice","8":"tag-actu","9":"tag-actualites","10":"tag-avalanche","11":"tag-eu","12":"tag-europe","13":"tag-fr","14":"tag-france","15":"tag-neige","16":"tag-news","17":"tag-nice","18":"tag-pluie","19":"tag-provence-alpes-cote-dazur","20":"tag-republique-francaise"},"share_on_mastodon":{"url":"https:\/\/pubeurope.com\/@fr\/115972921434300238","error":""},"_links":{"self":[{"href":"https:\/\/www.europesays.com\/fr\/wp-json\/wp\/v2\/posts\/695050","targetHints":{"allow":["GET"]}}],"collection":[{"href":"https:\/\/www.europesays.com\/fr\/wp-json\/wp\/v2\/posts"}],"about":[{"href":"https:\/\/www.europesays.com\/fr\/wp-json\/wp\/v2\/types\/post"}],"author":[{"embeddable":true,"href":"https:\/\/www.europesays.com\/fr\/wp-json\/wp\/v2\/users\/2"}],"replies":[{"embeddable":true,"href":"https:\/\/www.europesays.com\/fr\/wp-json\/wp\/v2\/comments?post=695050"}],"version-history":[{"count":0,"href":"https:\/\/www.europesays.com\/fr\/wp-json\/wp\/v2\/posts\/695050\/revisions"}],"wp:featuredmedia":[{"embeddable":true,"href":"https:\/\/www.europesays.com\/fr\/wp-json\/wp\/v2\/media\/695051"}],"wp:attachment":[{"href":"https:\/\/www.europesays.com\/fr\/wp-json\/wp\/v2\/media?parent=695050"}],"wp:term":[{"taxonomy":"category","embeddable":true,"href":"https:\/\/www.europesays.com\/fr\/wp-json\/wp\/v2\/categories?post=695050"},{"taxonomy":"post_tag","embeddable":true,"href":"https:\/\/www.europesays.com\/fr\/wp-json\/wp\/v2\/tags?post=695050"}],"curies":[{"name":"wp","href":"https:\/\/api.w.org\/{rel}","templated":true}]}}