{"id":695082,"date":"2026-01-28T13:35:15","date_gmt":"2026-01-28T13:35:15","guid":{"rendered":"https:\/\/www.europesays.com\/fr\/695082\/"},"modified":"2026-01-28T13:35:15","modified_gmt":"2026-01-28T13:35:15","slug":"un-duel-dati-gregoire-acharne-des-candidats-en-embuscade-et-des-resultats-de-sondages-tres-serres","status":"publish","type":"post","link":"https:\/\/www.europesays.com\/fr\/695082\/","title":{"rendered":"un duel Dati-Gr\u00e9goire acharn\u00e9, des candidats en embuscade et des r\u00e9sultats de sondages tr\u00e8s serr\u00e9s"},"content":{"rendered":"<p class=\"app_entry_lead\">\n<p>                    <a title=\"\" href=\"https:\/\/www.europesays.com\/fr\/wp-content\/uploads\/2026\/01\/85526706.jpg\" class=\"fancy\"><\/p>\n<p>                            <img loading=\"lazy\" decoding=\"async\" src=\"https:\/\/www.europesays.com\/fr\/wp-content\/uploads\/2026\/01\/85526706.jpg\" alt=\"Municipales 2026\u00a0\u00e0 Paris\u00a0: un duel Dati-Gr\u00e9goire acharn\u00e9, des candidats en embuscade et des r\u00e9sultats de sondages tr\u00e8s serr\u00e9s\" width=\"1500\" height=\"1000\"\/><\/p>\n<p>                    <\/a><\/p>\n<p>                                    Les \u00e9lections municipales 2026\u00a0peuvent donner lieu \u00e0 un duel entre le socialiste Emmanuel Gr\u00e9goire et Rachida Dati pour LR, mais d&rsquo;autres candidats sont en mesure de jouer les trouble-f\u00eates au deuxi\u00e8me tour. L&rsquo;issue du scrutin est incertaine selon les r\u00e9sultats des sondages.\n                            <\/p>\n<p>                Je m&rsquo;abonne aux Infos \u00e0 ne pas rater<\/p>\n<p>L&rsquo;essentiel<\/p>\n<ul>&#13;<\/p>\n<li>Les \u00e9lections municipales 2026 \u00e0 Paris auront lieu les 15 et 22 mars. Elles sont particuli\u00e8rement disput\u00e9es par la gauche \u00e0 la t\u00eate de l&rsquo;H\u00f4tel de Ville depuis vingt ans et la droite qui esp\u00e8re reconqu\u00e9rir la capitale.<\/li>\n<p>&#13;<\/p>\n<li>Les principaux candidats aux municipales \u00e0 Paris sont Emmanuel Gr\u00e9goire, le socialiste est \u00e0 la t\u00eate d&rsquo;une union de la gauche excluant LFI repr\u00e9sent\u00e9e par Sophia Chikirou, Rachida Dati pour le camp LR, Pierre-Yves Bournazel pour le camp pr\u00e9sidentiel et Sarah\u00a0Knafo qui s&rsquo;est lanc\u00e9e pour le parti zemmouriste Reconqu\u00eate.<\/li>\n<p>&#13;<\/p>\n<li>Le PS et LR souhaitent instaurer un duel lors des municipales 2026 \u00e0 Paris. Si Emmanuel Gr\u00e9goire et Rachida Dati sont bien donn\u00e9s favoris dans les r\u00e9sultats des sondages, l&rsquo;issue du scrutin est tr\u00e8s incertaine et risque de d\u00e9pendre de la configuration de deuxi\u00e8me tour et d&rsquo;\u00e9ventuelles alliances.<\/li>\n<p>&#13;<\/p>\n<li>Emmanuel Gr\u00e9goire s&rsquo;est oppos\u00e9 \u00e0 tout rapprochement avec la candidate LFI et Rachida Dati a \u00e9cart\u00e9 toute alliance avec Sarah Knafo, mais cette concurrence entre plusieurs listes de gauche et de droite risque de diviser les voix des \u00e9lecteurs et d&rsquo;entra\u00eener la d\u00e9faite dans un camp comme dans l&rsquo;autre.<\/li>\n<p>&#13;\n<\/ul>\n<p>Derni\u00e8res mises \u00e0 jour<\/p>\n<p><a name=\"post1769604077\"\/>13:41 &#8211; \u00ab\u00a0Diviser par deux\u00a0\u00bb les effectifs municipaux permettrait d&rsquo;\u00e9conomiser  milliards d&rsquo;euros selon Sarah Knafo<\/p>\n<p>Une des grandes lignes du programme de Sarah Knafo, candidate Reconqu\u00eate aux municipales \u00e0 Paris est de r\u00e9aliser \u00ab\u00a010 milliards d\u2019euros d\u2019\u00e9conomies en dix ans\u00a0\u00bb, un montant \u00e9quivalent \u00e0 la dette actuelle de la capitale. Un objectif ambitieux que la candidate juge atteignable, en partie gr\u00e2ce \u00e0 une r\u00e9duction drastique des effectifs de la ville. Sarah Knafo a indiqu\u00e9 sur Franceinfo ce mercredi vouloir \u00ab\u00a0diviser par deux\u00a0\u00bb le nombre d&rsquo;agents, actuellement au nombre de 55 000 \u00e0 Paris. La mesure rapporterait, selon elle, \u00ab\u00a0trois milliards d\u2019euros d\u2019\u00e9conomies nettes\u00a0\u00bb. Voyant venir les critiques sur des effectifs insuffisants dans certains secteurs, la candidat assure prot\u00e9ger \u00ab\u00a0deux domaines prioritaires : la petite enfance et la police municipales\u00a0\u00bb qui seraient au contraire renforcer. Cela sous-entendrait toutefois de r\u00e9duire davantage les effectifs d&rsquo;autres services pour renforcer ces deux-l\u00e0.<\/p>\n<p><a name=\"post1769597369\"\/>11:49 &#8211; Emmanuel Gr\u00e9goire saisit l&rsquo;Arcom sur le temps de parole de Rachida Dati<\/p>\n<p>Le candidat du PS aux \u00e9lections municipales \u00e0 Paris,\u00a0Emmanuel Gr\u00e9goire, a saisi\u00a0l\u2019Arcom, l\u2019autorit\u00e9 r\u00e9gulatrice de l\u2019audiovisuel, pour d\u00e9noncer une surexposition de sa rivale de droite, Rachida Dati, dans les m\u00e9dias par rapports aux autres candidats. \u00ab\u00a0Depuis plusieurs semaines, Rachida Dati b\u00e9n\u00e9ficie d\u2019une exposition m\u00e9diatique particuli\u00e8rement intense sur de nombreux m\u00e9dias audiovisuels, et tout particuli\u00e8rement sur les cha\u00eenes d\u2019information en continu\u00a0\u00bb,\u00a0\u00e9crit la socialiste dans une lettre adress\u00e9e au pr\u00e9sident de l\u2019Arcom, Martin Ajdari, rapporte l&rsquo;AFP. Selon lui, \u00ab\u00a0les\u00a0interventions publiques r\u00e9p\u00e9t\u00e9es\u00a0\u00bb de Rachida Dati \u00ab\u00a0s\u2019inscrivent, de mani\u00e8re \u00e9vidente, dans une logique de promotion politique personnelle\u00a0\u00bb et constitue un \u00ab\u00a0d\u00e9s\u00e9quilibre manifeste\u00a0\u00bb du traitement m\u00e9diatique des candidats aux \u00e9lections.<\/p>\n<p><a name=\"post1769537792\"\/>27\/01\/26\u00a0&#8211; 19:16 &#8211; Dati estime qu&rsquo;il y a des \u00ab\u00a0zones de non-droit\u00a0\u00bb \u00e0 Paris<\/p>\n<p>Rachida Dati a \u00e9voqu\u00e9 de nombreux sujets lors de son passage sur le plateau de BFMTV et elle a estim\u00e9 que certains quartier de Paris \u00e9taient devenus des\u00a0\u00ab\u00a0zones de non-droit\u00a0\u00bb ainsi qu&rsquo;un\u00a0\u00ab\u00a0espace public confisqu\u00e9 aux femmes de mani\u00e8re totalement assum\u00e9e\u00a0\u00bb. Un constat sur lequel elle compte agir avec des mesures d\u00e9taill\u00e9es dans un entretien au Figaro donn\u00e9 le mois dernier. Parmi ses mesures, elle pr\u00e9voit la mise en place d&rsquo;un corps de 5 000 policiers municipaux \u00ab\u00a0arm\u00e9s et form\u00e9s \u00e0 la lutte contre la d\u00e9linquance au quotidien\u00a0\u00bb. L&rsquo;objectif affich\u00e9 est d'\u00a0\u00bben finir avec le d\u00e9ni\u00a0\u00bb et de \u00ab\u00a0r\u00e9tablir l&rsquo;autorit\u00e9 partout\u00a0\u00bb.<\/p>\n<p><a name=\"post1769530169\"\/>27\/01\/26\u00a0&#8211; 17:09 &#8211; Pierre-Yves Bournazel attaque Rachida Dati sur la peine d&rsquo;in\u00e9ligibilit\u00e9 qu&rsquo;elle encourt<\/p>\n<p>Invit\u00e9 de Sud Radio ce mardi, Pierre-Yves Bournazel a \u00e9voqu\u00e9 le renvoi en correctionnel de sa concurrente Rachida Dati soup\u00e7onn\u00e9e\u00a0de\u00a0corruption et trafic d\u2019influence aux c\u00f4t\u00e9s de Carlos Ghosn, un \u00ab\u00a0tabou\u00a0\u00bb de la campagne municipale qui est pourtant un \u00ab\u00a0sujet d\u00e9mocratique\u00a0\u00bb selon lui. La maire du VII\u00e8me arrondissement de Paris est \u00ab\u00a0passible d\u2019une peine de prison ferme\u00a0\u00bb et \u00ab\u00a0d\u2019une peine d\u2019in\u00e9ligibilit\u00e9\u00a0\u00bb souligne le candidat du camp pr\u00e9sidentiel : \u00ab\u00a0Ce qui ferait que la maire de Paris \u00e9lue, si elle devait \u00eatre \u00e9lue maire de Paris, ne le serait plus quelques mois plus tard\u00a0\u00bb. Des arguments avanc\u00e9s comme pour discr\u00e9diter la candidature de Rachida Dati : \u00ab\u00a0La question d\u00e9mocratique, c\u2019est pour les Parisiens, est-ce qu\u2019on fait prendre ce risque pour Paris, pour son image ? Et qui serait maire \u00e0 sa place ? Parce qu\u2019\u00eatre maire, \u00e7a ne se fait pas dans le dos des Parisiens\u00a0\u00bb.<\/p>\n<p>Mais la principale int\u00e9ress\u00e9e s&rsquo;est dite \u00ab\u00a0tr\u00e8s confiante\u00a0\u00bb \u00e0 l&rsquo;approche du proc\u00e8s sur le plateau de BFMTV lundi soir, elle assure n&rsquo;avoir \u00ab\u00a0jamais \u00e9t\u00e9 mise en cause pour de l\u2019argent public\u00a0\u00bb,\u00a0mais uniquement dans le cadre de son contrat d\u2019avocate. \u00ab\u00a0Ma probit\u00e9 n&rsquo;a jamais \u00e9t\u00e9 mise en cause\u00a0\u00bb, a-t-elle assur\u00e9.<\/p>\n<p><a name=\"post1769524183\"\/>27\/01\/26\u00a0&#8211; 15:29 &#8211; Dati promet un Paris propre en \u00ab\u00a0une semaine\u00a0\u00bb si elle est \u00e9lue aux municipales 2026<\/p>\n<p>\u00ab\u00a0Je suis \u00e9lue maire de Paris le 22\u00a0mars, le 23, la premi\u00e8re semaine le changement, vous le voyez. D\u2019abord une ville propre\u00a0\u00bb, a assur\u00e9 Rachida Dati lundi soir sur le plateau de BFMTV. La candidate de la droite n&rsquo;a cess\u00e9 de r\u00e9p\u00e9ter que \u00ab\u00a0Paris est sale\u00a0\u00bb et m\u00eame \u00ab\u00a0de plus en plus sale\u00a0\u00bb alors jusqu&rsquo;\u00e0 parler de \u00ab\u00a0secteurs totalement insalubres\u00a0\u00bb. Un reproche de plus fait \u00e0 Anne Hidalgo et auquel elle soutient pouvoir rem\u00e9dier rapidement estimant que c&rsquo;est avant tout \u00ab\u00a0une question d&rsquo;organisation et de coordination\u00a0\u00bb. Comment ? En privatisant annonce Rachida Dati. Selon elle, il faut revoir la collecte des d\u00e9chets qui est\u00a0\u00ab\u00a0un vrai m\u00e9tier avec des enjeux \u00e9cologiques\u00a0\u00bb : \u00ab\u00a0Moi, j&rsquo;assume de dire que la collecte, il faut la privatiser, c&rsquo;est pas le boulot d&rsquo;un maire\u00a0\u00bb.<\/p>\n<p><a name=\"post1769516534\"\/>27\/01\/26\u00a0&#8211; 13:22 &#8211; Dati tranche la question d&rsquo;une alliance politique avec Knafo<\/p>\n<p>Rachida Dati et Sarah Knafo vont-elles faire campagne ensemble pour les municipales \u00e0 Paris au premier ou au second tour ? La question a souvent \u00e9t\u00e9 pos\u00e9e \u00e0 la candidate LR, mais c&rsquo;est seulement lundi soir qu&rsquo;elle a tranch\u00e9 : cela n&rsquo;arrivera pas. Invit\u00e9e sur BFMTV, la maire du VII\u00e8me arrondissement a assur\u00e9 \u00ab\u00a0ne pas \u00eatre dans les accords d&rsquo;appareil\u00a0\u00bb et a \u00e9cart\u00e9 l&rsquo;hypoth\u00e8se d&rsquo;une alliance. Un choix qu&rsquo;elle a justifi\u00e9 par les d\u00e9clarations pass\u00e9es d&rsquo;\u00c9ric Zemmour \u00e0 son \u00e9gard, jugeant que Sarah Knafo et Eric Zemmour \u00ab\u00a0c&rsquo;est le m\u00eame parti, [donc] les m\u00eames id\u00e9es\u00a0\u00bb. Ce dernier lui\u00a0avait notamment reproch\u00e9 en 2016\u00a0d&rsquo;avoir appel\u00e9 sa fille Zohra, un \u00ab\u00a0pr\u00e9nom musulman\u00a0\u00bb.<\/p>\n<p><a name=\"post1769446213\"\/>26\/01\/26\u00a0&#8211; 17:50 &#8211; Gr\u00e9goire pointe la \u00ab\u00a0brutalit\u00e9 de LFI vis-\u00e0-vis de la gauche\u00a0\u00bb<\/p>\n<p>Invit\u00e9 d&rsquo;Europe 1 et CNews ce lundi, Emmanuel Gr\u00e9goire est revenu sur l&rsquo;alliance form\u00e9e \u00e0 gauche pour l&rsquo;\u00e9lection municipale 2026 \u00e0 Paris f\u00e9licitant une \u00ab\u00a0vaste union\u00a0\u00bb. Il a \u00e9galement expliqu\u00e9 l&rsquo;absence de LFI dans cette union en pointant des accointances entre Sophia Chikirou et Rachida Dati : \u00ab\u00a0Elles se connaissent tr\u00e8s bien et \u00e9changent r\u00e9guli\u00e8rement. Tout le monde sait leur relation\u00a0\u00bb, a assur\u00e9 le candidat socialiste. Mais il \u00e9voque aussi \u00ab\u00a0une brutalit\u00e9 de LFI vis-\u00e0-vis de la gauche en g\u00e9n\u00e9ral et du parti socialiste en particulier\u00a0\u00bb. Il y a pourtant d&rsquo;anciens membres de LFI dans l&rsquo;alliance de la gauche \u00e0 Paris \u00e0 l&rsquo;instar de Danielle Simonnet. \u00ab\u00a0La question est : qui est capable de faire des efforts au profit de l&rsquo;union de la gauche ? M\u00e9lenchon ne le peut pas mais tous ceux qui m&rsquo;accompagnent le peuvent., a-t-il indiqu\u00e9 \u00e0 ce sujet.<\/p>\n<p><a name=\"post1769438952\"\/>26\/01\/26\u00a0&#8211; 15:49 &#8211; Chikirou et Dati alli\u00e9s pour battre Gr\u00e9goire ?<\/p>\n<p>Rachida Dati et Sophia Chikirou n&rsquo;ont a priori rien en commun si ce n&rsquo;est leur engagement politique et leur candidature \u00e0 la mairie de Paris. Pourtant, certains strat\u00e8ges politiques croient \u00e0 l&rsquo;existence d&rsquo;une amiti\u00e9 entre les deux femmes ou du moins d&rsquo;une possible entente entre elles pour battre le candidat socialiste, Emmanuel Gr\u00e9goire. \u00ab\u00a0Elles se parlent, elles sont potes. Dati, vous lui envoyez un SMS, elle r\u00e9pond aussit\u00f4t\u00a0\u00bb, glisse un socialiste au <a href=\"https:\/\/www.leparisien.fr\/elections\/municipales\/municipales-2026-a-paris-sophia-chikirou-et-rachida-dati-les-meilleures-ennemies-26-01-2026-BGRLXXGRDFDI5IMIXVSGXG6VCI.php\" target=\"_blank\" rel=\"noopener\">Parisien<\/a>.<\/p>\n<p>\u00ab\u00a0Je ne dirais pas que Rachida Dati et Sophia Chikirou sont amies. Elles ont des \u00e9changes cordiaux\u00a0\u00bb, corrige une proche de la ministre qui fait remarquer que les deux femmes \u00ab\u00a0sont aussi toutes les deux attaqu\u00e9es sur leur caract\u00e8re\u00a0\u00bb, mais n&rsquo;\u00e9voque aucune entente.\u00a0 Du c\u00f4t\u00e9 de l&rsquo;insoumise, on juge Rachida Dati \u00ab\u00a0respectueuse\u00a0\u00bb, mais on d\u00e9ment une quelconque amiti\u00e9. \u00ab\u00a0Je ne la vois qu\u2019\u00e0 l\u2019Assembl\u00e9e nationale, peut-\u00eatre cinq ou six fois. Je l\u2019ai sollicit\u00e9e deux fois, une fois pour un sujet sur ma circonscription, une autre fois pour une proposition de loi, elle ne m\u2019a jamais r\u00e9pondu, confie la d\u00e9put\u00e9e LFI. Je n\u2019ai jamais pris un caf\u00e9 avec Rachida Dati et je n\u2019ai pas besoin d\u2019un deal avec elle, je suis le bon profil pour la battre\u00a0\u00bb, assure Sophia Chikirou. Et la candidate insoumise de s&rsquo;estimer capable de battre Rachida Dati et de conqu\u00e9rir l&rsquo;\u00e9lectorat populaire vis\u00e9 par les deux femmes.<\/p>\n<p><a class=\"app_edito_btn\" href=\"https:\/\/www.linternaute.com\/actualite\/politique\/7706171-municipales-2026a-paris-un-duel-dati-gregoire-acharne-des-candidats-en-embuscade-et-des-resultats-de-sondages-tres-serres\/\" id=\"jLiveMore\" data-sort-time=\"1769438951\" target=\"_blank\" rel=\"noopener\">LIRE PLUS<\/a><\/p>\n<p> Tous les candidats aux municipales de Paris<\/p>\n<ul>&#13;<\/p>\n<li>Liste Lutte ouvri\u00e8re : Marielle Saulnier<\/li>\n<p>&#13;<\/p>\n<li>Liste NPA &#8211; R\u00e9volutionnaires : Blandine Chauvel<\/li>\n<p>&#13;<\/p>\n<li>Liste LFI : Sophia Chikirou<\/li>\n<p>&#13;<\/p>\n<li>Liste d&rsquo;union PS, Ecologistes, PCF, Place publique : Emmanuel Gr\u00e9goire<\/li>\n<p>&#13;<\/p>\n<li>Liste Horizons et Renaissance\u00a0: Pierre-Yves Bournazel<\/li>\n<p>&#13;<\/p>\n<li>Liste LR soutenue par le MoDem : Rachida Dati<\/li>\n<p>&#13;<\/p>\n<li>Liste divers droite : Francis Szpiner<\/li>\n<p>&#13;<\/p>\n<li>Liste Reconqu\u00eate : Sarah Knafo<\/li>\n<p>&#13;<\/p>\n<li>Liste RN : Thierry Mariani<\/li>\n<p>&#13;\n<\/ul>\n<p>&#13;<\/p>\n<p>Gr\u00e2ce \u00e0 l&rsquo;alliance de la gauche, Emmanuel Gr\u00e9goire se hisse en t\u00eate des r\u00e9sultats du premier tour de l&rsquo;\u00e9lection municipales \u00e0 Paris selon le sondage\u00a0Ifop-Fiducial pour Le Parisien, LCI et Sud Radio publi\u00e9 le 24 janvier. Une tendance d\u00e9j\u00e0 observ\u00e9 dans la pr\u00e9c\u00e9dente \u00e9tude\u00a0<a href=\"https:\/\/elabe.fr\/wp-content\/uploads\/2026\/01\/10012026_elabe_bfmtv_la-tribune-dimanche_municipales-2026-paris-1.pdf\" target=\"_blank\" rel=\"noopener\">Elabe-Berger-Levrault<\/a> pour \u202fLa Tribune Dimanche\u202f et BFMTV du 10 janvier. L&rsquo;\u00e9cart est toutefois r\u00e9duit \u00e0 4 points : le PS est cr\u00e9dit\u00e9 de 32% des intentions de vote, contre 28% pour Rachida Dati. L&rsquo;un et l&rsquo;autre distancent largement les concurrents sans les priver d&rsquo;une qualification au deuxi\u00e8me tour : le candidat Horizons Pierre-Yves Bournazel se maintient \u00e0 14% apr\u00e8s une perte de 2 points et l&rsquo;insoumise Sophia Chikirou reste \u00e0 l&rsquo;eau avec 11% des intentions de vote. Une cinqui\u00e8me candidate flirte et se rapproche de la barre des 10% qu&rsquo;il faut atteindre pour concourir lors du deuxi\u00e8me tour.<\/p>\n<p>&#13;<br \/>\n&#13;<br \/>\n&#13;<br \/>\n&#13;<\/p>\n<p>Des scores qui rendent plusieurs sc\u00e9narios possibles et donc l&rsquo;issue du scrutin des municipales 2026 difficiles \u00e0 anticiper \u00e0 Paris. Les r\u00e9sultats des hypoth\u00e8ses test\u00e9es par le sondage Ifop-Fiducial \u00e9voluent en fonction des d\u00e9sistements et\u00a0des \u00e9ventuels reports de voix. Dans une triangulaire entre Gr\u00e9goire, Dati et Bournazel, le candidat socialiste est donn\u00e9 gagnant avec 43% contre 41% pour la maire du VII\u00e8me arrondissement. Dans une triangulaire Gr\u00e9goire, Dati, Chikirou, c&rsquo;est la candidate de droite qui est donn\u00e9e victorieuse avec 45% contre 41% pour son rival socialiste.\u00a0<\/p>\n<p>&#13;<br \/>\n&#13;<\/p>\n<p>Les deux candidats sont en revanche donn\u00e9s \u00e0 \u00e9galit\u00e9 dans l&rsquo;hypoth\u00e8se d&rsquo;un quadrangulaire face \u00e0 Chikirou et Knafo avec 38% des intentions de vote chacun. M\u00eame chose en cas de duel, les deux pr\u00e9tendants \u00e0 la mairie de Paris pourraient engranger 50% des voix chacun&#8230;\u00a0<\/p>\n<p>&#13;<br \/>\n&#13;<\/p>\n<p>Les sondages ne sont qu&rsquo;un reflet d&rsquo;une tendance \u00e0 un instant T et ne pr\u00e9sument pas de l&rsquo;issue des \u00e9lections. L&rsquo;\u00e9tude de l&rsquo;Ifop \u00e9tude a \u00e9t\u00e9 r\u00e9alis\u00e9e du\u00a020 au 23 janvier 2026, aupr\u00e8s d\u2019un \u00e9chantillon de 988\u00a0personnes inscrites sur les listes \u00e9lectorales, extrait d\u2019un \u00e9chantillon de\u00a01 080 personnes, repr\u00e9sentatif de la population parisienne \u00e2g\u00e9e de 18 ans et plus.<\/p>\n<p>&#13;<br \/>\n&#13;<br \/>\n&#13;<br \/>\n&#13;<\/p>\n<p>Le Parlement a d\u00e9finitivement adopt\u00e9 la r\u00e9forme du scrutin municipal, \u00e0 Paris, Lyon et Marseille, jeudi 10\u00a0juillet. Pour les trois plus grandes villes de France. Jusqu&rsquo;ici, les \u00e9lecteurs votaient pour une liste de conseillers dans chaque arrondissement ou secteur. Les \u00e9lus qui \u00e9taient plac\u00e9s en haut de cette liste entraient au conseil municipal de la ville et \u00e9lisaient ensuite le ou la maire.<\/p>\n<p>&#13;<br \/>\n&#13;<\/p>\n<p>Avec ce nouveau suffrage, les \u00e9lecteurs voteront pour leur conseiller municipal comme dans toutes les autres communes de France. Il y aura ensuite une \u00e9lection distincte pour \u00e9lire les maires d&rsquo;arrondissement. Cela se\u00a0passe\u00a0le m\u00eame jour, avec deux urnes diff\u00e9rentes. Les \u00e9lecteurs auront ainsi\u00a0un bulletin de vote pour \u00e9lire les conseillers d\u2019arrondissement, qui \u00e9liront ensuite parmi eux le ou la maire d\u2019arrondissement\u00a0; un bulletin pour \u00e9lire les membres du Conseil de Paris, qui \u00e9liront ensuite parmi eux le ou la maire de Paris.<\/p>\n<p>&#13;<br \/>\n&#13;<\/p>\n<p>Au Conseil de Paris, la liste qui obtient la majorit\u00e9 absolue au premier tour ou arrive en t\u00eate au second tour obtient 25\u00a0% des si\u00e8ges automatiquement, les si\u00e8ges restants sont r\u00e9partis proportionnellement entre toutes les listes ayant obtenu au moins 5\u00a0% des voix.<\/p>\n<p>&#13;<br \/>\n&#13;<\/p>\n<p>Dans les\u00a0conseils d\u2019arrondissement, la liste qui obtient la majorit\u00e9 absolue au premier tour ou arrive en t\u00eate au second tour obtient 50% des si\u00e8ges automatiquement, les si\u00e8ges restants sont r\u00e9partis proportionnellement entre toutes les listes ayant obtenu au moins 5% des voix.<\/p>\n<p>&#13;<\/p>\n","protected":false},"excerpt":{"rendered":"Les \u00e9lections municipales 2026\u00a0peuvent donner lieu \u00e0 un duel entre le socialiste Emmanuel Gr\u00e9goire et Rachida Dati pour&hellip;\n","protected":false},"author":2,"featured_media":695083,"comment_status":"","ping_status":"","sticky":false,"template":"","format":"standard","meta":{"footnotes":""},"categories":[1888],"tags":[11,79075,51761,4188,2761,1777,674,51763,1011,27,12,51767,626,25],"class_list":{"0":"post-695082","1":"post","2":"type-post","3":"status-publish","4":"format-standard","5":"has-post-thumbnail","7":"category-paris","8":"tag-actualites","9":"tag-cms-linternaute-7706171","10":"tag-controller-content","11":"tag-elections-municipales","12":"tag-elections-municipales-2026","13":"tag-eu","14":"tag-europe","15":"tag-format-papier","16":"tag-fr","17":"tag-france","18":"tag-news","19":"tag-parallaxeinfeed","20":"tag-paris","21":"tag-republique-francaise"},"share_on_mastodon":{"url":"https:\/\/pubeurope.com\/@fr\/115972992296902781","error":""},"_links":{"self":[{"href":"https:\/\/www.europesays.com\/fr\/wp-json\/wp\/v2\/posts\/695082","targetHints":{"allow":["GET"]}}],"collection":[{"href":"https:\/\/www.europesays.com\/fr\/wp-json\/wp\/v2\/posts"}],"about":[{"href":"https:\/\/www.europesays.com\/fr\/wp-json\/wp\/v2\/types\/post"}],"author":[{"embeddable":true,"href":"https:\/\/www.europesays.com\/fr\/wp-json\/wp\/v2\/users\/2"}],"replies":[{"embeddable":true,"href":"https:\/\/www.europesays.com\/fr\/wp-json\/wp\/v2\/comments?post=695082"}],"version-history":[{"count":0,"href":"https:\/\/www.europesays.com\/fr\/wp-json\/wp\/v2\/posts\/695082\/revisions"}],"wp:featuredmedia":[{"embeddable":true,"href":"https:\/\/www.europesays.com\/fr\/wp-json\/wp\/v2\/media\/695083"}],"wp:attachment":[{"href":"https:\/\/www.europesays.com\/fr\/wp-json\/wp\/v2\/media?parent=695082"}],"wp:term":[{"taxonomy":"category","embeddable":true,"href":"https:\/\/www.europesays.com\/fr\/wp-json\/wp\/v2\/categories?post=695082"},{"taxonomy":"post_tag","embeddable":true,"href":"https:\/\/www.europesays.com\/fr\/wp-json\/wp\/v2\/tags?post=695082"}],"curies":[{"name":"wp","href":"https:\/\/api.w.org\/{rel}","templated":true}]}}